{"id":80466,"date":"2016-03-01T11:53:56","date_gmt":"2016-03-01T14:53:56","guid":{"rendered":"http:\/\/aconteceunovale.com.br\/portal\/?p=80466"},"modified":"2026-09-02T12:52:10","modified_gmt":"2026-09-02T15:52:10","slug":"homicida-condenado-a-quase-30-anos-de-prisao-e-procurado-pela-policia-de-diamantina","status":"publish","type":"post","link":"https:\/\/aconteceunovale.com.br\/portal\/?p=80466","title":{"rendered":"Homicida condenado a quase 30 anos de pris\u00e3o \u00e9 procurado pela Pol\u00edcia de Diamantina"},"content":{"rendered":"<p>A Delegacia de Mulheres de Diamantina, no Vale do Jequitinhonha, est\u00e1 empenhada na localiza\u00e7\u00e3o e pris\u00e3o de um homicida apenado a quase 30 anos de pris\u00e3o. De acordo com a Delegada Dra. K\u00edria Silva Orlandi, o cidad\u00e3o Ricardo Leonel Lima foi julgado e condenado \u00e0 revelia por praticar um homic\u00eddio duplamente qualificado em dezembro de 2002.<\/p>\n<p>Ainda de acordo com a Delegada, desde 2003 o criminoso encontra-se foragido, tendo sido feitas diversas dilig\u00eancias no sentido de encontr\u00e1-lo. Informa\u00e7\u00f5es que possam contribuir com a pris\u00e3o do foragido podem ser repassadas para os telefones da Delegacia de Mulheres: (38) 3531-1625 \/ (38) 3531-3935 \/ (38) 3531-6650. O denunciante tamb\u00e9m poder\u00e1 utilizar o n\u00famero 181 do Disque Den\u00fancia. N\u00e3o \u00e9 necess\u00e1rio se identificar.<\/p>\n<p><img decoding=\"async\" src=\"http:\/\/aconteceunovale.com.br\/portal\/wp-content\/uploads\/2016\/03\/condenado_dtna.jpg\" alt=\"\" \/><em>Ricardo Leonel Lima &#8211; Foto: Divulga\u00e7\u00e3o \/ Delegacia de Mulheres de Diamantina<\/em><\/p>\n","protected":false},"excerpt":{"rendered":"<p>A Delegacia de Mulheres de Diamantina, no Vale do Jequitinhonha, est\u00e1 empenhada na localiza\u00e7\u00e3o e pris\u00e3o de um homicida apenado a quase 30 anos de pris\u00e3o. De acordo com a Delegada Dra. K\u00edria Silva Orlandi, o cidad\u00e3o Ricardo Leonel Lima foi julgado e condenado \u00e0 revelia por praticar um homic\u00eddio duplamente qualificado em dezembro de [&hellip;]<\/p>\n","protected":false},"author":1,"featured_media":80467,"comment_status":"open","ping_status":"closed","sticky":false,"template":"","format":"standard","meta":{"amp_status":"","footnotes":""},"categories":[272543,120],"tags":[80257,80258,198,80255,80261,80262,80263,80259,80256,80260],"class_list":["post-80466","post","type-post","status-publish","format-standard","has-post-thumbnail","hentry","category-diamantina","category-jequi","tag-delegacia-de-mulheres-de-diamantina","tag-delegada-dra-kiria-silva-orlandi","tag-diamantina","tag-homicida-condenado-a-quase-30-anos-de-prisao-e-procurado-pela-policia-de-diamantina","tag-kareol-cris-da-silva","tag-karol-cris-da-silva","tag-karol-kris-da-silva","tag-kiria-silva-orlandi","tag-procurado-pela-policia-de-diamantina","tag-ricardo-leonel-lima"],"yoast_head":"<!-- This site is optimized with the Yoast SEO plugin v28.3 - https:\/\/yoast.com\/product\/yoast-seo-wordpress\/ -->\n<title>Homicida condenado a quase 30 anos de pris\u00e3o \u00e9 procurado pela Pol\u00edcia de Diamantina - Aconteceu no Vale<\/title>\n<meta name=\"robots\" content=\"index, follow, max-snippet:-1, max-image-preview:large, max-video-preview:-1\" \/>\n<link rel=\"canonical\" href=\"https:\/\/aconteceunovale.com.br\/portal\/?p=80466\" \/>\n<meta property=\"og:locale\" content=\"pt_BR\" \/>\n<meta property=\"og:type\" content=\"article\" \/>\n<meta property=\"og:title\" content=\"Homicida condenado a quase 30 anos de pris\u00e3o \u00e9 procurado pela Pol\u00edcia de Diamantina - Aconteceu no Vale\" \/>\n<meta property=\"og:description\" content=\"A Delegacia de Mulheres de Diamantina, no Vale do Jequitinhonha, est\u00e1 empenhada na localiza\u00e7\u00e3o e pris\u00e3o de um homicida apenado a quase 30 anos de pris\u00e3o. De acordo com a Delegada Dra. K\u00edria Silva Orlandi, o cidad\u00e3o Ricardo Leonel Lima foi julgado e condenado \u00e0 revelia por praticar um homic\u00eddio duplamente qualificado em dezembro de [&hellip;]\" \/>\n<meta property=\"og:url\" content=\"https:\/\/aconteceunovale.com.br\/portal\/?p=80466\" \/>\n<meta property=\"og:site_name\" content=\"Aconteceu no Vale\" \/>\n<meta property=\"article:publisher\" content=\"https:\/\/www.facebook.com\/aconteceunovale\/\" \/>\n<meta property=\"article:published_time\" content=\"2016-03-01T14:53:56+00:00\" \/>\n<meta property=\"article:modified_time\" content=\"2026-09-02T15:52:10+00:00\" \/>\n<meta property=\"og:image\" content=\"https:\/\/aconteceunovale.com.br\/portal\/wp-content\/uploads\/2016\/03\/condenado_dtna.jpg\" \/>\n\t<meta property=\"og:image:width\" content=\"678\" \/>\n\t<meta property=\"og:image:height\" content=\"440\" \/>\n\t<meta property=\"og:image:type\" content=\"image\/jpeg\" \/>\n<meta name=\"author\" content=\"Aconteceu no Vale\" \/>\n<meta name=\"twitter:card\" content=\"summary_large_image\" \/>\n<meta name=\"twitter:creator\" content=\"@noticiadosvales\" \/>\n<meta name=\"twitter:site\" content=\"@noticiadosvales\" \/>\n<meta name=\"twitter:label1\" content=\"Escrito por\" \/>\n\t<meta name=\"twitter:data1\" content=\"Aconteceu no Vale\" \/>\n\t<meta name=\"twitter:label2\" content=\"Est. tempo de leitura\" \/>\n\t<meta name=\"twitter:data2\" content=\"1 minuto\" \/>\n<script type=\"application\/ld+json\" class=\"yoast-schema-graph\">{\"@context\":\"https:\\\/\\\/schema.org\",\"@graph\":[{\"@type\":\"Article\",\"@id\":\"https:\\\/\\\/aconteceunovale.com.br\\\/portal\\\/?p=80466#article\",\"isPartOf\":{\"@id\":\"https:\\\/\\\/aconteceunovale.com.br\\\/portal\\\/?p=80466\"},\"author\":{\"name\":\"Aconteceu no Vale\",\"@id\":\"https:\\\/\\\/aconteceunovale.com.br\\\/portal\\\/#\\\/schema\\\/person\\\/633529146f2c94272bef50ac2953d589\"},\"headline\":\"Homicida condenado a quase 30 anos de pris\u00e3o \u00e9 procurado pela Pol\u00edcia de Diamantina\",\"datePublished\":\"2016-03-01T14:53:56+00:00\",\"dateModified\":\"2026-09-02T15:52:10+00:00\",\"mainEntityOfPage\":{\"@id\":\"https:\\\/\\\/aconteceunovale.com.br\\\/portal\\\/?p=80466\"},\"wordCount\":150,\"commentCount\":1,\"image\":{\"@id\":\"https:\\\/\\\/aconteceunovale.com.br\\\/portal\\\/?p=80466#primaryimage\"},\"thumbnailUrl\":\"https:\\\/\\\/aconteceunovale.com.br\\\/portal\\\/wp-content\\\/uploads\\\/2016\\\/03\\\/condenado_dtna.jpg\",\"keywords\":[\"Delegacia de Mulheres de Diamantina\",\"Delegada Dra. K\u00edria Silva Orlandi\",\"Diamantina\",\"Homicida condenado a quase 30 anos de pris\u00e3o \u00e9 procurado pela Pol\u00edcia de Diamantina\",\"Kareol Cris da Silva\",\"Karol Cris da Silva\",\"Karol Kris da Silva\",\"K\u00edria Silva Orlandi\",\"Procurado pela Pol\u00edcia de Diamantina\",\"Ricardo Leonel Lima\"],\"articleSection\":[\"Diamantina\",\"Vale do Jequitinhonha\"],\"inLanguage\":\"pt-BR\",\"potentialAction\":[{\"@type\":\"CommentAction\",\"name\":\"Comment\",\"target\":[\"https:\\\/\\\/aconteceunovale.com.br\\\/portal\\\/?p=80466#respond\"]}]},{\"@type\":\"WebPage\",\"@id\":\"https:\\\/\\\/aconteceunovale.com.br\\\/portal\\\/?p=80466\",\"url\":\"https:\\\/\\\/aconteceunovale.com.br\\\/portal\\\/?p=80466\",\"name\":\"Homicida condenado a quase 30 anos de pris\u00e3o \u00e9 procurado pela Pol\u00edcia de Diamantina - Aconteceu no Vale\",\"isPartOf\":{\"@id\":\"https:\\\/\\\/aconteceunovale.com.br\\\/portal\\\/#website\"},\"primaryImageOfPage\":{\"@id\":\"https:\\\/\\\/aconteceunovale.com.br\\\/portal\\\/?p=80466#primaryimage\"},\"image\":{\"@id\":\"https:\\\/\\\/aconteceunovale.com.br\\\/portal\\\/?p=80466#primaryimage\"},\"thumbnailUrl\":\"https:\\\/\\\/aconteceunovale.com.br\\\/portal\\\/wp-content\\\/uploads\\\/2016\\\/03\\\/condenado_dtna.jpg\",\"datePublished\":\"2016-03-01T14:53:56+00:00\",\"dateModified\":\"2026-09-02T15:52:10+00:00\",\"author\":{\"@id\":\"https:\\\/\\\/aconteceunovale.com.br\\\/portal\\\/#\\\/schema\\\/person\\\/633529146f2c94272bef50ac2953d589\"},\"breadcrumb\":{\"@id\":\"https:\\\/\\\/aconteceunovale.com.br\\\/portal\\\/?p=80466#breadcrumb\"},\"inLanguage\":\"pt-BR\",\"potentialAction\":[{\"@type\":\"ReadAction\",\"target\":[\"https:\\\/\\\/aconteceunovale.com.br\\\/portal\\\/?p=80466\"]}]},{\"@type\":\"ImageObject\",\"inLanguage\":\"pt-BR\",\"@id\":\"https:\\\/\\\/aconteceunovale.com.br\\\/portal\\\/?p=80466#primaryimage\",\"url\":\"https:\\\/\\\/aconteceunovale.com.br\\\/portal\\\/wp-content\\\/uploads\\\/2016\\\/03\\\/condenado_dtna.jpg\",\"contentUrl\":\"https:\\\/\\\/aconteceunovale.com.br\\\/portal\\\/wp-content\\\/uploads\\\/2016\\\/03\\\/condenado_dtna.jpg\",\"width\":678,\"height\":440},{\"@type\":\"BreadcrumbList\",\"@id\":\"https:\\\/\\\/aconteceunovale.com.br\\\/portal\\\/?p=80466#breadcrumb\",\"itemListElement\":[{\"@type\":\"ListItem\",\"position\":1,\"name\":\"In\u00edcio\",\"item\":\"https:\\\/\\\/aconteceunovale.com.br\\\/portal\\\/\"},{\"@type\":\"ListItem\",\"position\":2,\"name\":\"Homicida condenado a quase 30 anos de pris\u00e3o \u00e9 procurado pela Pol\u00edcia de Diamantina\"}]},{\"@type\":\"WebSite\",\"@id\":\"https:\\\/\\\/aconteceunovale.com.br\\\/portal\\\/#website\",\"url\":\"https:\\\/\\\/aconteceunovale.com.br\\\/portal\\\/\",\"name\":\"Aconteceu no Vale\",\"description\":\"Portal de Not\u00edcias\",\"potentialAction\":[{\"@type\":\"SearchAction\",\"target\":{\"@type\":\"EntryPoint\",\"urlTemplate\":\"https:\\\/\\\/aconteceunovale.com.br\\\/portal\\\/?s={search_term_string}\"},\"query-input\":{\"@type\":\"PropertyValueSpecification\",\"valueRequired\":true,\"valueName\":\"search_term_string\"}}],\"inLanguage\":\"pt-BR\"},{\"@type\":\"Person\",\"@id\":\"https:\\\/\\\/aconteceunovale.com.br\\\/portal\\\/#\\\/schema\\\/person\\\/633529146f2c94272bef50ac2953d589\",\"name\":\"Aconteceu no Vale\",\"description\":\"Equipe de reportagem do Aconteceu no Vale, portal de not\u00edcias do Vale do Jequitinhonha, em Minas Gerais. Cobrimos as 51 cidades do Vale desde 2013. Sugest\u00f5es de pauta e pedidos de corre\u00e7\u00e3o: contato@aconteceunovale.com.br\",\"sameAs\":[\"http:\\\/\\\/www.aconteceunovale.com.br\"],\"url\":\"https:\\\/\\\/aconteceunovale.com.br\\\/portal\\\/?author=1\"}]}<\/script>\n<!-- \/ Yoast SEO plugin. -->","yoast_head_json":{"title":"Homicida condenado a quase 30 anos de pris\u00e3o \u00e9 procurado pela Pol\u00edcia de Diamantina - Aconteceu no Vale","robots":{"index":"index","follow":"follow","max-snippet":"max-snippet:-1","max-image-preview":"max-image-preview:large","max-video-preview":"max-video-preview:-1"},"canonical":"https:\/\/aconteceunovale.com.br\/portal\/?p=80466","og_locale":"pt_BR","og_type":"article","og_title":"Homicida condenado a quase 30 anos de pris\u00e3o \u00e9 procurado pela Pol\u00edcia de Diamantina - Aconteceu no Vale","og_description":"A Delegacia de Mulheres de Diamantina, no Vale do Jequitinhonha, est\u00e1 empenhada na localiza\u00e7\u00e3o e pris\u00e3o de um homicida apenado a quase 30 anos de pris\u00e3o. De acordo com a Delegada Dra. K\u00edria Silva Orlandi, o cidad\u00e3o Ricardo Leonel Lima foi julgado e condenado \u00e0 revelia por praticar um homic\u00eddio duplamente qualificado em dezembro de [&hellip;]","og_url":"https:\/\/aconteceunovale.com.br\/portal\/?p=80466","og_site_name":"Aconteceu no Vale","article_publisher":"https:\/\/www.facebook.com\/aconteceunovale\/","article_published_time":"2016-03-01T14:53:56+00:00","article_modified_time":"2026-09-02T15:52:10+00:00","og_image":[{"width":678,"height":440,"url":"https:\/\/aconteceunovale.com.br\/portal\/wp-content\/uploads\/2016\/03\/condenado_dtna.jpg","type":"image\/jpeg"}],"author":"Aconteceu no Vale","twitter_card":"summary_large_image","twitter_creator":"@noticiadosvales","twitter_site":"@noticiadosvales","twitter_misc":{"Escrito por":"Aconteceu no Vale","Est. tempo de leitura":"1 minuto"},"schema":{"@context":"https:\/\/schema.org","@graph":[{"@type":"Article","@id":"https:\/\/aconteceunovale.com.br\/portal\/?p=80466#article","isPartOf":{"@id":"https:\/\/aconteceunovale.com.br\/portal\/?p=80466"},"author":{"name":"Aconteceu no Vale","@id":"https:\/\/aconteceunovale.com.br\/portal\/#\/schema\/person\/633529146f2c94272bef50ac2953d589"},"headline":"Homicida condenado a quase 30 anos de pris\u00e3o \u00e9 procurado pela Pol\u00edcia de Diamantina","datePublished":"2016-03-01T14:53:56+00:00","dateModified":"2026-09-02T15:52:10+00:00","mainEntityOfPage":{"@id":"https:\/\/aconteceunovale.com.br\/portal\/?p=80466"},"wordCount":150,"commentCount":1,"image":{"@id":"https:\/\/aconteceunovale.com.br\/portal\/?p=80466#primaryimage"},"thumbnailUrl":"https:\/\/aconteceunovale.com.br\/portal\/wp-content\/uploads\/2016\/03\/condenado_dtna.jpg","keywords":["Delegacia de Mulheres de Diamantina","Delegada Dra. K\u00edria Silva Orlandi","Diamantina","Homicida condenado a quase 30 anos de pris\u00e3o \u00e9 procurado pela Pol\u00edcia de Diamantina","Kareol Cris da Silva","Karol Cris da Silva","Karol Kris da Silva","K\u00edria Silva Orlandi","Procurado pela Pol\u00edcia de Diamantina","Ricardo Leonel Lima"],"articleSection":["Diamantina","Vale do Jequitinhonha"],"inLanguage":"pt-BR","potentialAction":[{"@type":"CommentAction","name":"Comment","target":["https:\/\/aconteceunovale.com.br\/portal\/?p=80466#respond"]}]},{"@type":"WebPage","@id":"https:\/\/aconteceunovale.com.br\/portal\/?p=80466","url":"https:\/\/aconteceunovale.com.br\/portal\/?p=80466","name":"Homicida condenado a quase 30 anos de pris\u00e3o \u00e9 procurado pela Pol\u00edcia de Diamantina - Aconteceu no Vale","isPartOf":{"@id":"https:\/\/aconteceunovale.com.br\/portal\/#website"},"primaryImageOfPage":{"@id":"https:\/\/aconteceunovale.com.br\/portal\/?p=80466#primaryimage"},"image":{"@id":"https:\/\/aconteceunovale.com.br\/portal\/?p=80466#primaryimage"},"thumbnailUrl":"https:\/\/aconteceunovale.com.br\/portal\/wp-content\/uploads\/2016\/03\/condenado_dtna.jpg","datePublished":"2016-03-01T14:53:56+00:00","dateModified":"2026-09-02T15:52:10+00:00","author":{"@id":"https:\/\/aconteceunovale.com.br\/portal\/#\/schema\/person\/633529146f2c94272bef50ac2953d589"},"breadcrumb":{"@id":"https:\/\/aconteceunovale.com.br\/portal\/?p=80466#breadcrumb"},"inLanguage":"pt-BR","potentialAction":[{"@type":"ReadAction","target":["https:\/\/aconteceunovale.com.br\/portal\/?p=80466"]}]},{"@type":"ImageObject","inLanguage":"pt-BR","@id":"https:\/\/aconteceunovale.com.br\/portal\/?p=80466#primaryimage","url":"https:\/\/aconteceunovale.com.br\/portal\/wp-content\/uploads\/2016\/03\/condenado_dtna.jpg","contentUrl":"https:\/\/aconteceunovale.com.br\/portal\/wp-content\/uploads\/2016\/03\/condenado_dtna.jpg","width":678,"height":440},{"@type":"BreadcrumbList","@id":"https:\/\/aconteceunovale.com.br\/portal\/?p=80466#breadcrumb","itemListElement":[{"@type":"ListItem","position":1,"name":"In\u00edcio","item":"https:\/\/aconteceunovale.com.br\/portal\/"},{"@type":"ListItem","position":2,"name":"Homicida condenado a quase 30 anos de pris\u00e3o \u00e9 procurado pela Pol\u00edcia de Diamantina"}]},{"@type":"WebSite","@id":"https:\/\/aconteceunovale.com.br\/portal\/#website","url":"https:\/\/aconteceunovale.com.br\/portal\/","name":"Aconteceu no Vale","description":"Portal de Not\u00edcias","potentialAction":[{"@type":"SearchAction","target":{"@type":"EntryPoint","urlTemplate":"https:\/\/aconteceunovale.com.br\/portal\/?s={search_term_string}"},"query-input":{"@type":"PropertyValueSpecification","valueRequired":true,"valueName":"search_term_string"}}],"inLanguage":"pt-BR"},{"@type":"Person","@id":"https:\/\/aconteceunovale.com.br\/portal\/#\/schema\/person\/633529146f2c94272bef50ac2953d589","name":"Aconteceu no Vale","description":"Equipe de reportagem do Aconteceu no Vale, portal de not\u00edcias do Vale do Jequitinhonha, em Minas Gerais. Cobrimos as 51 cidades do Vale desde 2013. Sugest\u00f5es de pauta e pedidos de corre\u00e7\u00e3o: contato@aconteceunovale.com.br","sameAs":["http:\/\/www.aconteceunovale.com.br"],"url":"https:\/\/aconteceunovale.com.br\/portal\/?author=1"}]}},"_links":{"self":[{"href":"https:\/\/aconteceunovale.com.br\/portal\/index.php?rest_route=\/wp\/v2\/posts\/80466","targetHints":{"allow":["GET"]}}],"collection":[{"href":"https:\/\/aconteceunovale.com.br\/portal\/index.php?rest_route=\/wp\/v2\/posts"}],"about":[{"href":"https:\/\/aconteceunovale.com.br\/portal\/index.php?rest_route=\/wp\/v2\/types\/post"}],"author":[{"embeddable":true,"href":"https:\/\/aconteceunovale.com.br\/portal\/index.php?rest_route=\/wp\/v2\/users\/1"}],"replies":[{"embeddable":true,"href":"https:\/\/aconteceunovale.com.br\/portal\/index.php?rest_route=%2Fwp%2Fv2%2Fcomments&post=80466"}],"version-history":[{"count":1,"href":"https:\/\/aconteceunovale.com.br\/portal\/index.php?rest_route=\/wp\/v2\/posts\/80466\/revisions"}],"predecessor-version":[{"id":200427,"href":"https:\/\/aconteceunovale.com.br\/portal\/index.php?rest_route=\/wp\/v2\/posts\/80466\/revisions\/200427"}],"wp:featuredmedia":[{"embeddable":true,"href":"https:\/\/aconteceunovale.com.br\/portal\/index.php?rest_route=\/wp\/v2\/media\/80467"}],"wp:attachment":[{"href":"https:\/\/aconteceunovale.com.br\/portal\/index.php?rest_route=%2Fwp%2Fv2%2Fmedia&parent=80466"}],"wp:term":[{"taxonomy":"category","embeddable":true,"href":"https:\/\/aconteceunovale.com.br\/portal\/index.php?rest_route=%2Fwp%2Fv2%2Fcategories&post=80466"},{"taxonomy":"post_tag","embeddable":true,"href":"https:\/\/aconteceunovale.com.br\/portal\/index.php?rest_route=%2Fwp%2Fv2%2Ftags&post=80466"}],"curies":[{"name":"wp","href":"https:\/\/api.w.org\/{rel}","templated":true}]}}