{"id":80464,"date":"2016-03-01T10:23:48","date_gmt":"2016-03-01T13:23:48","guid":{"rendered":"http:\/\/aconteceunovale.com.br\/portal\/?p=80464"},"modified":"2016-03-01T10:23:48","modified_gmt":"2016-03-01T13:23:48","slug":"previsao-do-tempo-para-minas-gerais-nesta-terca-feira-01-de-marco","status":"publish","type":"post","link":"https:\/\/aconteceunovale.com.br\/portal\/?p=80464","title":{"rendered":"Previs\u00e3o do tempo para Minas Gerais, nesta ter\u00e7a-feira, 01 de mar\u00e7o"},"content":{"rendered":"<h4><em><strong>C\u00e9u nublado em v\u00e1rias regi\u00f5es do estado.<\/strong><\/em><\/h4>\n<p>Uma frente fria sobre o mar refor\u00e7a as \u00e1reas de instabilidade sobre o Sudeste do Brasil e causa chuvas fortes. Em Minas Gerais, o tempo deve ficar encoberto com pancadas de chuva e trovoadas no Tri\u00e2ngulo Mineiro, Alto Parana\u00edba, Sul, Campo das Vertentes, Zona da Mata, Centro e Vale do Rio Doce. Nas demais regi\u00f5es do estado, o dia ser\u00e1 de c\u00e9u parcialmente nublado pancadas de chuva localizada. Na Regi\u00e3o Metropolitana de Belo Horizonte o tempo deve ficar nublado com pancadas de chuva. Na cidade de Belo Horizonte mais um dia com tempo nublado e ocorr\u00eancia de pancadas de chuvas acompanhadas de raios e rajadas de vento. As temperaturas devem oscilar entre 18\u00b0C e 30\u00b0C com umidade relativa do ar m\u00ednima em torno de 60%.<\/p>\n","protected":false},"excerpt":{"rendered":"<p>C\u00e9u nublado em v\u00e1rias regi\u00f5es do estado. Uma frente fria sobre o mar refor\u00e7a as \u00e1reas de instabilidade sobre o Sudeste do Brasil e causa chuvas fortes. Em Minas Gerais, o tempo deve ficar encoberto com pancadas de chuva e trovoadas no Tri\u00e2ngulo Mineiro, Alto Parana\u00edba, Sul, Campo das Vertentes, Zona da Mata, Centro e [&hellip;]<\/p>\n","protected":false},"author":1,"featured_media":51728,"comment_status":"open","ping_status":"closed","sticky":false,"template":"","format":"standard","meta":{"amp_status":"","footnotes":""},"categories":[123],"tags":[80251,131,36891,1956,1839,80253,28255,80252,80254],"class_list":["post-80464","post","type-post","status-publish","format-standard","has-post-thumbnail","hentry","category-gerais","tag-01-de-marco","tag-minas-gerais","tag-nesta-terca-feira","tag-previsao-do-tempo","tag-previsao-do-tempo-para-minas-gerais","tag-previsao-do-tempo-para-minas-gerais-01-de-marco","tag-previsao-do-tempo-para-minas-gerais-nesta-terca-feira","tag-previsao-do-tempo-para-minas-gerais-nesta-terca-feira-01-de-marco","tag-terca-feira-01-de-marco"],"yoast_head":"<!-- This site is optimized with the Yoast SEO plugin v28.3 - https:\/\/yoast.com\/product\/yoast-seo-wordpress\/ -->\n<title>Previs\u00e3o do tempo para Minas Gerais, nesta ter\u00e7a-feira, 01 de mar\u00e7o - Aconteceu no Vale<\/title>\n<meta name=\"robots\" content=\"index, follow, max-snippet:-1, max-image-preview:large, max-video-preview:-1\" \/>\n<link rel=\"canonical\" href=\"https:\/\/aconteceunovale.com.br\/portal\/?p=80464\" \/>\n<meta property=\"og:locale\" content=\"pt_BR\" \/>\n<meta property=\"og:type\" content=\"article\" \/>\n<meta property=\"og:title\" content=\"Previs\u00e3o do tempo para Minas Gerais, nesta ter\u00e7a-feira, 01 de mar\u00e7o - Aconteceu no Vale\" \/>\n<meta property=\"og:description\" content=\"C\u00e9u nublado em v\u00e1rias regi\u00f5es do estado. Uma frente fria sobre o mar refor\u00e7a as \u00e1reas de instabilidade sobre o Sudeste do Brasil e causa chuvas fortes. Em Minas Gerais, o tempo deve ficar encoberto com pancadas de chuva e trovoadas no Tri\u00e2ngulo Mineiro, Alto Parana\u00edba, Sul, Campo das Vertentes, Zona da Mata, Centro e [&hellip;]\" \/>\n<meta property=\"og:url\" content=\"https:\/\/aconteceunovale.com.br\/portal\/?p=80464\" \/>\n<meta property=\"og:site_name\" content=\"Aconteceu no Vale\" \/>\n<meta property=\"article:publisher\" content=\"https:\/\/www.facebook.com\/aconteceunovale\/\" \/>\n<meta property=\"article:published_time\" content=\"2016-03-01T13:23:48+00:00\" \/>\n<meta property=\"og:image\" content=\"https:\/\/aconteceunovale.com.br\/portal\/wp-content\/uploads\/2015\/02\/previsao_do_tempo.jpg\" \/>\n\t<meta property=\"og:image:width\" content=\"678\" \/>\n\t<meta property=\"og:image:height\" content=\"438\" \/>\n\t<meta property=\"og:image:type\" content=\"image\/jpeg\" \/>\n<meta name=\"author\" content=\"Aconteceu no Vale\" \/>\n<meta name=\"twitter:card\" content=\"summary_large_image\" \/>\n<meta name=\"twitter:creator\" content=\"@noticiadosvales\" \/>\n<meta name=\"twitter:site\" content=\"@noticiadosvales\" \/>\n<meta name=\"twitter:label1\" content=\"Escrito por\" \/>\n\t<meta name=\"twitter:data1\" content=\"Aconteceu no Vale\" \/>\n\t<meta name=\"twitter:label2\" content=\"Est. tempo de leitura\" \/>\n\t<meta name=\"twitter:data2\" content=\"1 minuto\" \/>\n<script type=\"application\/ld+json\" class=\"yoast-schema-graph\">{\"@context\":\"https:\\\/\\\/schema.org\",\"@graph\":[{\"@type\":\"Article\",\"@id\":\"https:\\\/\\\/aconteceunovale.com.br\\\/portal\\\/?p=80464#article\",\"isPartOf\":{\"@id\":\"https:\\\/\\\/aconteceunovale.com.br\\\/portal\\\/?p=80464\"},\"author\":{\"name\":\"Aconteceu no Vale\",\"@id\":\"https:\\\/\\\/aconteceunovale.com.br\\\/portal\\\/#\\\/schema\\\/person\\\/633529146f2c94272bef50ac2953d589\"},\"headline\":\"Previs\u00e3o do tempo para Minas Gerais, nesta ter\u00e7a-feira, 01 de mar\u00e7o\",\"datePublished\":\"2016-03-01T13:23:48+00:00\",\"mainEntityOfPage\":{\"@id\":\"https:\\\/\\\/aconteceunovale.com.br\\\/portal\\\/?p=80464\"},\"wordCount\":155,\"commentCount\":0,\"image\":{\"@id\":\"https:\\\/\\\/aconteceunovale.com.br\\\/portal\\\/?p=80464#primaryimage\"},\"thumbnailUrl\":\"https:\\\/\\\/aconteceunovale.com.br\\\/portal\\\/wp-content\\\/uploads\\\/2015\\\/02\\\/previsao_do_tempo.jpg\",\"keywords\":[\"01 de mar\u00e7o\",\"Minas Gerais\",\"nesta ter\u00e7a-feira\",\"previs\u00e3o do tempo\",\"previs\u00e3o do tempo para minas gerais\",\"Previs\u00e3o do tempo para Minas Gerais 01 de mar\u00e7o\",\"Previs\u00e3o do tempo para Minas Gerais nesta ter\u00e7a-feira\",\"Previs\u00e3o do tempo para Minas Gerais nesta ter\u00e7a-feira 01 de mar\u00e7o\",\"ter\u00e7a-feira 01 de mar\u00e7o\"],\"articleSection\":[\"Minas Gerais\"],\"inLanguage\":\"pt-BR\",\"potentialAction\":[{\"@type\":\"CommentAction\",\"name\":\"Comment\",\"target\":[\"https:\\\/\\\/aconteceunovale.com.br\\\/portal\\\/?p=80464#respond\"]}]},{\"@type\":\"WebPage\",\"@id\":\"https:\\\/\\\/aconteceunovale.com.br\\\/portal\\\/?p=80464\",\"url\":\"https:\\\/\\\/aconteceunovale.com.br\\\/portal\\\/?p=80464\",\"name\":\"Previs\u00e3o do tempo para Minas Gerais, nesta ter\u00e7a-feira, 01 de mar\u00e7o - Aconteceu no Vale\",\"isPartOf\":{\"@id\":\"https:\\\/\\\/aconteceunovale.com.br\\\/portal\\\/#website\"},\"primaryImageOfPage\":{\"@id\":\"https:\\\/\\\/aconteceunovale.com.br\\\/portal\\\/?p=80464#primaryimage\"},\"image\":{\"@id\":\"https:\\\/\\\/aconteceunovale.com.br\\\/portal\\\/?p=80464#primaryimage\"},\"thumbnailUrl\":\"https:\\\/\\\/aconteceunovale.com.br\\\/portal\\\/wp-content\\\/uploads\\\/2015\\\/02\\\/previsao_do_tempo.jpg\",\"datePublished\":\"2016-03-01T13:23:48+00:00\",\"author\":{\"@id\":\"https:\\\/\\\/aconteceunovale.com.br\\\/portal\\\/#\\\/schema\\\/person\\\/633529146f2c94272bef50ac2953d589\"},\"breadcrumb\":{\"@id\":\"https:\\\/\\\/aconteceunovale.com.br\\\/portal\\\/?p=80464#breadcrumb\"},\"inLanguage\":\"pt-BR\",\"potentialAction\":[{\"@type\":\"ReadAction\",\"target\":[\"https:\\\/\\\/aconteceunovale.com.br\\\/portal\\\/?p=80464\"]}]},{\"@type\":\"ImageObject\",\"inLanguage\":\"pt-BR\",\"@id\":\"https:\\\/\\\/aconteceunovale.com.br\\\/portal\\\/?p=80464#primaryimage\",\"url\":\"https:\\\/\\\/aconteceunovale.com.br\\\/portal\\\/wp-content\\\/uploads\\\/2015\\\/02\\\/previsao_do_tempo.jpg\",\"contentUrl\":\"https:\\\/\\\/aconteceunovale.com.br\\\/portal\\\/wp-content\\\/uploads\\\/2015\\\/02\\\/previsao_do_tempo.jpg\",\"width\":678,\"height\":438},{\"@type\":\"BreadcrumbList\",\"@id\":\"https:\\\/\\\/aconteceunovale.com.br\\\/portal\\\/?p=80464#breadcrumb\",\"itemListElement\":[{\"@type\":\"ListItem\",\"position\":1,\"name\":\"In\u00edcio\",\"item\":\"https:\\\/\\\/aconteceunovale.com.br\\\/portal\\\/\"},{\"@type\":\"ListItem\",\"position\":2,\"name\":\"Previs\u00e3o do tempo para Minas Gerais, nesta ter\u00e7a-feira, 01 de mar\u00e7o\"}]},{\"@type\":\"WebSite\",\"@id\":\"https:\\\/\\\/aconteceunovale.com.br\\\/portal\\\/#website\",\"url\":\"https:\\\/\\\/aconteceunovale.com.br\\\/portal\\\/\",\"name\":\"Aconteceu no Vale\",\"description\":\"Portal de Not\u00edcias\",\"potentialAction\":[{\"@type\":\"SearchAction\",\"target\":{\"@type\":\"EntryPoint\",\"urlTemplate\":\"https:\\\/\\\/aconteceunovale.com.br\\\/portal\\\/?s={search_term_string}\"},\"query-input\":{\"@type\":\"PropertyValueSpecification\",\"valueRequired\":true,\"valueName\":\"search_term_string\"}}],\"inLanguage\":\"pt-BR\"},{\"@type\":\"Person\",\"@id\":\"https:\\\/\\\/aconteceunovale.com.br\\\/portal\\\/#\\\/schema\\\/person\\\/633529146f2c94272bef50ac2953d589\",\"name\":\"Aconteceu no Vale\",\"description\":\"Equipe de reportagem do Aconteceu no Vale, portal de not\u00edcias do Vale do Jequitinhonha, em Minas Gerais. Cobrimos as 51 cidades do Vale desde 2013. Sugest\u00f5es de pauta e pedidos de corre\u00e7\u00e3o: contato@aconteceunovale.com.br\",\"sameAs\":[\"http:\\\/\\\/www.aconteceunovale.com.br\"],\"url\":\"https:\\\/\\\/aconteceunovale.com.br\\\/portal\\\/?author=1\"}]}<\/script>\n<!-- \/ Yoast SEO plugin. -->","yoast_head_json":{"title":"Previs\u00e3o do tempo para Minas Gerais, nesta ter\u00e7a-feira, 01 de mar\u00e7o - Aconteceu no Vale","robots":{"index":"index","follow":"follow","max-snippet":"max-snippet:-1","max-image-preview":"max-image-preview:large","max-video-preview":"max-video-preview:-1"},"canonical":"https:\/\/aconteceunovale.com.br\/portal\/?p=80464","og_locale":"pt_BR","og_type":"article","og_title":"Previs\u00e3o do tempo para Minas Gerais, nesta ter\u00e7a-feira, 01 de mar\u00e7o - Aconteceu no Vale","og_description":"C\u00e9u nublado em v\u00e1rias regi\u00f5es do estado. Uma frente fria sobre o mar refor\u00e7a as \u00e1reas de instabilidade sobre o Sudeste do Brasil e causa chuvas fortes. Em Minas Gerais, o tempo deve ficar encoberto com pancadas de chuva e trovoadas no Tri\u00e2ngulo Mineiro, Alto Parana\u00edba, Sul, Campo das Vertentes, Zona da Mata, Centro e [&hellip;]","og_url":"https:\/\/aconteceunovale.com.br\/portal\/?p=80464","og_site_name":"Aconteceu no Vale","article_publisher":"https:\/\/www.facebook.com\/aconteceunovale\/","article_published_time":"2016-03-01T13:23:48+00:00","og_image":[{"width":678,"height":438,"url":"https:\/\/aconteceunovale.com.br\/portal\/wp-content\/uploads\/2015\/02\/previsao_do_tempo.jpg","type":"image\/jpeg"}],"author":"Aconteceu no Vale","twitter_card":"summary_large_image","twitter_creator":"@noticiadosvales","twitter_site":"@noticiadosvales","twitter_misc":{"Escrito por":"Aconteceu no Vale","Est. tempo de leitura":"1 minuto"},"schema":{"@context":"https:\/\/schema.org","@graph":[{"@type":"Article","@id":"https:\/\/aconteceunovale.com.br\/portal\/?p=80464#article","isPartOf":{"@id":"https:\/\/aconteceunovale.com.br\/portal\/?p=80464"},"author":{"name":"Aconteceu no Vale","@id":"https:\/\/aconteceunovale.com.br\/portal\/#\/schema\/person\/633529146f2c94272bef50ac2953d589"},"headline":"Previs\u00e3o do tempo para Minas Gerais, nesta ter\u00e7a-feira, 01 de mar\u00e7o","datePublished":"2016-03-01T13:23:48+00:00","mainEntityOfPage":{"@id":"https:\/\/aconteceunovale.com.br\/portal\/?p=80464"},"wordCount":155,"commentCount":0,"image":{"@id":"https:\/\/aconteceunovale.com.br\/portal\/?p=80464#primaryimage"},"thumbnailUrl":"https:\/\/aconteceunovale.com.br\/portal\/wp-content\/uploads\/2015\/02\/previsao_do_tempo.jpg","keywords":["01 de mar\u00e7o","Minas Gerais","nesta ter\u00e7a-feira","previs\u00e3o do tempo","previs\u00e3o do tempo para minas gerais","Previs\u00e3o do tempo para Minas Gerais 01 de mar\u00e7o","Previs\u00e3o do tempo para Minas Gerais nesta ter\u00e7a-feira","Previs\u00e3o do tempo para Minas Gerais nesta ter\u00e7a-feira 01 de mar\u00e7o","ter\u00e7a-feira 01 de mar\u00e7o"],"articleSection":["Minas Gerais"],"inLanguage":"pt-BR","potentialAction":[{"@type":"CommentAction","name":"Comment","target":["https:\/\/aconteceunovale.com.br\/portal\/?p=80464#respond"]}]},{"@type":"WebPage","@id":"https:\/\/aconteceunovale.com.br\/portal\/?p=80464","url":"https:\/\/aconteceunovale.com.br\/portal\/?p=80464","name":"Previs\u00e3o do tempo para Minas Gerais, nesta ter\u00e7a-feira, 01 de mar\u00e7o - Aconteceu no Vale","isPartOf":{"@id":"https:\/\/aconteceunovale.com.br\/portal\/#website"},"primaryImageOfPage":{"@id":"https:\/\/aconteceunovale.com.br\/portal\/?p=80464#primaryimage"},"image":{"@id":"https:\/\/aconteceunovale.com.br\/portal\/?p=80464#primaryimage"},"thumbnailUrl":"https:\/\/aconteceunovale.com.br\/portal\/wp-content\/uploads\/2015\/02\/previsao_do_tempo.jpg","datePublished":"2016-03-01T13:23:48+00:00","author":{"@id":"https:\/\/aconteceunovale.com.br\/portal\/#\/schema\/person\/633529146f2c94272bef50ac2953d589"},"breadcrumb":{"@id":"https:\/\/aconteceunovale.com.br\/portal\/?p=80464#breadcrumb"},"inLanguage":"pt-BR","potentialAction":[{"@type":"ReadAction","target":["https:\/\/aconteceunovale.com.br\/portal\/?p=80464"]}]},{"@type":"ImageObject","inLanguage":"pt-BR","@id":"https:\/\/aconteceunovale.com.br\/portal\/?p=80464#primaryimage","url":"https:\/\/aconteceunovale.com.br\/portal\/wp-content\/uploads\/2015\/02\/previsao_do_tempo.jpg","contentUrl":"https:\/\/aconteceunovale.com.br\/portal\/wp-content\/uploads\/2015\/02\/previsao_do_tempo.jpg","width":678,"height":438},{"@type":"BreadcrumbList","@id":"https:\/\/aconteceunovale.com.br\/portal\/?p=80464#breadcrumb","itemListElement":[{"@type":"ListItem","position":1,"name":"In\u00edcio","item":"https:\/\/aconteceunovale.com.br\/portal\/"},{"@type":"ListItem","position":2,"name":"Previs\u00e3o do tempo para Minas Gerais, nesta ter\u00e7a-feira, 01 de mar\u00e7o"}]},{"@type":"WebSite","@id":"https:\/\/aconteceunovale.com.br\/portal\/#website","url":"https:\/\/aconteceunovale.com.br\/portal\/","name":"Aconteceu no Vale","description":"Portal de Not\u00edcias","potentialAction":[{"@type":"SearchAction","target":{"@type":"EntryPoint","urlTemplate":"https:\/\/aconteceunovale.com.br\/portal\/?s={search_term_string}"},"query-input":{"@type":"PropertyValueSpecification","valueRequired":true,"valueName":"search_term_string"}}],"inLanguage":"pt-BR"},{"@type":"Person","@id":"https:\/\/aconteceunovale.com.br\/portal\/#\/schema\/person\/633529146f2c94272bef50ac2953d589","name":"Aconteceu no Vale","description":"Equipe de reportagem do Aconteceu no Vale, portal de not\u00edcias do Vale do Jequitinhonha, em Minas Gerais. Cobrimos as 51 cidades do Vale desde 2013. Sugest\u00f5es de pauta e pedidos de corre\u00e7\u00e3o: contato@aconteceunovale.com.br","sameAs":["http:\/\/www.aconteceunovale.com.br"],"url":"https:\/\/aconteceunovale.com.br\/portal\/?author=1"}]}},"_links":{"self":[{"href":"https:\/\/aconteceunovale.com.br\/portal\/index.php?rest_route=\/wp\/v2\/posts\/80464","targetHints":{"allow":["GET"]}}],"collection":[{"href":"https:\/\/aconteceunovale.com.br\/portal\/index.php?rest_route=\/wp\/v2\/posts"}],"about":[{"href":"https:\/\/aconteceunovale.com.br\/portal\/index.php?rest_route=\/wp\/v2\/types\/post"}],"author":[{"embeddable":true,"href":"https:\/\/aconteceunovale.com.br\/portal\/index.php?rest_route=\/wp\/v2\/users\/1"}],"replies":[{"embeddable":true,"href":"https:\/\/aconteceunovale.com.br\/portal\/index.php?rest_route=%2Fwp%2Fv2%2Fcomments&post=80464"}],"version-history":[{"count":0,"href":"https:\/\/aconteceunovale.com.br\/portal\/index.php?rest_route=\/wp\/v2\/posts\/80464\/revisions"}],"wp:featuredmedia":[{"embeddable":true,"href":"https:\/\/aconteceunovale.com.br\/portal\/index.php?rest_route=\/wp\/v2\/media\/51728"}],"wp:attachment":[{"href":"https:\/\/aconteceunovale.com.br\/portal\/index.php?rest_route=%2Fwp%2Fv2%2Fmedia&parent=80464"}],"wp:term":[{"taxonomy":"category","embeddable":true,"href":"https:\/\/aconteceunovale.com.br\/portal\/index.php?rest_route=%2Fwp%2Fv2%2Fcategories&post=80464"},{"taxonomy":"post_tag","embeddable":true,"href":"https:\/\/aconteceunovale.com.br\/portal\/index.php?rest_route=%2Fwp%2Fv2%2Ftags&post=80464"}],"curies":[{"name":"wp","href":"https:\/\/api.w.org\/{rel}","templated":true}]}}