{"id":80462,"date":"2016-02-29T23:49:58","date_gmt":"2016-03-01T02:49:58","guid":{"rendered":"http:\/\/aconteceunovale.com.br\/portal\/?p=80462"},"modified":"2016-02-29T23:49:58","modified_gmt":"2016-03-01T02:49:58","slug":"funcionarios-da-samarco-indiciados-serao-julgados-pela-justica-estadual-de-minas","status":"publish","type":"post","link":"https:\/\/aconteceunovale.com.br\/portal\/?p=80462","title":{"rendered":"Funcion\u00e1rios da Samarco indiciados ser\u00e3o julgados pela Justi\u00e7a Estadual de Minas"},"content":{"rendered":"<p>A ju\u00edza Marcela Oliveira Decat de Moura negou nesta segunda-feira (29\/02) o pedido do Minist\u00e9rio P\u00fablicos Federal e do Minist\u00e9rio P\u00fablico de Minas Gerais para que fosse remetido \u00e0 Justi\u00e7a Federal o inqu\u00e9rito da Pol\u00edcia Civil sobre o rompimento da barragem de rejeitos da Samarco, que ocorreu em novembro do ano passado na cidade de Mariana (MG). No inqu\u00e9rito, sete pessoas foram indiciadas e s\u00e3o tamb\u00e9m alvo de um pedido de pris\u00e3o preventiva, entre elas o presidente licenciado da mineradora Ricardo Vescovi.<\/p>\n<p>O pedido do Minist\u00e9rio P\u00fablico tinha como objetivo reunir, na mesma jurisdi\u00e7\u00e3o, todo o julgamento relacionado ao rompimento da barragem. Embora os crimes analisados no inqu\u00e9rito da Pol\u00edcia Civil sejam de compet\u00eancia da Justi\u00e7a Estadual, os promotores defendiam que o julgamento ocorresse na Justi\u00e7a Federal, que \u00e9 a mesma esfera onde est\u00e3o sendo analisados os delitos ambientais relacionados ao epis\u00f3dio.<\/p>\n<p><img decoding=\"async\" src=\"http:\/\/aconteceunovale.com.br\/portal\/wp-content\/uploads\/2015\/11\/presidente_samarco.jpg\" alt=\"\" \/><em>Sete pessoas foram indiciadas, Ricardo Vescovi &#8211; Foto: Reprodu\u00e7\u00e3o \/ Facebook<\/em><br \/>\n<\/br><\/p>\n<p>No entendimento da magistrada que indeferiu a solicita\u00e7\u00e3o, o caso deve seguir seu tr\u00e2mite na Justi\u00e7a Estadual, para que a sociedade de Mariana (MG) possa exercer sua garantia constitucional de julgar, no local dos fatos, os indiv\u00edduos que supostamente praticaram os crimes dolosos contra a vida. Marcela Oliveira considerou ainda que o envio \u00e0 Justi\u00e7a Federal s\u00f3 deveria ocorrer caso as v\u00edtimas fossem agentes p\u00fablicos federais no exerc\u00edcio de suas atividades, o que n\u00e3o \u00e9 o caso.<\/p>\n<p>O rompimento da barragem ocasionou a morte de 19 pessoas, causou destrui\u00e7\u00e3o de vegeta\u00e7\u00e3o nativa e poluiu as \u00e1guas da bacia do Rio Doce. Al\u00e9m de Ricardo Vescovi, a Pol\u00edcia Civil indiciou, em seu inqu\u00e9rito, mais seis funcion\u00e1rios da Samarco e um engenheiro da VogBR, empresa que prestava consultoria para a mineradora. (Ag\u00eancia Brasil)<\/p>\n","protected":false},"excerpt":{"rendered":"<p>A ju\u00edza Marcela Oliveira Decat de Moura negou nesta segunda-feira (29\/02) o pedido do Minist\u00e9rio P\u00fablicos Federal e do Minist\u00e9rio P\u00fablico de Minas Gerais para que fosse remetido \u00e0 Justi\u00e7a Federal o inqu\u00e9rito da Pol\u00edcia Civil sobre o rompimento da barragem de rejeitos da Samarco, que ocorreu em novembro do ano passado na cidade de [&hellip;]<\/p>\n","protected":false},"author":1,"featured_media":73270,"comment_status":"open","ping_status":"closed","sticky":false,"template":"","format":"standard","meta":{"amp_status":"","footnotes":""},"categories":[123],"tags":[80250,80249,25807,80248,7363,66801,1774,66272,73770,65282,32642,65291,65288],"class_list":["post-80462","post","type-post","status-publish","format-standard","has-post-thumbnail","hentry","category-gerais","tag-funcionarios-da-samarco-indiciados-serao-julgados-pela-justica-estadual-de-minas","tag-julgamento-presidente-da-samarco","tag-justica","tag-marcela-oliveira-decat-de-moura","tag-mariana","tag-ricardo-vescovi","tag-rio-doce","tag-rompimento-da-barragem-da-samarco","tag-rompimento-da-barragem-de-rejeitos-da-samarco","tag-rompimento-de-barragem","tag-samarco","tag-tragedia-mariana","tag-tragedia-samarco"],"yoast_head":"<!-- This site is optimized with the Yoast SEO plugin v28.3 - https:\/\/yoast.com\/product\/yoast-seo-wordpress\/ -->\n<title>Funcion\u00e1rios da Samarco indiciados ser\u00e3o julgados pela Justi\u00e7a Estadual de Minas - Aconteceu no Vale<\/title>\n<meta name=\"robots\" content=\"index, follow, max-snippet:-1, max-image-preview:large, max-video-preview:-1\" \/>\n<link rel=\"canonical\" href=\"https:\/\/aconteceunovale.com.br\/portal\/?p=80462\" \/>\n<meta property=\"og:locale\" content=\"pt_BR\" \/>\n<meta property=\"og:type\" content=\"article\" \/>\n<meta property=\"og:title\" content=\"Funcion\u00e1rios da Samarco indiciados ser\u00e3o julgados pela Justi\u00e7a Estadual de Minas - Aconteceu no Vale\" \/>\n<meta property=\"og:description\" content=\"A ju\u00edza Marcela Oliveira Decat de Moura negou nesta segunda-feira (29\/02) o pedido do Minist\u00e9rio P\u00fablicos Federal e do Minist\u00e9rio P\u00fablico de Minas Gerais para que fosse remetido \u00e0 Justi\u00e7a Federal o inqu\u00e9rito da Pol\u00edcia Civil sobre o rompimento da barragem de rejeitos da Samarco, que ocorreu em novembro do ano passado na cidade de [&hellip;]\" \/>\n<meta property=\"og:url\" content=\"https:\/\/aconteceunovale.com.br\/portal\/?p=80462\" \/>\n<meta property=\"og:site_name\" content=\"Aconteceu no Vale\" \/>\n<meta property=\"article:publisher\" content=\"https:\/\/www.facebook.com\/aconteceunovale\/\" \/>\n<meta property=\"article:published_time\" content=\"2016-03-01T02:49:58+00:00\" \/>\n<meta property=\"og:image\" content=\"https:\/\/aconteceunovale.com.br\/portal\/wp-content\/uploads\/2015\/11\/presidente_samarco.jpg\" \/>\n\t<meta property=\"og:image:width\" content=\"620\" \/>\n\t<meta property=\"og:image:height\" content=\"440\" \/>\n\t<meta property=\"og:image:type\" content=\"image\/jpeg\" \/>\n<meta name=\"author\" content=\"Aconteceu no Vale\" \/>\n<meta name=\"twitter:card\" content=\"summary_large_image\" \/>\n<meta name=\"twitter:creator\" content=\"@noticiadosvales\" \/>\n<meta name=\"twitter:site\" content=\"@noticiadosvales\" \/>\n<meta name=\"twitter:label1\" content=\"Escrito por\" \/>\n\t<meta name=\"twitter:data1\" content=\"Aconteceu no Vale\" \/>\n\t<meta name=\"twitter:label2\" content=\"Est. tempo de leitura\" \/>\n\t<meta name=\"twitter:data2\" content=\"2 minutos\" \/>\n<script type=\"application\/ld+json\" class=\"yoast-schema-graph\">{\"@context\":\"https:\\\/\\\/schema.org\",\"@graph\":[{\"@type\":\"Article\",\"@id\":\"https:\\\/\\\/aconteceunovale.com.br\\\/portal\\\/?p=80462#article\",\"isPartOf\":{\"@id\":\"https:\\\/\\\/aconteceunovale.com.br\\\/portal\\\/?p=80462\"},\"author\":{\"name\":\"Aconteceu no Vale\",\"@id\":\"https:\\\/\\\/aconteceunovale.com.br\\\/portal\\\/#\\\/schema\\\/person\\\/633529146f2c94272bef50ac2953d589\"},\"headline\":\"Funcion\u00e1rios da Samarco indiciados ser\u00e3o julgados pela Justi\u00e7a Estadual de Minas\",\"datePublished\":\"2016-03-01T02:49:58+00:00\",\"mainEntityOfPage\":{\"@id\":\"https:\\\/\\\/aconteceunovale.com.br\\\/portal\\\/?p=80462\"},\"wordCount\":330,\"commentCount\":0,\"image\":{\"@id\":\"https:\\\/\\\/aconteceunovale.com.br\\\/portal\\\/?p=80462#primaryimage\"},\"thumbnailUrl\":\"https:\\\/\\\/aconteceunovale.com.br\\\/portal\\\/wp-content\\\/uploads\\\/2015\\\/11\\\/presidente_samarco.jpg\",\"keywords\":[\"Funcion\u00e1rios da Samarco indiciados ser\u00e3o julgados pela Justi\u00e7a Estadual de Minas\",\"Julgamento presidente da samarco\",\"Justi\u00e7a\",\"Marcela Oliveira Decat de Moura\",\"Mariana\",\"Ricardo Vescovi\",\"Rio Doce\",\"rompimento da barragem da samarco\",\"rompimento da barragem de rejeitos da Samarco\",\"rompimento de barragem\",\"Samarco\",\"trag\u00e9dia mariana\",\"trag\u00e9dia samarco\"],\"articleSection\":[\"Minas Gerais\"],\"inLanguage\":\"pt-BR\",\"potentialAction\":[{\"@type\":\"CommentAction\",\"name\":\"Comment\",\"target\":[\"https:\\\/\\\/aconteceunovale.com.br\\\/portal\\\/?p=80462#respond\"]}]},{\"@type\":\"WebPage\",\"@id\":\"https:\\\/\\\/aconteceunovale.com.br\\\/portal\\\/?p=80462\",\"url\":\"https:\\\/\\\/aconteceunovale.com.br\\\/portal\\\/?p=80462\",\"name\":\"Funcion\u00e1rios da Samarco indiciados ser\u00e3o julgados pela Justi\u00e7a Estadual de Minas - Aconteceu no Vale\",\"isPartOf\":{\"@id\":\"https:\\\/\\\/aconteceunovale.com.br\\\/portal\\\/#website\"},\"primaryImageOfPage\":{\"@id\":\"https:\\\/\\\/aconteceunovale.com.br\\\/portal\\\/?p=80462#primaryimage\"},\"image\":{\"@id\":\"https:\\\/\\\/aconteceunovale.com.br\\\/portal\\\/?p=80462#primaryimage\"},\"thumbnailUrl\":\"https:\\\/\\\/aconteceunovale.com.br\\\/portal\\\/wp-content\\\/uploads\\\/2015\\\/11\\\/presidente_samarco.jpg\",\"datePublished\":\"2016-03-01T02:49:58+00:00\",\"author\":{\"@id\":\"https:\\\/\\\/aconteceunovale.com.br\\\/portal\\\/#\\\/schema\\\/person\\\/633529146f2c94272bef50ac2953d589\"},\"breadcrumb\":{\"@id\":\"https:\\\/\\\/aconteceunovale.com.br\\\/portal\\\/?p=80462#breadcrumb\"},\"inLanguage\":\"pt-BR\",\"potentialAction\":[{\"@type\":\"ReadAction\",\"target\":[\"https:\\\/\\\/aconteceunovale.com.br\\\/portal\\\/?p=80462\"]}]},{\"@type\":\"ImageObject\",\"inLanguage\":\"pt-BR\",\"@id\":\"https:\\\/\\\/aconteceunovale.com.br\\\/portal\\\/?p=80462#primaryimage\",\"url\":\"https:\\\/\\\/aconteceunovale.com.br\\\/portal\\\/wp-content\\\/uploads\\\/2015\\\/11\\\/presidente_samarco.jpg\",\"contentUrl\":\"https:\\\/\\\/aconteceunovale.com.br\\\/portal\\\/wp-content\\\/uploads\\\/2015\\\/11\\\/presidente_samarco.jpg\",\"width\":620,\"height\":440},{\"@type\":\"BreadcrumbList\",\"@id\":\"https:\\\/\\\/aconteceunovale.com.br\\\/portal\\\/?p=80462#breadcrumb\",\"itemListElement\":[{\"@type\":\"ListItem\",\"position\":1,\"name\":\"In\u00edcio\",\"item\":\"https:\\\/\\\/aconteceunovale.com.br\\\/portal\\\/\"},{\"@type\":\"ListItem\",\"position\":2,\"name\":\"Funcion\u00e1rios da Samarco indiciados ser\u00e3o julgados pela Justi\u00e7a Estadual de Minas\"}]},{\"@type\":\"WebSite\",\"@id\":\"https:\\\/\\\/aconteceunovale.com.br\\\/portal\\\/#website\",\"url\":\"https:\\\/\\\/aconteceunovale.com.br\\\/portal\\\/\",\"name\":\"Aconteceu no Vale\",\"description\":\"Portal de Not\u00edcias\",\"potentialAction\":[{\"@type\":\"SearchAction\",\"target\":{\"@type\":\"EntryPoint\",\"urlTemplate\":\"https:\\\/\\\/aconteceunovale.com.br\\\/portal\\\/?s={search_term_string}\"},\"query-input\":{\"@type\":\"PropertyValueSpecification\",\"valueRequired\":true,\"valueName\":\"search_term_string\"}}],\"inLanguage\":\"pt-BR\"},{\"@type\":\"Person\",\"@id\":\"https:\\\/\\\/aconteceunovale.com.br\\\/portal\\\/#\\\/schema\\\/person\\\/633529146f2c94272bef50ac2953d589\",\"name\":\"Aconteceu no Vale\",\"description\":\"Equipe de reportagem do Aconteceu no Vale, portal de not\u00edcias do Vale do Jequitinhonha, em Minas Gerais. Cobrimos as 51 cidades do Vale desde 2013. Sugest\u00f5es de pauta e pedidos de corre\u00e7\u00e3o: contato@aconteceunovale.com.br\",\"sameAs\":[\"http:\\\/\\\/www.aconteceunovale.com.br\"],\"url\":\"https:\\\/\\\/aconteceunovale.com.br\\\/portal\\\/?author=1\"}]}<\/script>\n<!-- \/ Yoast SEO plugin. -->","yoast_head_json":{"title":"Funcion\u00e1rios da Samarco indiciados ser\u00e3o julgados pela Justi\u00e7a Estadual de Minas - Aconteceu no Vale","robots":{"index":"index","follow":"follow","max-snippet":"max-snippet:-1","max-image-preview":"max-image-preview:large","max-video-preview":"max-video-preview:-1"},"canonical":"https:\/\/aconteceunovale.com.br\/portal\/?p=80462","og_locale":"pt_BR","og_type":"article","og_title":"Funcion\u00e1rios da Samarco indiciados ser\u00e3o julgados pela Justi\u00e7a Estadual de Minas - Aconteceu no Vale","og_description":"A ju\u00edza Marcela Oliveira Decat de Moura negou nesta segunda-feira (29\/02) o pedido do Minist\u00e9rio P\u00fablicos Federal e do Minist\u00e9rio P\u00fablico de Minas Gerais para que fosse remetido \u00e0 Justi\u00e7a Federal o inqu\u00e9rito da Pol\u00edcia Civil sobre o rompimento da barragem de rejeitos da Samarco, que ocorreu em novembro do ano passado na cidade de [&hellip;]","og_url":"https:\/\/aconteceunovale.com.br\/portal\/?p=80462","og_site_name":"Aconteceu no Vale","article_publisher":"https:\/\/www.facebook.com\/aconteceunovale\/","article_published_time":"2016-03-01T02:49:58+00:00","og_image":[{"width":620,"height":440,"url":"https:\/\/aconteceunovale.com.br\/portal\/wp-content\/uploads\/2015\/11\/presidente_samarco.jpg","type":"image\/jpeg"}],"author":"Aconteceu no Vale","twitter_card":"summary_large_image","twitter_creator":"@noticiadosvales","twitter_site":"@noticiadosvales","twitter_misc":{"Escrito por":"Aconteceu no Vale","Est. tempo de leitura":"2 minutos"},"schema":{"@context":"https:\/\/schema.org","@graph":[{"@type":"Article","@id":"https:\/\/aconteceunovale.com.br\/portal\/?p=80462#article","isPartOf":{"@id":"https:\/\/aconteceunovale.com.br\/portal\/?p=80462"},"author":{"name":"Aconteceu no Vale","@id":"https:\/\/aconteceunovale.com.br\/portal\/#\/schema\/person\/633529146f2c94272bef50ac2953d589"},"headline":"Funcion\u00e1rios da Samarco indiciados ser\u00e3o julgados pela Justi\u00e7a Estadual de Minas","datePublished":"2016-03-01T02:49:58+00:00","mainEntityOfPage":{"@id":"https:\/\/aconteceunovale.com.br\/portal\/?p=80462"},"wordCount":330,"commentCount":0,"image":{"@id":"https:\/\/aconteceunovale.com.br\/portal\/?p=80462#primaryimage"},"thumbnailUrl":"https:\/\/aconteceunovale.com.br\/portal\/wp-content\/uploads\/2015\/11\/presidente_samarco.jpg","keywords":["Funcion\u00e1rios da Samarco indiciados ser\u00e3o julgados pela Justi\u00e7a Estadual de Minas","Julgamento presidente da samarco","Justi\u00e7a","Marcela Oliveira Decat de Moura","Mariana","Ricardo Vescovi","Rio Doce","rompimento da barragem da samarco","rompimento da barragem de rejeitos da Samarco","rompimento de barragem","Samarco","trag\u00e9dia mariana","trag\u00e9dia samarco"],"articleSection":["Minas Gerais"],"inLanguage":"pt-BR","potentialAction":[{"@type":"CommentAction","name":"Comment","target":["https:\/\/aconteceunovale.com.br\/portal\/?p=80462#respond"]}]},{"@type":"WebPage","@id":"https:\/\/aconteceunovale.com.br\/portal\/?p=80462","url":"https:\/\/aconteceunovale.com.br\/portal\/?p=80462","name":"Funcion\u00e1rios da Samarco indiciados ser\u00e3o julgados pela Justi\u00e7a Estadual de Minas - Aconteceu no Vale","isPartOf":{"@id":"https:\/\/aconteceunovale.com.br\/portal\/#website"},"primaryImageOfPage":{"@id":"https:\/\/aconteceunovale.com.br\/portal\/?p=80462#primaryimage"},"image":{"@id":"https:\/\/aconteceunovale.com.br\/portal\/?p=80462#primaryimage"},"thumbnailUrl":"https:\/\/aconteceunovale.com.br\/portal\/wp-content\/uploads\/2015\/11\/presidente_samarco.jpg","datePublished":"2016-03-01T02:49:58+00:00","author":{"@id":"https:\/\/aconteceunovale.com.br\/portal\/#\/schema\/person\/633529146f2c94272bef50ac2953d589"},"breadcrumb":{"@id":"https:\/\/aconteceunovale.com.br\/portal\/?p=80462#breadcrumb"},"inLanguage":"pt-BR","potentialAction":[{"@type":"ReadAction","target":["https:\/\/aconteceunovale.com.br\/portal\/?p=80462"]}]},{"@type":"ImageObject","inLanguage":"pt-BR","@id":"https:\/\/aconteceunovale.com.br\/portal\/?p=80462#primaryimage","url":"https:\/\/aconteceunovale.com.br\/portal\/wp-content\/uploads\/2015\/11\/presidente_samarco.jpg","contentUrl":"https:\/\/aconteceunovale.com.br\/portal\/wp-content\/uploads\/2015\/11\/presidente_samarco.jpg","width":620,"height":440},{"@type":"BreadcrumbList","@id":"https:\/\/aconteceunovale.com.br\/portal\/?p=80462#breadcrumb","itemListElement":[{"@type":"ListItem","position":1,"name":"In\u00edcio","item":"https:\/\/aconteceunovale.com.br\/portal\/"},{"@type":"ListItem","position":2,"name":"Funcion\u00e1rios da Samarco indiciados ser\u00e3o julgados pela Justi\u00e7a Estadual de Minas"}]},{"@type":"WebSite","@id":"https:\/\/aconteceunovale.com.br\/portal\/#website","url":"https:\/\/aconteceunovale.com.br\/portal\/","name":"Aconteceu no Vale","description":"Portal de Not\u00edcias","potentialAction":[{"@type":"SearchAction","target":{"@type":"EntryPoint","urlTemplate":"https:\/\/aconteceunovale.com.br\/portal\/?s={search_term_string}"},"query-input":{"@type":"PropertyValueSpecification","valueRequired":true,"valueName":"search_term_string"}}],"inLanguage":"pt-BR"},{"@type":"Person","@id":"https:\/\/aconteceunovale.com.br\/portal\/#\/schema\/person\/633529146f2c94272bef50ac2953d589","name":"Aconteceu no Vale","description":"Equipe de reportagem do Aconteceu no Vale, portal de not\u00edcias do Vale do Jequitinhonha, em Minas Gerais. Cobrimos as 51 cidades do Vale desde 2013. Sugest\u00f5es de pauta e pedidos de corre\u00e7\u00e3o: contato@aconteceunovale.com.br","sameAs":["http:\/\/www.aconteceunovale.com.br"],"url":"https:\/\/aconteceunovale.com.br\/portal\/?author=1"}]}},"_links":{"self":[{"href":"https:\/\/aconteceunovale.com.br\/portal\/index.php?rest_route=\/wp\/v2\/posts\/80462","targetHints":{"allow":["GET"]}}],"collection":[{"href":"https:\/\/aconteceunovale.com.br\/portal\/index.php?rest_route=\/wp\/v2\/posts"}],"about":[{"href":"https:\/\/aconteceunovale.com.br\/portal\/index.php?rest_route=\/wp\/v2\/types\/post"}],"author":[{"embeddable":true,"href":"https:\/\/aconteceunovale.com.br\/portal\/index.php?rest_route=\/wp\/v2\/users\/1"}],"replies":[{"embeddable":true,"href":"https:\/\/aconteceunovale.com.br\/portal\/index.php?rest_route=%2Fwp%2Fv2%2Fcomments&post=80462"}],"version-history":[{"count":0,"href":"https:\/\/aconteceunovale.com.br\/portal\/index.php?rest_route=\/wp\/v2\/posts\/80462\/revisions"}],"wp:featuredmedia":[{"embeddable":true,"href":"https:\/\/aconteceunovale.com.br\/portal\/index.php?rest_route=\/wp\/v2\/media\/73270"}],"wp:attachment":[{"href":"https:\/\/aconteceunovale.com.br\/portal\/index.php?rest_route=%2Fwp%2Fv2%2Fmedia&parent=80462"}],"wp:term":[{"taxonomy":"category","embeddable":true,"href":"https:\/\/aconteceunovale.com.br\/portal\/index.php?rest_route=%2Fwp%2Fv2%2Fcategories&post=80462"},{"taxonomy":"post_tag","embeddable":true,"href":"https:\/\/aconteceunovale.com.br\/portal\/index.php?rest_route=%2Fwp%2Fv2%2Ftags&post=80462"}],"curies":[{"name":"wp","href":"https:\/\/api.w.org\/{rel}","templated":true}]}}