{"id":80459,"date":"2016-02-29T23:43:17","date_gmt":"2016-03-01T02:43:17","guid":{"rendered":"http:\/\/aconteceunovale.com.br\/portal\/?p=80459"},"modified":"2016-02-29T23:44:10","modified_gmt":"2016-03-01T02:44:10","slug":"belo-horizonte-registra-chuva-de-granizo-pelo-segundo-dia-seguido","status":"publish","type":"post","link":"https:\/\/aconteceunovale.com.br\/portal\/?p=80459","title":{"rendered":"Belo Horizonte registra chuva de granizo pelo segundo dia seguido"},"content":{"rendered":"<p>Belo Horizonte registrou nesta segunda-feira (29\/02) um temporal com queda de granizo em alguns bairros da cidade. O assunto vem sendo comentado nas redes sociais por diversos moradores. &#8220;Agora virou moda todo dia essa chuva de cair o mundo em BH&#8221;, postou Mary Silveira. A Coordenadoria Municipal de Defesa Civil (Comdec) alertou para a possibilidade de forte precipita\u00e7\u00e3o \u00e0 noite.<\/p>\n<p>O grande volume de chuvas em Minas Gerais deixou quase 10 mil desalojados e 3 mil desabrigados. Mais de 4 mil casas foram danificadas e 351 destru\u00eddas. De acordo com boletim divulgado nesta segunda-feira pela Coordenadoria do Estado de Defesa Civil (Cedec), 37 cidades do estado decretaram situa\u00e7\u00e3o de emerg\u00eancia devido \u00e0s chuvas deste ver\u00e3o. Na semana passada, a lista foi refor\u00e7ada pelos munic\u00edpios de Piau, Cara\u00ed e Alfenas.<\/p>\n<p>No fim de semana, a chuva causou muitos danos no estado. Em Sabar\u00e1 (MG), uma menina de oito anos desapareceu no s\u00e1bado (27) ap\u00f3s ter sido arrastada por uma enxurrada. O Corpo de Bombeiros realiza buscas. Na cidade de Juiz de Fora, o C\u00f3rrego Santa Luzia transbordou e arrastou cerca de 30 ve\u00edculos.<\/p>\n<p>Em Belo Horizonte, mais de 60 ocorr\u00eancias foram registradas pela Secretaria Municipal de Defesa Civil por ocasi\u00e3o das chuvas e da queda de granizo que ocorreu no domingo (28\/02). Entre os transtornos causados, dez muros de arrimo cederam parcialmente, seis vias foram alagadas e tr\u00eas \u00e1rvores desabaram. Por outro lado, o fornecimento de \u00e1gua e energia el\u00e9trica n\u00e3o sofreram problemas.<\/p>\n<p>Desde 2013, o ver\u00e3o na capital mineira n\u00e3o era t\u00e3o chuvoso. Em janeiro, Belo Horizonte superou o volume m\u00e9dio de 296 mil\u00edmetros (mm) de chuvas para o m\u00eas ap\u00f3s dois anos de pouca precipita\u00e7\u00e3o. Segundo o Instituto Nacional de Meteorologia (Inmet), foram 328,9 mm. Em fevereiro, at\u00e9 o in\u00edcio desta segunda (29), havia chovido na capital um total de 175,7 mm. A m\u00e9dia de precipita\u00e7\u00e3o na capital mineira para o m\u00eas \u00e9 de 188,4 mm.<\/p>\n<p><img decoding=\"async\" src=\"http:\/\/aconteceunovale.com.br\/portal\/wp-content\/uploads\/2016\/02\/granizo_bh.jpg\" alt=\"\" \/><em>Chuva tamb\u00e9m atingiu o bairro Cai\u00e7ara, na regi\u00e3o Noroeste de BH &#8211; Foto: O Tempo<\/em><br \/>\n<\/br><\/p>\n<p><strong>Reservat\u00f3rios<\/strong><\/p>\n<p>O excesso de chuvas melhora a situa\u00e7\u00e3o dos reservat\u00f3rios de \u00e1gua que abastecem a zona metropolitana de Belo Horizonte. Segundo a Companhia de Saneamento de Minas Gerais (Copasa), o Sistema Paraopeba chegou a 49,2% de sua capacidade, um aumento de 5,8 pontos percentuais em rela\u00e7\u00e3o ao in\u00edcio do m\u00eas. A situa\u00e7\u00e3o ainda n\u00e3o \u00e9 confort\u00e1vel, mas \u00e9 melhor que em 2015. No final de fevereiro do ano passado, o n\u00edvel estava em 30,2%.<\/p>\n<p>Todos os tr\u00eas reservat\u00f3rios do sistema tamb\u00e9m tiveram alta. O Rio Manso subiu quase dez pontos percentuais nos \u00faltimos 30 dias e chegou a 61% da sua capacidade. Vargem das Flores teve uma alta mais t\u00edmida, alcan\u00e7ando 50,2% ap\u00f3s seu n\u00f3vel crescer apenas 0,3 pontos percetuais. J\u00e1 o reservat\u00f3rio Serra Azul saiu de 23,2% no in\u00edcio de fevereiro e chegou a 28,8%. (Ag\u00eancia Brasil)<\/p>\n","protected":false},"excerpt":{"rendered":"<p>Belo Horizonte registrou nesta segunda-feira (29\/02) um temporal com queda de granizo em alguns bairros da cidade. O assunto vem sendo comentado nas redes sociais por diversos moradores. &#8220;Agora virou moda todo dia essa chuva de cair o mundo em BH&#8221;, postou Mary Silveira. A Coordenadoria Municipal de Defesa Civil (Comdec) alertou para a possibilidade [&hellip;]<\/p>\n","protected":false},"author":1,"featured_media":80460,"comment_status":"open","ping_status":"closed","sticky":false,"template":"","format":"standard","meta":{"amp_status":"","footnotes":""},"categories":[123],"tags":[194,80247,80245,61404,1346,32561,80244,1779,80246,64429],"class_list":["post-80459","post","type-post","status-publish","format-standard","has-post-thumbnail","hentry","category-gerais","tag-belo-horizonte","tag-belo-horizonte-registra-chuva-de-granizo-pelo-segundo-dia-seguido","tag-chuva-de-granizo-em-belo-horizonte","tag-chuva-em-belo-horizonte","tag-chuva-em-minas","tag-chuva-em-minas-gerais","tag-queda-de-granizo-em-belo-horizonte","tag-sabara","tag-temporal-com-queda-de-granizo","tag-temporal-em-belo-horizonte"],"yoast_head":"<!-- This site is optimized with the Yoast SEO plugin v28.3 - https:\/\/yoast.com\/product\/yoast-seo-wordpress\/ -->\n<title>Belo Horizonte registra chuva de granizo pelo segundo dia seguido - Aconteceu no Vale<\/title>\n<meta name=\"robots\" content=\"index, follow, max-snippet:-1, max-image-preview:large, max-video-preview:-1\" \/>\n<link rel=\"canonical\" href=\"https:\/\/aconteceunovale.com.br\/portal\/?p=80459\" \/>\n<meta property=\"og:locale\" content=\"pt_BR\" \/>\n<meta property=\"og:type\" content=\"article\" \/>\n<meta property=\"og:title\" content=\"Belo Horizonte registra chuva de granizo pelo segundo dia seguido - Aconteceu no Vale\" \/>\n<meta property=\"og:description\" content=\"Belo Horizonte registrou nesta segunda-feira (29\/02) um temporal com queda de granizo em alguns bairros da cidade. O assunto vem sendo comentado nas redes sociais por diversos moradores. &#8220;Agora virou moda todo dia essa chuva de cair o mundo em BH&#8221;, postou Mary Silveira. A Coordenadoria Municipal de Defesa Civil (Comdec) alertou para a possibilidade [&hellip;]\" \/>\n<meta property=\"og:url\" content=\"https:\/\/aconteceunovale.com.br\/portal\/?p=80459\" \/>\n<meta property=\"og:site_name\" content=\"Aconteceu no Vale\" \/>\n<meta property=\"article:publisher\" content=\"https:\/\/www.facebook.com\/aconteceunovale\/\" \/>\n<meta property=\"article:published_time\" content=\"2016-03-01T02:43:17+00:00\" \/>\n<meta property=\"article:modified_time\" content=\"2016-03-01T02:44:10+00:00\" \/>\n<meta property=\"og:image\" content=\"https:\/\/aconteceunovale.com.br\/portal\/wp-content\/uploads\/2016\/02\/granizo_bh.jpg\" \/>\n\t<meta property=\"og:image:width\" content=\"620\" \/>\n\t<meta property=\"og:image:height\" content=\"413\" \/>\n\t<meta property=\"og:image:type\" content=\"image\/jpeg\" \/>\n<meta name=\"author\" content=\"Aconteceu no Vale\" \/>\n<meta name=\"twitter:card\" content=\"summary_large_image\" \/>\n<meta name=\"twitter:creator\" content=\"@noticiadosvales\" \/>\n<meta name=\"twitter:site\" content=\"@noticiadosvales\" \/>\n<meta name=\"twitter:label1\" content=\"Escrito por\" \/>\n\t<meta name=\"twitter:data1\" content=\"Aconteceu no Vale\" \/>\n\t<meta name=\"twitter:label2\" content=\"Est. tempo de leitura\" \/>\n\t<meta name=\"twitter:data2\" content=\"2 minutos\" \/>\n<script type=\"application\/ld+json\" class=\"yoast-schema-graph\">{\"@context\":\"https:\\\/\\\/schema.org\",\"@graph\":[{\"@type\":\"Article\",\"@id\":\"https:\\\/\\\/aconteceunovale.com.br\\\/portal\\\/?p=80459#article\",\"isPartOf\":{\"@id\":\"https:\\\/\\\/aconteceunovale.com.br\\\/portal\\\/?p=80459\"},\"author\":{\"name\":\"Aconteceu no Vale\",\"@id\":\"https:\\\/\\\/aconteceunovale.com.br\\\/portal\\\/#\\\/schema\\\/person\\\/633529146f2c94272bef50ac2953d589\"},\"headline\":\"Belo Horizonte registra chuva de granizo pelo segundo dia seguido\",\"datePublished\":\"2016-03-01T02:43:17+00:00\",\"dateModified\":\"2016-03-01T02:44:10+00:00\",\"mainEntityOfPage\":{\"@id\":\"https:\\\/\\\/aconteceunovale.com.br\\\/portal\\\/?p=80459\"},\"wordCount\":501,\"commentCount\":0,\"image\":{\"@id\":\"https:\\\/\\\/aconteceunovale.com.br\\\/portal\\\/?p=80459#primaryimage\"},\"thumbnailUrl\":\"https:\\\/\\\/aconteceunovale.com.br\\\/portal\\\/wp-content\\\/uploads\\\/2016\\\/02\\\/granizo_bh.jpg\",\"keywords\":[\"Belo Horizonte\",\"Belo Horizonte registra chuva de granizo pelo segundo dia seguido\",\"Chuva de granizo em Belo Horizonte\",\"chuva em belo horizonte\",\"chuva em minas\",\"chuva em minas gerais\",\"queda de granizo em Belo Horizonte\",\"Sabar\u00e1\",\"temporal com queda de granizo\",\"temporal em belo horizonte\"],\"articleSection\":[\"Minas Gerais\"],\"inLanguage\":\"pt-BR\",\"potentialAction\":[{\"@type\":\"CommentAction\",\"name\":\"Comment\",\"target\":[\"https:\\\/\\\/aconteceunovale.com.br\\\/portal\\\/?p=80459#respond\"]}]},{\"@type\":\"WebPage\",\"@id\":\"https:\\\/\\\/aconteceunovale.com.br\\\/portal\\\/?p=80459\",\"url\":\"https:\\\/\\\/aconteceunovale.com.br\\\/portal\\\/?p=80459\",\"name\":\"Belo Horizonte registra chuva de granizo pelo segundo dia seguido - Aconteceu no Vale\",\"isPartOf\":{\"@id\":\"https:\\\/\\\/aconteceunovale.com.br\\\/portal\\\/#website\"},\"primaryImageOfPage\":{\"@id\":\"https:\\\/\\\/aconteceunovale.com.br\\\/portal\\\/?p=80459#primaryimage\"},\"image\":{\"@id\":\"https:\\\/\\\/aconteceunovale.com.br\\\/portal\\\/?p=80459#primaryimage\"},\"thumbnailUrl\":\"https:\\\/\\\/aconteceunovale.com.br\\\/portal\\\/wp-content\\\/uploads\\\/2016\\\/02\\\/granizo_bh.jpg\",\"datePublished\":\"2016-03-01T02:43:17+00:00\",\"dateModified\":\"2016-03-01T02:44:10+00:00\",\"author\":{\"@id\":\"https:\\\/\\\/aconteceunovale.com.br\\\/portal\\\/#\\\/schema\\\/person\\\/633529146f2c94272bef50ac2953d589\"},\"breadcrumb\":{\"@id\":\"https:\\\/\\\/aconteceunovale.com.br\\\/portal\\\/?p=80459#breadcrumb\"},\"inLanguage\":\"pt-BR\",\"potentialAction\":[{\"@type\":\"ReadAction\",\"target\":[\"https:\\\/\\\/aconteceunovale.com.br\\\/portal\\\/?p=80459\"]}]},{\"@type\":\"ImageObject\",\"inLanguage\":\"pt-BR\",\"@id\":\"https:\\\/\\\/aconteceunovale.com.br\\\/portal\\\/?p=80459#primaryimage\",\"url\":\"https:\\\/\\\/aconteceunovale.com.br\\\/portal\\\/wp-content\\\/uploads\\\/2016\\\/02\\\/granizo_bh.jpg\",\"contentUrl\":\"https:\\\/\\\/aconteceunovale.com.br\\\/portal\\\/wp-content\\\/uploads\\\/2016\\\/02\\\/granizo_bh.jpg\",\"width\":620,\"height\":413},{\"@type\":\"BreadcrumbList\",\"@id\":\"https:\\\/\\\/aconteceunovale.com.br\\\/portal\\\/?p=80459#breadcrumb\",\"itemListElement\":[{\"@type\":\"ListItem\",\"position\":1,\"name\":\"In\u00edcio\",\"item\":\"https:\\\/\\\/aconteceunovale.com.br\\\/portal\\\/\"},{\"@type\":\"ListItem\",\"position\":2,\"name\":\"Belo Horizonte registra chuva de granizo pelo segundo dia seguido\"}]},{\"@type\":\"WebSite\",\"@id\":\"https:\\\/\\\/aconteceunovale.com.br\\\/portal\\\/#website\",\"url\":\"https:\\\/\\\/aconteceunovale.com.br\\\/portal\\\/\",\"name\":\"Aconteceu no Vale\",\"description\":\"Portal de Not\u00edcias\",\"potentialAction\":[{\"@type\":\"SearchAction\",\"target\":{\"@type\":\"EntryPoint\",\"urlTemplate\":\"https:\\\/\\\/aconteceunovale.com.br\\\/portal\\\/?s={search_term_string}\"},\"query-input\":{\"@type\":\"PropertyValueSpecification\",\"valueRequired\":true,\"valueName\":\"search_term_string\"}}],\"inLanguage\":\"pt-BR\"},{\"@type\":\"Person\",\"@id\":\"https:\\\/\\\/aconteceunovale.com.br\\\/portal\\\/#\\\/schema\\\/person\\\/633529146f2c94272bef50ac2953d589\",\"name\":\"Aconteceu no Vale\",\"description\":\"Equipe de reportagem do Aconteceu no Vale, portal de not\u00edcias do Vale do Jequitinhonha, em Minas Gerais. Cobrimos as 51 cidades do Vale desde 2013. Sugest\u00f5es de pauta e pedidos de corre\u00e7\u00e3o: contato@aconteceunovale.com.br\",\"sameAs\":[\"http:\\\/\\\/www.aconteceunovale.com.br\"],\"url\":\"https:\\\/\\\/aconteceunovale.com.br\\\/portal\\\/?author=1\"}]}<\/script>\n<!-- \/ Yoast SEO plugin. -->","yoast_head_json":{"title":"Belo Horizonte registra chuva de granizo pelo segundo dia seguido - Aconteceu no Vale","robots":{"index":"index","follow":"follow","max-snippet":"max-snippet:-1","max-image-preview":"max-image-preview:large","max-video-preview":"max-video-preview:-1"},"canonical":"https:\/\/aconteceunovale.com.br\/portal\/?p=80459","og_locale":"pt_BR","og_type":"article","og_title":"Belo Horizonte registra chuva de granizo pelo segundo dia seguido - Aconteceu no Vale","og_description":"Belo Horizonte registrou nesta segunda-feira (29\/02) um temporal com queda de granizo em alguns bairros da cidade. O assunto vem sendo comentado nas redes sociais por diversos moradores. &#8220;Agora virou moda todo dia essa chuva de cair o mundo em BH&#8221;, postou Mary Silveira. A Coordenadoria Municipal de Defesa Civil (Comdec) alertou para a possibilidade [&hellip;]","og_url":"https:\/\/aconteceunovale.com.br\/portal\/?p=80459","og_site_name":"Aconteceu no Vale","article_publisher":"https:\/\/www.facebook.com\/aconteceunovale\/","article_published_time":"2016-03-01T02:43:17+00:00","article_modified_time":"2016-03-01T02:44:10+00:00","og_image":[{"width":620,"height":413,"url":"https:\/\/aconteceunovale.com.br\/portal\/wp-content\/uploads\/2016\/02\/granizo_bh.jpg","type":"image\/jpeg"}],"author":"Aconteceu no Vale","twitter_card":"summary_large_image","twitter_creator":"@noticiadosvales","twitter_site":"@noticiadosvales","twitter_misc":{"Escrito por":"Aconteceu no Vale","Est. tempo de leitura":"2 minutos"},"schema":{"@context":"https:\/\/schema.org","@graph":[{"@type":"Article","@id":"https:\/\/aconteceunovale.com.br\/portal\/?p=80459#article","isPartOf":{"@id":"https:\/\/aconteceunovale.com.br\/portal\/?p=80459"},"author":{"name":"Aconteceu no Vale","@id":"https:\/\/aconteceunovale.com.br\/portal\/#\/schema\/person\/633529146f2c94272bef50ac2953d589"},"headline":"Belo Horizonte registra chuva de granizo pelo segundo dia seguido","datePublished":"2016-03-01T02:43:17+00:00","dateModified":"2016-03-01T02:44:10+00:00","mainEntityOfPage":{"@id":"https:\/\/aconteceunovale.com.br\/portal\/?p=80459"},"wordCount":501,"commentCount":0,"image":{"@id":"https:\/\/aconteceunovale.com.br\/portal\/?p=80459#primaryimage"},"thumbnailUrl":"https:\/\/aconteceunovale.com.br\/portal\/wp-content\/uploads\/2016\/02\/granizo_bh.jpg","keywords":["Belo Horizonte","Belo Horizonte registra chuva de granizo pelo segundo dia seguido","Chuva de granizo em Belo Horizonte","chuva em belo horizonte","chuva em minas","chuva em minas gerais","queda de granizo em Belo Horizonte","Sabar\u00e1","temporal com queda de granizo","temporal em belo horizonte"],"articleSection":["Minas Gerais"],"inLanguage":"pt-BR","potentialAction":[{"@type":"CommentAction","name":"Comment","target":["https:\/\/aconteceunovale.com.br\/portal\/?p=80459#respond"]}]},{"@type":"WebPage","@id":"https:\/\/aconteceunovale.com.br\/portal\/?p=80459","url":"https:\/\/aconteceunovale.com.br\/portal\/?p=80459","name":"Belo Horizonte registra chuva de granizo pelo segundo dia seguido - Aconteceu no Vale","isPartOf":{"@id":"https:\/\/aconteceunovale.com.br\/portal\/#website"},"primaryImageOfPage":{"@id":"https:\/\/aconteceunovale.com.br\/portal\/?p=80459#primaryimage"},"image":{"@id":"https:\/\/aconteceunovale.com.br\/portal\/?p=80459#primaryimage"},"thumbnailUrl":"https:\/\/aconteceunovale.com.br\/portal\/wp-content\/uploads\/2016\/02\/granizo_bh.jpg","datePublished":"2016-03-01T02:43:17+00:00","dateModified":"2016-03-01T02:44:10+00:00","author":{"@id":"https:\/\/aconteceunovale.com.br\/portal\/#\/schema\/person\/633529146f2c94272bef50ac2953d589"},"breadcrumb":{"@id":"https:\/\/aconteceunovale.com.br\/portal\/?p=80459#breadcrumb"},"inLanguage":"pt-BR","potentialAction":[{"@type":"ReadAction","target":["https:\/\/aconteceunovale.com.br\/portal\/?p=80459"]}]},{"@type":"ImageObject","inLanguage":"pt-BR","@id":"https:\/\/aconteceunovale.com.br\/portal\/?p=80459#primaryimage","url":"https:\/\/aconteceunovale.com.br\/portal\/wp-content\/uploads\/2016\/02\/granizo_bh.jpg","contentUrl":"https:\/\/aconteceunovale.com.br\/portal\/wp-content\/uploads\/2016\/02\/granizo_bh.jpg","width":620,"height":413},{"@type":"BreadcrumbList","@id":"https:\/\/aconteceunovale.com.br\/portal\/?p=80459#breadcrumb","itemListElement":[{"@type":"ListItem","position":1,"name":"In\u00edcio","item":"https:\/\/aconteceunovale.com.br\/portal\/"},{"@type":"ListItem","position":2,"name":"Belo Horizonte registra chuva de granizo pelo segundo dia seguido"}]},{"@type":"WebSite","@id":"https:\/\/aconteceunovale.com.br\/portal\/#website","url":"https:\/\/aconteceunovale.com.br\/portal\/","name":"Aconteceu no Vale","description":"Portal de Not\u00edcias","potentialAction":[{"@type":"SearchAction","target":{"@type":"EntryPoint","urlTemplate":"https:\/\/aconteceunovale.com.br\/portal\/?s={search_term_string}"},"query-input":{"@type":"PropertyValueSpecification","valueRequired":true,"valueName":"search_term_string"}}],"inLanguage":"pt-BR"},{"@type":"Person","@id":"https:\/\/aconteceunovale.com.br\/portal\/#\/schema\/person\/633529146f2c94272bef50ac2953d589","name":"Aconteceu no Vale","description":"Equipe de reportagem do Aconteceu no Vale, portal de not\u00edcias do Vale do Jequitinhonha, em Minas Gerais. Cobrimos as 51 cidades do Vale desde 2013. Sugest\u00f5es de pauta e pedidos de corre\u00e7\u00e3o: contato@aconteceunovale.com.br","sameAs":["http:\/\/www.aconteceunovale.com.br"],"url":"https:\/\/aconteceunovale.com.br\/portal\/?author=1"}]}},"_links":{"self":[{"href":"https:\/\/aconteceunovale.com.br\/portal\/index.php?rest_route=\/wp\/v2\/posts\/80459","targetHints":{"allow":["GET"]}}],"collection":[{"href":"https:\/\/aconteceunovale.com.br\/portal\/index.php?rest_route=\/wp\/v2\/posts"}],"about":[{"href":"https:\/\/aconteceunovale.com.br\/portal\/index.php?rest_route=\/wp\/v2\/types\/post"}],"author":[{"embeddable":true,"href":"https:\/\/aconteceunovale.com.br\/portal\/index.php?rest_route=\/wp\/v2\/users\/1"}],"replies":[{"embeddable":true,"href":"https:\/\/aconteceunovale.com.br\/portal\/index.php?rest_route=%2Fwp%2Fv2%2Fcomments&post=80459"}],"version-history":[{"count":0,"href":"https:\/\/aconteceunovale.com.br\/portal\/index.php?rest_route=\/wp\/v2\/posts\/80459\/revisions"}],"wp:featuredmedia":[{"embeddable":true,"href":"https:\/\/aconteceunovale.com.br\/portal\/index.php?rest_route=\/wp\/v2\/media\/80460"}],"wp:attachment":[{"href":"https:\/\/aconteceunovale.com.br\/portal\/index.php?rest_route=%2Fwp%2Fv2%2Fmedia&parent=80459"}],"wp:term":[{"taxonomy":"category","embeddable":true,"href":"https:\/\/aconteceunovale.com.br\/portal\/index.php?rest_route=%2Fwp%2Fv2%2Fcategories&post=80459"},{"taxonomy":"post_tag","embeddable":true,"href":"https:\/\/aconteceunovale.com.br\/portal\/index.php?rest_route=%2Fwp%2Fv2%2Ftags&post=80459"}],"curies":[{"name":"wp","href":"https:\/\/api.w.org\/{rel}","templated":true}]}}