{"id":80456,"date":"2016-02-29T23:05:41","date_gmt":"2016-03-01T02:05:41","guid":{"rendered":"http:\/\/aconteceunovale.com.br\/portal\/?p=80456"},"modified":"2016-02-29T23:05:50","modified_gmt":"2016-03-01T02:05:50","slug":"adolescente-e-morto-pelo-cunhado-com-disparo-acidental-em-caratinga","status":"publish","type":"post","link":"https:\/\/aconteceunovale.com.br\/portal\/?p=80456","title":{"rendered":"Adolescente \u00e9 morto pelo cunhado com disparo acidental em Caratinga"},"content":{"rendered":"<p>Um jovem de 20 anos foi preso ap\u00f3s disparar, a princ\u00edpio, acidentalmente contra o cunhado de 13 anos no distrito de Santa Luzia, em Caratinga, na regi\u00e3o do Rio Doce, nesse domingo (28\/02).<\/p>\n<p>De acordo com o boletim de ocorr\u00eancia da Pol\u00edcia Militar, testemunhas contaram que o suspeito estava na cozinha da casa, localizada na rua Alice Fonseca, conversando com a m\u00e3e de Daniel da Silva Gomes.<\/p>\n<p>Logo ap\u00f3s, ele foi para o quarto e pegou um rev\u00f3lver calibre 32. No c\u00f4modo estavam tr\u00eas adolescentes. Em conversa com os garotos, ele teria dito: \u201cVoc\u00eas precisam ver \u00e9 o barulho que isso faz\u201d. Em seguida, efetuou um disparo.<\/p>\n<p>O tiro atingiu o ombro esquerdo de Gomes. O menino chegou a ser socorrido ao Pronto Atendimento da cidade, mas n\u00e3o resistiu ao ferimento. Com a chegada da pol\u00edcia, o jovem negou que tivesse atirado e tentou intimidar os outros dois menores que estavam no c\u00f4modo para que n\u00e3o falassem nada aos militares.<\/p>\n<p>Questionado em rela\u00e7\u00e3o ao rev\u00f3lver, o homem afirmou que pegou emprestado com um adolescente de 17 anos ap\u00f3s ser envolver em uma confus\u00e3o com um desafeto nesse s\u00e1bado (27). Na briga, ele esfaqueou o rival, mas n\u00e3o chegou a ser preso.<\/p>\n<p>Policiais deslocaram at\u00e9 um bar do distrito e encontraram o menor. Ele assumiu ser o propriet\u00e1rio da arma e confirmou o empr\u00e9stimo ao suspeito. Com o garoto, a pol\u00edcia encontrou uma bucha de maconha e ele foi apreendido. Os dois foram encaminhados \u00e0 delegacia de plant\u00e3o do munic\u00edpio. (O Tempo)<\/p>\n","protected":false},"excerpt":{"rendered":"<p>Um jovem de 20 anos foi preso ap\u00f3s disparar, a princ\u00edpio, acidentalmente contra o cunhado de 13 anos no distrito de Santa Luzia, em Caratinga, na regi\u00e3o do Rio Doce, nesse domingo (28\/02). De acordo com o boletim de ocorr\u00eancia da Pol\u00edcia Militar, testemunhas contaram que o suspeito estava na cozinha da casa, localizada na [&hellip;]<\/p>\n","protected":false},"author":1,"featured_media":71442,"comment_status":"open","ping_status":"closed","sticky":false,"template":"","format":"standard","meta":{"amp_status":"","footnotes":""},"categories":[121],"tags":[80243,80240,237,80235,80242,80237,80236,80238,80239,1498,80241],"class_list":["post-80456","post","type-post","status-publish","format-standard","has-post-thumbnail","hentry","category-leste","tag-adolescente-e-morto-pelo-cunhado-com-disparo-acidental-em-caratinga","tag-assassinato-caratinga","tag-caratinga","tag-daniel-da-silva-gomes","tag-ederson-ribeiro","tag-homicidio-caratinga","tag-homicidio-distrito-santa-luzia","tag-morte-caratinga","tag-morto-caratinga","tag-santa-luzia","tag-thiago-felipe-alves-dos-santos"],"yoast_head":"<!-- This site is optimized with the Yoast SEO plugin v28.3 - https:\/\/yoast.com\/product\/yoast-seo-wordpress\/ -->\n<title>Adolescente \u00e9 morto pelo cunhado com disparo acidental em Caratinga - Aconteceu no Vale<\/title>\n<meta name=\"robots\" content=\"index, follow, max-snippet:-1, max-image-preview:large, max-video-preview:-1\" \/>\n<link rel=\"canonical\" href=\"https:\/\/aconteceunovale.com.br\/portal\/?p=80456\" \/>\n<meta property=\"og:locale\" content=\"pt_BR\" \/>\n<meta property=\"og:type\" content=\"article\" \/>\n<meta property=\"og:title\" content=\"Adolescente \u00e9 morto pelo cunhado com disparo acidental em Caratinga - Aconteceu no Vale\" \/>\n<meta property=\"og:description\" content=\"Um jovem de 20 anos foi preso ap\u00f3s disparar, a princ\u00edpio, acidentalmente contra o cunhado de 13 anos no distrito de Santa Luzia, em Caratinga, na regi\u00e3o do Rio Doce, nesse domingo (28\/02). De acordo com o boletim de ocorr\u00eancia da Pol\u00edcia Militar, testemunhas contaram que o suspeito estava na cozinha da casa, localizada na [&hellip;]\" \/>\n<meta property=\"og:url\" content=\"https:\/\/aconteceunovale.com.br\/portal\/?p=80456\" \/>\n<meta property=\"og:site_name\" content=\"Aconteceu no Vale\" \/>\n<meta property=\"article:publisher\" content=\"https:\/\/www.facebook.com\/aconteceunovale\/\" \/>\n<meta property=\"article:published_time\" content=\"2016-03-01T02:05:41+00:00\" \/>\n<meta property=\"article:modified_time\" content=\"2016-03-01T02:05:50+00:00\" \/>\n<meta property=\"og:image\" content=\"https:\/\/aconteceunovale.com.br\/portal\/wp-content\/uploads\/2015\/10\/plantao_giroflex.jpg\" \/>\n\t<meta property=\"og:image:width\" content=\"678\" \/>\n\t<meta property=\"og:image:height\" content=\"389\" \/>\n\t<meta property=\"og:image:type\" content=\"image\/jpeg\" \/>\n<meta name=\"author\" content=\"Aconteceu no Vale\" \/>\n<meta name=\"twitter:card\" content=\"summary_large_image\" \/>\n<meta name=\"twitter:creator\" content=\"@noticiadosvales\" \/>\n<meta name=\"twitter:site\" content=\"@noticiadosvales\" \/>\n<meta name=\"twitter:label1\" content=\"Escrito por\" \/>\n\t<meta name=\"twitter:data1\" content=\"Aconteceu no Vale\" \/>\n\t<meta name=\"twitter:label2\" content=\"Est. tempo de leitura\" \/>\n\t<meta name=\"twitter:data2\" content=\"1 minuto\" \/>\n<script type=\"application\/ld+json\" class=\"yoast-schema-graph\">{\"@context\":\"https:\\\/\\\/schema.org\",\"@graph\":[{\"@type\":\"Article\",\"@id\":\"https:\\\/\\\/aconteceunovale.com.br\\\/portal\\\/?p=80456#article\",\"isPartOf\":{\"@id\":\"https:\\\/\\\/aconteceunovale.com.br\\\/portal\\\/?p=80456\"},\"author\":{\"name\":\"Aconteceu no Vale\",\"@id\":\"https:\\\/\\\/aconteceunovale.com.br\\\/portal\\\/#\\\/schema\\\/person\\\/633529146f2c94272bef50ac2953d589\"},\"headline\":\"Adolescente \u00e9 morto pelo cunhado com disparo acidental em Caratinga\",\"datePublished\":\"2016-03-01T02:05:41+00:00\",\"dateModified\":\"2016-03-01T02:05:50+00:00\",\"mainEntityOfPage\":{\"@id\":\"https:\\\/\\\/aconteceunovale.com.br\\\/portal\\\/?p=80456\"},\"wordCount\":278,\"commentCount\":0,\"image\":{\"@id\":\"https:\\\/\\\/aconteceunovale.com.br\\\/portal\\\/?p=80456#primaryimage\"},\"thumbnailUrl\":\"https:\\\/\\\/aconteceunovale.com.br\\\/portal\\\/wp-content\\\/uploads\\\/2015\\\/10\\\/plantao_giroflex.jpg\",\"keywords\":[\"Adolescente \u00e9 morto pelo cunhado com disparo acidental em Caratinga\",\"assassinato Caratinga\",\"Caratinga\",\"Daniel da Silva Gomes\",\"Ederson Ribeiro\",\"homic\u00eddio Caratinga\",\"homic\u00eddio distrito Santa Luzia\",\"Morte Caratinga\",\"Morto Caratinga\",\"Santa Luzia\",\"Thiago Felipe Alves dos Santos\"],\"articleSection\":[\"Leste de Minas\"],\"inLanguage\":\"pt-BR\",\"potentialAction\":[{\"@type\":\"CommentAction\",\"name\":\"Comment\",\"target\":[\"https:\\\/\\\/aconteceunovale.com.br\\\/portal\\\/?p=80456#respond\"]}]},{\"@type\":\"WebPage\",\"@id\":\"https:\\\/\\\/aconteceunovale.com.br\\\/portal\\\/?p=80456\",\"url\":\"https:\\\/\\\/aconteceunovale.com.br\\\/portal\\\/?p=80456\",\"name\":\"Adolescente \u00e9 morto pelo cunhado com disparo acidental em Caratinga - Aconteceu no Vale\",\"isPartOf\":{\"@id\":\"https:\\\/\\\/aconteceunovale.com.br\\\/portal\\\/#website\"},\"primaryImageOfPage\":{\"@id\":\"https:\\\/\\\/aconteceunovale.com.br\\\/portal\\\/?p=80456#primaryimage\"},\"image\":{\"@id\":\"https:\\\/\\\/aconteceunovale.com.br\\\/portal\\\/?p=80456#primaryimage\"},\"thumbnailUrl\":\"https:\\\/\\\/aconteceunovale.com.br\\\/portal\\\/wp-content\\\/uploads\\\/2015\\\/10\\\/plantao_giroflex.jpg\",\"datePublished\":\"2016-03-01T02:05:41+00:00\",\"dateModified\":\"2016-03-01T02:05:50+00:00\",\"author\":{\"@id\":\"https:\\\/\\\/aconteceunovale.com.br\\\/portal\\\/#\\\/schema\\\/person\\\/633529146f2c94272bef50ac2953d589\"},\"breadcrumb\":{\"@id\":\"https:\\\/\\\/aconteceunovale.com.br\\\/portal\\\/?p=80456#breadcrumb\"},\"inLanguage\":\"pt-BR\",\"potentialAction\":[{\"@type\":\"ReadAction\",\"target\":[\"https:\\\/\\\/aconteceunovale.com.br\\\/portal\\\/?p=80456\"]}]},{\"@type\":\"ImageObject\",\"inLanguage\":\"pt-BR\",\"@id\":\"https:\\\/\\\/aconteceunovale.com.br\\\/portal\\\/?p=80456#primaryimage\",\"url\":\"https:\\\/\\\/aconteceunovale.com.br\\\/portal\\\/wp-content\\\/uploads\\\/2015\\\/10\\\/plantao_giroflex.jpg\",\"contentUrl\":\"https:\\\/\\\/aconteceunovale.com.br\\\/portal\\\/wp-content\\\/uploads\\\/2015\\\/10\\\/plantao_giroflex.jpg\",\"width\":678,\"height\":389},{\"@type\":\"BreadcrumbList\",\"@id\":\"https:\\\/\\\/aconteceunovale.com.br\\\/portal\\\/?p=80456#breadcrumb\",\"itemListElement\":[{\"@type\":\"ListItem\",\"position\":1,\"name\":\"In\u00edcio\",\"item\":\"https:\\\/\\\/aconteceunovale.com.br\\\/portal\\\/\"},{\"@type\":\"ListItem\",\"position\":2,\"name\":\"Adolescente \u00e9 morto pelo cunhado com disparo acidental em Caratinga\"}]},{\"@type\":\"WebSite\",\"@id\":\"https:\\\/\\\/aconteceunovale.com.br\\\/portal\\\/#website\",\"url\":\"https:\\\/\\\/aconteceunovale.com.br\\\/portal\\\/\",\"name\":\"Aconteceu no Vale\",\"description\":\"Portal de Not\u00edcias\",\"potentialAction\":[{\"@type\":\"SearchAction\",\"target\":{\"@type\":\"EntryPoint\",\"urlTemplate\":\"https:\\\/\\\/aconteceunovale.com.br\\\/portal\\\/?s={search_term_string}\"},\"query-input\":{\"@type\":\"PropertyValueSpecification\",\"valueRequired\":true,\"valueName\":\"search_term_string\"}}],\"inLanguage\":\"pt-BR\"},{\"@type\":\"Person\",\"@id\":\"https:\\\/\\\/aconteceunovale.com.br\\\/portal\\\/#\\\/schema\\\/person\\\/633529146f2c94272bef50ac2953d589\",\"name\":\"Aconteceu no Vale\",\"description\":\"Equipe de reportagem do Aconteceu no Vale, portal de not\u00edcias do Vale do Jequitinhonha, em Minas Gerais. Cobrimos as 51 cidades do Vale desde 2013. Sugest\u00f5es de pauta e pedidos de corre\u00e7\u00e3o: contato@aconteceunovale.com.br\",\"sameAs\":[\"http:\\\/\\\/www.aconteceunovale.com.br\"],\"url\":\"https:\\\/\\\/aconteceunovale.com.br\\\/portal\\\/?author=1\"}]}<\/script>\n<!-- \/ Yoast SEO plugin. -->","yoast_head_json":{"title":"Adolescente \u00e9 morto pelo cunhado com disparo acidental em Caratinga - Aconteceu no Vale","robots":{"index":"index","follow":"follow","max-snippet":"max-snippet:-1","max-image-preview":"max-image-preview:large","max-video-preview":"max-video-preview:-1"},"canonical":"https:\/\/aconteceunovale.com.br\/portal\/?p=80456","og_locale":"pt_BR","og_type":"article","og_title":"Adolescente \u00e9 morto pelo cunhado com disparo acidental em Caratinga - Aconteceu no Vale","og_description":"Um jovem de 20 anos foi preso ap\u00f3s disparar, a princ\u00edpio, acidentalmente contra o cunhado de 13 anos no distrito de Santa Luzia, em Caratinga, na regi\u00e3o do Rio Doce, nesse domingo (28\/02). De acordo com o boletim de ocorr\u00eancia da Pol\u00edcia Militar, testemunhas contaram que o suspeito estava na cozinha da casa, localizada na [&hellip;]","og_url":"https:\/\/aconteceunovale.com.br\/portal\/?p=80456","og_site_name":"Aconteceu no Vale","article_publisher":"https:\/\/www.facebook.com\/aconteceunovale\/","article_published_time":"2016-03-01T02:05:41+00:00","article_modified_time":"2016-03-01T02:05:50+00:00","og_image":[{"width":678,"height":389,"url":"https:\/\/aconteceunovale.com.br\/portal\/wp-content\/uploads\/2015\/10\/plantao_giroflex.jpg","type":"image\/jpeg"}],"author":"Aconteceu no Vale","twitter_card":"summary_large_image","twitter_creator":"@noticiadosvales","twitter_site":"@noticiadosvales","twitter_misc":{"Escrito por":"Aconteceu no Vale","Est. tempo de leitura":"1 minuto"},"schema":{"@context":"https:\/\/schema.org","@graph":[{"@type":"Article","@id":"https:\/\/aconteceunovale.com.br\/portal\/?p=80456#article","isPartOf":{"@id":"https:\/\/aconteceunovale.com.br\/portal\/?p=80456"},"author":{"name":"Aconteceu no Vale","@id":"https:\/\/aconteceunovale.com.br\/portal\/#\/schema\/person\/633529146f2c94272bef50ac2953d589"},"headline":"Adolescente \u00e9 morto pelo cunhado com disparo acidental em Caratinga","datePublished":"2016-03-01T02:05:41+00:00","dateModified":"2016-03-01T02:05:50+00:00","mainEntityOfPage":{"@id":"https:\/\/aconteceunovale.com.br\/portal\/?p=80456"},"wordCount":278,"commentCount":0,"image":{"@id":"https:\/\/aconteceunovale.com.br\/portal\/?p=80456#primaryimage"},"thumbnailUrl":"https:\/\/aconteceunovale.com.br\/portal\/wp-content\/uploads\/2015\/10\/plantao_giroflex.jpg","keywords":["Adolescente \u00e9 morto pelo cunhado com disparo acidental em Caratinga","assassinato Caratinga","Caratinga","Daniel da Silva Gomes","Ederson Ribeiro","homic\u00eddio Caratinga","homic\u00eddio distrito Santa Luzia","Morte Caratinga","Morto Caratinga","Santa Luzia","Thiago Felipe Alves dos Santos"],"articleSection":["Leste de Minas"],"inLanguage":"pt-BR","potentialAction":[{"@type":"CommentAction","name":"Comment","target":["https:\/\/aconteceunovale.com.br\/portal\/?p=80456#respond"]}]},{"@type":"WebPage","@id":"https:\/\/aconteceunovale.com.br\/portal\/?p=80456","url":"https:\/\/aconteceunovale.com.br\/portal\/?p=80456","name":"Adolescente \u00e9 morto pelo cunhado com disparo acidental em Caratinga - Aconteceu no Vale","isPartOf":{"@id":"https:\/\/aconteceunovale.com.br\/portal\/#website"},"primaryImageOfPage":{"@id":"https:\/\/aconteceunovale.com.br\/portal\/?p=80456#primaryimage"},"image":{"@id":"https:\/\/aconteceunovale.com.br\/portal\/?p=80456#primaryimage"},"thumbnailUrl":"https:\/\/aconteceunovale.com.br\/portal\/wp-content\/uploads\/2015\/10\/plantao_giroflex.jpg","datePublished":"2016-03-01T02:05:41+00:00","dateModified":"2016-03-01T02:05:50+00:00","author":{"@id":"https:\/\/aconteceunovale.com.br\/portal\/#\/schema\/person\/633529146f2c94272bef50ac2953d589"},"breadcrumb":{"@id":"https:\/\/aconteceunovale.com.br\/portal\/?p=80456#breadcrumb"},"inLanguage":"pt-BR","potentialAction":[{"@type":"ReadAction","target":["https:\/\/aconteceunovale.com.br\/portal\/?p=80456"]}]},{"@type":"ImageObject","inLanguage":"pt-BR","@id":"https:\/\/aconteceunovale.com.br\/portal\/?p=80456#primaryimage","url":"https:\/\/aconteceunovale.com.br\/portal\/wp-content\/uploads\/2015\/10\/plantao_giroflex.jpg","contentUrl":"https:\/\/aconteceunovale.com.br\/portal\/wp-content\/uploads\/2015\/10\/plantao_giroflex.jpg","width":678,"height":389},{"@type":"BreadcrumbList","@id":"https:\/\/aconteceunovale.com.br\/portal\/?p=80456#breadcrumb","itemListElement":[{"@type":"ListItem","position":1,"name":"In\u00edcio","item":"https:\/\/aconteceunovale.com.br\/portal\/"},{"@type":"ListItem","position":2,"name":"Adolescente \u00e9 morto pelo cunhado com disparo acidental em Caratinga"}]},{"@type":"WebSite","@id":"https:\/\/aconteceunovale.com.br\/portal\/#website","url":"https:\/\/aconteceunovale.com.br\/portal\/","name":"Aconteceu no Vale","description":"Portal de Not\u00edcias","potentialAction":[{"@type":"SearchAction","target":{"@type":"EntryPoint","urlTemplate":"https:\/\/aconteceunovale.com.br\/portal\/?s={search_term_string}"},"query-input":{"@type":"PropertyValueSpecification","valueRequired":true,"valueName":"search_term_string"}}],"inLanguage":"pt-BR"},{"@type":"Person","@id":"https:\/\/aconteceunovale.com.br\/portal\/#\/schema\/person\/633529146f2c94272bef50ac2953d589","name":"Aconteceu no Vale","description":"Equipe de reportagem do Aconteceu no Vale, portal de not\u00edcias do Vale do Jequitinhonha, em Minas Gerais. Cobrimos as 51 cidades do Vale desde 2013. Sugest\u00f5es de pauta e pedidos de corre\u00e7\u00e3o: contato@aconteceunovale.com.br","sameAs":["http:\/\/www.aconteceunovale.com.br"],"url":"https:\/\/aconteceunovale.com.br\/portal\/?author=1"}]}},"_links":{"self":[{"href":"https:\/\/aconteceunovale.com.br\/portal\/index.php?rest_route=\/wp\/v2\/posts\/80456","targetHints":{"allow":["GET"]}}],"collection":[{"href":"https:\/\/aconteceunovale.com.br\/portal\/index.php?rest_route=\/wp\/v2\/posts"}],"about":[{"href":"https:\/\/aconteceunovale.com.br\/portal\/index.php?rest_route=\/wp\/v2\/types\/post"}],"author":[{"embeddable":true,"href":"https:\/\/aconteceunovale.com.br\/portal\/index.php?rest_route=\/wp\/v2\/users\/1"}],"replies":[{"embeddable":true,"href":"https:\/\/aconteceunovale.com.br\/portal\/index.php?rest_route=%2Fwp%2Fv2%2Fcomments&post=80456"}],"version-history":[{"count":0,"href":"https:\/\/aconteceunovale.com.br\/portal\/index.php?rest_route=\/wp\/v2\/posts\/80456\/revisions"}],"wp:featuredmedia":[{"embeddable":true,"href":"https:\/\/aconteceunovale.com.br\/portal\/index.php?rest_route=\/wp\/v2\/media\/71442"}],"wp:attachment":[{"href":"https:\/\/aconteceunovale.com.br\/portal\/index.php?rest_route=%2Fwp%2Fv2%2Fmedia&parent=80456"}],"wp:term":[{"taxonomy":"category","embeddable":true,"href":"https:\/\/aconteceunovale.com.br\/portal\/index.php?rest_route=%2Fwp%2Fv2%2Fcategories&post=80456"},{"taxonomy":"post_tag","embeddable":true,"href":"https:\/\/aconteceunovale.com.br\/portal\/index.php?rest_route=%2Fwp%2Fv2%2Ftags&post=80456"}],"curies":[{"name":"wp","href":"https:\/\/api.w.org\/{rel}","templated":true}]}}