{"id":80435,"date":"2016-02-29T20:22:11","date_gmt":"2016-02-29T23:22:11","guid":{"rendered":"http:\/\/aconteceunovale.com.br\/portal\/?p=80435"},"modified":"2016-02-29T20:22:11","modified_gmt":"2016-02-29T23:22:11","slug":"edital-de-licitacao-para-concessao-do-aeroporto-do-vale-do-aco-sera-publicado-em-marco-confirma-setop","status":"publish","type":"post","link":"https:\/\/aconteceunovale.com.br\/portal\/?p=80435","title":{"rendered":"Edital de licita\u00e7\u00e3o para concess\u00e3o do Aeroporto do Vale do A\u00e7o ser\u00e1 publicado em mar\u00e7o, confirma Setop"},"content":{"rendered":"<p>O\u00a0secret\u00e1rio de Estado de Transportes e Obras P\u00fablicas, Murilo Valadares, informou, nesta segunda-feira (29\/2), durante a abertura da audi\u00eancia p\u00fablica para concess\u00e3o patrocinada para explora\u00e7\u00e3o do Aeroporto do Vale A\u00e7o (ex-Aeroporto da Usiminas), que o edital de licita\u00e7\u00e3o ser\u00e1 publicado neste m\u00eas de mar\u00e7o.<\/p>\n<p>Sobre o fim da opera\u00e7\u00e3o do aer\u00f3dromo, anunciado pela Usiminas para o pr\u00f3ximo dia 12 de mar\u00e7o, o secret\u00e1rio reafirmou que a determina\u00e7\u00e3o do\u00a0Governo de Minas Gerais\u00a0\u00e9 manter o aeroporto aberto para voos comerciais. A Setop tamb\u00e9m busca\u00a0sa\u00edda jur\u00eddica para assumir a opera\u00e7\u00e3o do aeroporto at\u00e9 a conclus\u00e3o do processo licitat\u00f3rio.<\/p>\n<p>Durante a audi\u00eancia p\u00fablica foram apresentados dados t\u00e9cnicos e financeiros do Aeroporto do Vale do A\u00e7o, bem como os investimentos necess\u00e1rios a curto, m\u00e9dio e longo prazos. A licita\u00e7\u00e3o ser\u00e1 feita na modalidade de concorr\u00eancia P\u00fablica, com crit\u00e9rio de julgamento de t\u00e9cnica e pre\u00e7o e valor teto da contrapresta\u00e7\u00e3o pecuni\u00e1ria anual de R$ 7,1 milh\u00f5es. O movimento registrado no Aeroporto no ano de 2015 foi de 4.218 pousos e decolagens, com transporte de 142.960 passageiros.<\/p>\n<p>O arquivo com a apresenta\u00e7\u00e3o feita na audi\u00eancia p\u00fablica pode ser consultado\u00a0<a href=\"http:\/\/www.setop.mg.gov.br\/images\/documentos\/licitacoes\/2016\/consulta-publica-001-2016\/Apresentacao-AudienciaPublica-AeroportoUsiminas-29022016.pdf\" target=\"_blank\">neste link www.setop.mg.gov.br<\/a>\u00a0(<em>Arquivo em formato PDF<\/em>).<\/p>\n<p><img decoding=\"async\" src=\"http:\/\/aconteceunovale.com.br\/portal\/wp-content\/uploads\/2016\/02\/AUDIENCIA_AEROPORTO.jpg\" alt=\"\" \/><em>Audi\u00eancia p\u00fablica na Cidade Administrativa de Minas Gerais &#8211; Foto: M\u00e9rcia Lemos<\/em><br \/>\n<\/br><\/p>\n<p>(Ag\u00eancia Minas)<\/p>\n","protected":false},"excerpt":{"rendered":"<p>O\u00a0secret\u00e1rio de Estado de Transportes e Obras P\u00fablicas, Murilo Valadares, informou, nesta segunda-feira (29\/2), durante a abertura da audi\u00eancia p\u00fablica para concess\u00e3o patrocinada para explora\u00e7\u00e3o do Aeroporto do Vale A\u00e7o (ex-Aeroporto da Usiminas), que o edital de licita\u00e7\u00e3o ser\u00e1 publicado neste m\u00eas de mar\u00e7o. Sobre o fim da opera\u00e7\u00e3o do aer\u00f3dromo, anunciado pela Usiminas para [&hellip;]<\/p>\n","protected":false},"author":1,"featured_media":80437,"comment_status":"open","ping_status":"closed","sticky":false,"template":"","format":"standard","meta":{"amp_status":"","footnotes":""},"categories":[121],"tags":[47966,80191,80189,80193,80192,80190,28348,2101,80188,6808],"class_list":["post-80435","post","type-post","status-publish","format-standard","has-post-thumbnail","hentry","category-leste","tag-aeroporto-da-usiminas","tag-aeroporto-do-vale-do-aco","tag-concessao-patrocinada-para-exploracao-do-aeroporto-do-vale-aco","tag-confirma-setop","tag-edital-de-licitacao-para-concessao-do-aeroporto-do-vale-do-aco-sera-publicado-em-marco","tag-ex-aeroporto-da-usiminas","tag-murilo-valadares","tag-santana-do-paraiso","tag-secretario-de-estado-de-transportes-e-obras-publicas","tag-usiminas"],"_links":{"self":[{"href":"https:\/\/aconteceunovale.com.br\/portal\/index.php?rest_route=\/wp\/v2\/posts\/80435","targetHints":{"allow":["GET"]}}],"collection":[{"href":"https:\/\/aconteceunovale.com.br\/portal\/index.php?rest_route=\/wp\/v2\/posts"}],"about":[{"href":"https:\/\/aconteceunovale.com.br\/portal\/index.php?rest_route=\/wp\/v2\/types\/post"}],"author":[{"embeddable":true,"href":"https:\/\/aconteceunovale.com.br\/portal\/index.php?rest_route=\/wp\/v2\/users\/1"}],"replies":[{"embeddable":true,"href":"https:\/\/aconteceunovale.com.br\/portal\/index.php?rest_route=%2Fwp%2Fv2%2Fcomments&post=80435"}],"version-history":[{"count":0,"href":"https:\/\/aconteceunovale.com.br\/portal\/index.php?rest_route=\/wp\/v2\/posts\/80435\/revisions"}],"wp:featuredmedia":[{"embeddable":true,"href":"https:\/\/aconteceunovale.com.br\/portal\/index.php?rest_route=\/wp\/v2\/media\/80437"}],"wp:attachment":[{"href":"https:\/\/aconteceunovale.com.br\/portal\/index.php?rest_route=%2Fwp%2Fv2%2Fmedia&parent=80435"}],"wp:term":[{"taxonomy":"category","embeddable":true,"href":"https:\/\/aconteceunovale.com.br\/portal\/index.php?rest_route=%2Fwp%2Fv2%2Fcategories&post=80435"},{"taxonomy":"post_tag","embeddable":true,"href":"https:\/\/aconteceunovale.com.br\/portal\/index.php?rest_route=%2Fwp%2Fv2%2Ftags&post=80435"}],"curies":[{"name":"wp","href":"https:\/\/api.w.org\/{rel}","templated":true}]}}