{"id":80172,"date":"2016-02-27T20:55:55","date_gmt":"2016-02-27T23:55:55","guid":{"rendered":"http:\/\/aconteceunovale.com.br\/portal\/?p=80172"},"modified":"2016-02-27T20:55:55","modified_gmt":"2016-02-27T23:55:55","slug":"chuva-com-ventos-fortes-derruba-arvores-e-causa-estragos-em-coronel-fabriciano","status":"publish","type":"post","link":"https:\/\/aconteceunovale.com.br\/portal\/?p=80172","title":{"rendered":"Chuva com ventos fortes derruba \u00e1rvores e causa estragos em Coronel Fabriciano"},"content":{"rendered":"<p>Uma forte chuva que atingiu Coronel Fabriciano, no Vale do A\u00e7o, nessa sexta-feira (26\/02), causou  estragos em alguns bairros. De acordo com o Corpo de Bombeiros, pelo menos sete \u00e1rvores ca\u00edram. Algumas ruas ficaram alagadas e a Avenida Magalh\u00e3es Pinto precisou ser interditada por conta da queda de uma \u00e1rvore.<\/p>\n<p>Uma casa no Bairro S\u00e3o Domingos desabou e outra teve a estrutura danificada. Ningu\u00e9m ficou ferido. A Defesa Civil ainda n\u00e3o informou se houve moradores desalojados ou desabrigados.<\/p>\n<p><strong>Nota da prefeitura<\/strong><\/p>\n<p>Na manh\u00e3 deste s\u00e1bado (27\/02) a Prefeitura Municipal divulgou nota e um v\u00eddeo informando sobre as provid\u00eancias tomadas. \u201cAp\u00f3s a tempestade que caiu na tarde de ontem (26), nossa equipe come\u00e7ou, imediatamente, uma for\u00e7a-tarefa para diminuir os impactos causados pela forte chuva. A Prefeitura aguarda provid\u00eancias da Cemig para que as \u00e1rvores que ca\u00edram sobre a rede el\u00e9trica sejam removidas. Continuamos nas ruas trabalhando para normalizar a situa\u00e7\u00e3o o quanto antes.\u201d, informou a administra\u00e7\u00e3o.<\/p>\n<div id=\"fb-root\"><\/div>\n<p><script>(function(d, s, id) {  var js, fjs = d.getElementsByTagName(s)[0];  if (d.getElementById(id)) return;  js = d.createElement(s); js.id = id;  js.src = \"\/\/connect.facebook.net\/pt_BR\/sdk.js#xfbml=1&version=v2.3\";  fjs.parentNode.insertBefore(js, fjs);}(document, 'script', 'facebook-jssdk'));<\/script><\/p>\n<div class=\"fb-video\" data-allowfullscreen=\"1\" data-href=\"\/prefeiturafabriciano\/videos\/vb.451391441674995\/617168331763971\/?type=3\">\n<div class=\"fb-xfbml-parse-ignore\">\n<blockquote cite=\"https:\/\/www.facebook.com\/prefeiturafabriciano\/videos\/617168331763971\/\"><p><a href=\"https:\/\/www.facebook.com\/prefeiturafabriciano\/videos\/617168331763971\/\"><\/a><\/p>\n<p>Ap\u00f3s a tempestade que caiu na tarde de ontem (26), nossa equipe come\u00e7ou, imediatamente, uma for\u00e7a-tarefa para diminuir os impactos causados pela forte chuva. A Prefeitura aguarda provid\u00eancias da Cemig para que as \u00e1rvores que ca\u00edram sobre a rede el\u00e9trica sejam removidas. Continuamos nas ruas trabalhando para normalizar a situa\u00e7\u00e3o o quanto antes.<\/p>\n<p>Publicado por <a href=\"https:\/\/www.facebook.com\/prefeiturafabriciano\/\">Prefeitura de Coronel Fabriciano<\/a> em S\u00e1bado, 27 de fevereiro de 2016<\/p><\/blockquote>\n<\/div>\n<\/div>\n<p><\/br><\/p>\n<p><em>(G1 dos Vales \/ Com altera\u00e7\u00f5es)<\/em><\/p>\n","protected":false},"excerpt":{"rendered":"<p>Uma forte chuva que atingiu Coronel Fabriciano, no Vale do A\u00e7o, nessa sexta-feira (26\/02), causou estragos em alguns bairros. De acordo com o Corpo de Bombeiros, pelo menos sete \u00e1rvores ca\u00edram. Algumas ruas ficaram alagadas e a Avenida Magalh\u00e3es Pinto precisou ser interditada por conta da queda de uma \u00e1rvore. Uma casa no Bairro S\u00e3o [&hellip;]<\/p>\n","protected":false},"author":1,"featured_media":80173,"comment_status":"open","ping_status":"closed","sticky":false,"template":"","format":"standard","meta":{"amp_status":"","footnotes":""},"categories":[121],"tags":[79815,67937,1524,67938,79817,79816],"class_list":["post-80172","post","type-post","status-publish","format-standard","has-post-thumbnail","hentry","category-leste","tag-chuva-com-ventos-fortes-derruba-arvores-e-causa-estragos-em-coronel-fabriciano","tag-chuva-em-coronel-fabriciano","tag-coronel-fabriciano","tag-estragos-chuva-coronel-fabriciano","tag-tempestade-coronel-fabriciano","tag-temporal-coronel-fabriciano"],"_links":{"self":[{"href":"https:\/\/aconteceunovale.com.br\/portal\/index.php?rest_route=\/wp\/v2\/posts\/80172","targetHints":{"allow":["GET"]}}],"collection":[{"href":"https:\/\/aconteceunovale.com.br\/portal\/index.php?rest_route=\/wp\/v2\/posts"}],"about":[{"href":"https:\/\/aconteceunovale.com.br\/portal\/index.php?rest_route=\/wp\/v2\/types\/post"}],"author":[{"embeddable":true,"href":"https:\/\/aconteceunovale.com.br\/portal\/index.php?rest_route=\/wp\/v2\/users\/1"}],"replies":[{"embeddable":true,"href":"https:\/\/aconteceunovale.com.br\/portal\/index.php?rest_route=%2Fwp%2Fv2%2Fcomments&post=80172"}],"version-history":[{"count":0,"href":"https:\/\/aconteceunovale.com.br\/portal\/index.php?rest_route=\/wp\/v2\/posts\/80172\/revisions"}],"wp:featuredmedia":[{"embeddable":true,"href":"https:\/\/aconteceunovale.com.br\/portal\/index.php?rest_route=\/wp\/v2\/media\/80173"}],"wp:attachment":[{"href":"https:\/\/aconteceunovale.com.br\/portal\/index.php?rest_route=%2Fwp%2Fv2%2Fmedia&parent=80172"}],"wp:term":[{"taxonomy":"category","embeddable":true,"href":"https:\/\/aconteceunovale.com.br\/portal\/index.php?rest_route=%2Fwp%2Fv2%2Fcategories&post=80172"},{"taxonomy":"post_tag","embeddable":true,"href":"https:\/\/aconteceunovale.com.br\/portal\/index.php?rest_route=%2Fwp%2Fv2%2Ftags&post=80172"}],"curies":[{"name":"wp","href":"https:\/\/api.w.org\/{rel}","templated":true}]}}