{"id":80158,"date":"2016-02-27T20:27:58","date_gmt":"2016-02-27T23:27:58","guid":{"rendered":"http:\/\/aconteceunovale.com.br\/portal\/?p=80158"},"modified":"2016-02-27T20:31:14","modified_gmt":"2016-02-27T23:31:14","slug":"moradores-de-governador-valadares-protestam-contra-efeitos-da-lama-que-vazou-de-barragem-da-samarco","status":"publish","type":"post","link":"https:\/\/aconteceunovale.com.br\/portal\/?p=80158","title":{"rendered":"Moradores de Governador Valadares protestam contra efeitos da lama que vazou de barragem da Samarco"},"content":{"rendered":"<p>Cerca de 200 pessoas foram para as ruas na manh\u00e3 deste s\u00e1bado, 27 de fevereiro, em Governador Valadares, no Vale do Rio Doce, para protestar contra os efeitos da lama, que vazou da barragem da Samarco em Mariana, para o meio ambiente e popula\u00e7\u00f5es ribeirinhas, al\u00e9m de cobrar provid\u00eancias para o munic\u00edpio. A volta da distribui\u00e7\u00e3o de \u00e1gua mineral est\u00e1 entre as exig\u00eancias dos manifestantes.<\/p>\n<p>Na \u201cCarta de Indigna\u00e7\u00e3o da Popula\u00e7\u00e3o Valadarense\u201d que ser\u00e1 enviada \u00e0s autoridades e \u00e0 ONU junto com um abaixo assinado, a popula\u00e7\u00e3o cobra a apresenta\u00e7\u00e3o de projetos de recupera\u00e7\u00e3o da Bacia do rio Doce e a imediata capta\u00e7\u00e3o alternativa de \u00e1gua nos rios Sua\u00e7u\u00ed Grande e Pequeno. A autoriza\u00e7\u00e3o para in\u00edcio das obras teria sido concedida pelos \u00f3rg\u00e3os t\u00e9cnicos governamentais logo ap\u00f3s o desastre ambiental.<\/p>\n<p>Os manifestantes tamb\u00e9m pedem a volta da distribui\u00e7\u00e3o gratuita de \u00e1gua mineral pela Samarco, enquanto n\u00e3o houver capta\u00e7\u00e3o de \u00e1gua em outro manancial. A distribui\u00e7\u00e3o foi suspensa dia 22 de janeiro com a alega\u00e7\u00e3o de que a \u00e1gua tratada e distribu\u00edda pelo Saae est\u00e1 pot\u00e1vel. Mas segundo a presidente da Associa\u00e7\u00e3o Valadarense de Defesa ao Meio Ambiente (Avadma), advogada Rosam\u00e9lia Apolin\u00e1rio, a popula\u00e7\u00e3o est\u00e1 bebendo lama.<\/p>\n<p>\u201cA \u00e1gua que sai das torneiras \u00e9 de qualidade duvidosa e a popula\u00e7\u00e3o precisa se unir para cobrar das autoridades constitu\u00eddas as providencias. N\u00e3o podemos aceitar isso. A popula\u00e7\u00e3o precisa acordar, vir para as ruas e se mobilizar. N\u00e3o somos cachorros. A Samarco vai ter que reparar os danos causados, parar de fazer propaganda enganosa e cuidar da popula\u00e7\u00e3o, porque do contr\u00e1rio, seremos uma popula\u00e7\u00e3o doente em poucos anos\u201d, enfatiza.<\/p>\n<p>O professor Ilvece Cunha, de 73 anos, um dos manifestantes, concorda. \u201cEst\u00e3o promovendo um genoc\u00eddio, matando lentamente a popula\u00e7\u00e3o e n\u00f3s, ao pagar a conta de \u00e1gua, estamos pagando para nos matarem. Estudos comprovam que a \u00e1gua do rio tem metais pesados e eu soube tamb\u00e9m que o coagulante (pol\u00edmero de ac\u00e1cia negra) usado para tratar essa \u00e1gua distribu\u00edda \u00e0 popula\u00e7\u00e3o pode at\u00e9 deixa-la branquinha, mas n\u00e3o pura\u201d.<\/p>\n<p>Na Carta os manifestantes alegam que \u201cdiversos estudos t\u00e9cnicos e laudos apontam que o tratamento realizado n\u00e3o elimina os metais pesados existentes na lama, a exemplo de estudo pela Federa\u00e7\u00e3o Nacional dos M\u00e9dicos, que aponta a possibilidade de c\u00e2ncer e outras doen\u00e7as para a popula\u00e7\u00e3o que utilizar a \u00e1gua, a longo prazo\u201d. Tamb\u00e9m denuncia a omiss\u00e3o dos \u00f3rg\u00e3os governamentais nas tr\u00eas esferas federativas, Uni\u00e3o, Estado e Munic\u00edpio, diante do problema.<\/p>\n<p><img decoding=\"async\" src=\"http:\/\/aconteceunovale.com.br\/portal\/wp-content\/uploads\/2016\/02\/manifestacao_gv.jpg\" alt=\"\" \/><em>Manifesta\u00e7\u00e3o contra a Samarco em Valadares &#8211; Foto: Leonardo Morais \/ Hoje em Dia<\/em><br \/>\n<\/br><\/p>\n<p><strong>Samarco<\/strong><\/p>\n<p>Em nota a Samarco informou que foram distribu\u00eddos 74 milh\u00f5es de litros de \u00e1gua pot\u00e1vel e 30 milh\u00f5es de litros de \u00e1gua mineral \u00e0 popula\u00e7\u00e3o do munic\u00edpio desde o in\u00edcio do processo, em novembro de 2015. O tratamento de \u00e1gua foi restabelecido desde o dia 15 de novembro de 2015 e a \u00e1gua do Saae fornecida \u00e0 popula\u00e7\u00e3o est\u00e1 dentro dos padr\u00f5es de potabilidade definidos pela Portaria 2.914 de 2011, do Minist\u00e9rio da Sa\u00fade. \u201cA popula\u00e7\u00e3o de Governador Valadares pode acompanhar a varia\u00e7\u00e3o di\u00e1ria dos par\u00e2metros de ferro, alum\u00ednio, mangan\u00eas e turbidez em cinco pain\u00e9is eletr\u00f4nicos instalados na cidade, e tamb\u00e9m pelo site <a href=\"http:\/\/www.samarco.com\" target=\"_blank\">www.samarco.com<\/a>\u201d, avisa.<\/p>\n<p>Sobre a nova estrutura para capta\u00e7\u00e3o de \u00e1gua, alega que \u00e9 uma demanda antiga da popula\u00e7\u00e3o que vem sendo discutida h\u00e1 alguns anos, principalmente em fun\u00e7\u00e3o da seca e do assoreamento do Rio Doce que dificultava a capta\u00e7\u00e3o em determinados per\u00edodos do ano.<\/p>\n<p>Tanto que em agosto de 2015, a Ag\u00eancia Nacional de \u00c1guas (ANA) divulgou que, na esta\u00e7\u00e3o de Valadares, o n\u00edvel do Rio Doce estava em 1,06 metro, quando a faixa considerada normal \u00e9 entre 1,27 metros e 3,09 metros. Nessa \u00e9poca, informa anota da Samarco, cogitou-se a possibilidade de readequar a forma de capta\u00e7\u00e3o de \u00e1gua no rio, uma vez que a \u00e1gua n\u00e3o tinha altura suficiente para chegar \u00e0 bomba de capta\u00e7\u00e3o.<\/p>\n<p>\u201cUma adutora de capta\u00e7\u00e3o alternativa de \u00e1gua do Rio Sua\u00e7u\u00ed Grande para a Esta\u00e7\u00e3o de Tratamento de \u00c1gua (ETA) em Valadares est\u00e1 em estudo pela Prefeitura, Saae e Samarco\u201d, conclui.<\/p>\n<p>A assessoria do Saae n\u00e3o foi encontrada para falar sobre a manifesta\u00e7\u00e3o, mas desde que a \u00e1gua voltou a ser captada no rio Doce, tem divulgado que diversos laudos, entre eles da Funed e Copasa, compravam a efic\u00e1cia do tratamento e a potabilidade da \u00e1gua tratada distribu\u00edda \u00e0 popula\u00e7\u00e3o.<\/p>\n<p>De acordo com a Pol\u00edcia Militar, cerca de 150 pessoas participaram do protesto.<\/p>\n<p><img decoding=\"async\" src=\"http:\/\/aconteceunovale.com.br\/portal\/wp-content\/uploads\/2016\/02\/protesto_gv_1.jpg\" alt=\"\" \/><em>Manifesta\u00e7\u00e3o contra a Samarco em Valadares &#8211; Foto: Rede em Alerta \/ Facebook<\/em><br \/>\n<\/br><\/p>\n<p><img decoding=\"async\" src=\"http:\/\/aconteceunovale.com.br\/portal\/wp-content\/uploads\/2016\/02\/protesto_gv_2.jpg\" alt=\"\" \/><em>Manifesta\u00e7\u00e3o contra a Samarco em Valadares &#8211; Foto: Rede em Alerta \/ Facebook<\/em><br \/>\n<\/br><\/p>\n<p><img decoding=\"async\" src=\"http:\/\/aconteceunovale.com.br\/portal\/wp-content\/uploads\/2016\/02\/protesto_gv_3.jpg\" alt=\"\" \/><em>Manifesta\u00e7\u00e3o contra a Samarco em Valadares &#8211; Foto: Rede em Alerta \/ Facebook<\/em><br \/>\n<\/br><\/p>\n<p><img decoding=\"async\" src=\"http:\/\/aconteceunovale.com.br\/portal\/wp-content\/uploads\/2016\/02\/protesto_gv_4.jpg\" alt=\"\" \/><em>Manifesta\u00e7\u00e3o contra a Samarco em Valadares &#8211; Foto: Rede em Alerta \/ Facebook<\/em><br \/>\n<\/br><\/p>\n<p><strong><em>(Fonte: Hoje em Dia \/ Rep\u00f3rter: Ana L\u00facia Gon\u00e7alves)<\/em><\/strong><\/p>\n","protected":false},"excerpt":{"rendered":"<p>Cerca de 200 pessoas foram para as ruas na manh\u00e3 deste s\u00e1bado, 27 de fevereiro, em Governador Valadares, no Vale do Rio Doce, para protestar contra os efeitos da lama, que vazou da barragem da Samarco em Mariana, para o meio ambiente e popula\u00e7\u00f5es ribeirinhas, al\u00e9m de cobrar provid\u00eancias para o munic\u00edpio. A volta da [&hellip;]<\/p>\n","protected":false},"author":1,"featured_media":80159,"comment_status":"open","ping_status":"closed","sticky":false,"template":"","format":"standard","meta":{"amp_status":"","footnotes":""},"categories":[121],"tags":[79805,79806,65269,79803,79804,72985,73106,7363,79808,73107,65568,79807,32642,69196,65291,65288],"class_list":["post-80158","post","type-post","status-publish","format-standard","has-post-thumbnail","hentry","category-leste","tag-associacao-valadarense-de-defesa-ao-meio-ambiente","tag-avadma","tag-barragem-da-samarco","tag-barragem-da-samarco-em-mariana","tag-carta-de-indignacao-da-populacao-valadarense","tag-ilvece-cunha","tag-manifestacao-governador-valadares","tag-mariana","tag-moradores-de-governador-valadares-protestam-contra-efeitos-da-lama-que-vazou-de-barragem-da-samarco","tag-protesto-governador-valadares","tag-rompimento-de-barragem-da-samarco-em-mariana","tag-rosamelia-apolinario","tag-samarco","tag-samarco-governador-valadares","tag-tragedia-mariana","tag-tragedia-samarco"],"_links":{"self":[{"href":"https:\/\/aconteceunovale.com.br\/portal\/index.php?rest_route=\/wp\/v2\/posts\/80158","targetHints":{"allow":["GET"]}}],"collection":[{"href":"https:\/\/aconteceunovale.com.br\/portal\/index.php?rest_route=\/wp\/v2\/posts"}],"about":[{"href":"https:\/\/aconteceunovale.com.br\/portal\/index.php?rest_route=\/wp\/v2\/types\/post"}],"author":[{"embeddable":true,"href":"https:\/\/aconteceunovale.com.br\/portal\/index.php?rest_route=\/wp\/v2\/users\/1"}],"replies":[{"embeddable":true,"href":"https:\/\/aconteceunovale.com.br\/portal\/index.php?rest_route=%2Fwp%2Fv2%2Fcomments&post=80158"}],"version-history":[{"count":0,"href":"https:\/\/aconteceunovale.com.br\/portal\/index.php?rest_route=\/wp\/v2\/posts\/80158\/revisions"}],"wp:featuredmedia":[{"embeddable":true,"href":"https:\/\/aconteceunovale.com.br\/portal\/index.php?rest_route=\/wp\/v2\/media\/80159"}],"wp:attachment":[{"href":"https:\/\/aconteceunovale.com.br\/portal\/index.php?rest_route=%2Fwp%2Fv2%2Fmedia&parent=80158"}],"wp:term":[{"taxonomy":"category","embeddable":true,"href":"https:\/\/aconteceunovale.com.br\/portal\/index.php?rest_route=%2Fwp%2Fv2%2Fcategories&post=80158"},{"taxonomy":"post_tag","embeddable":true,"href":"https:\/\/aconteceunovale.com.br\/portal\/index.php?rest_route=%2Fwp%2Fv2%2Ftags&post=80158"}],"curies":[{"name":"wp","href":"https:\/\/api.w.org\/{rel}","templated":true}]}}