{"id":80131,"date":"2016-02-27T17:59:02","date_gmt":"2016-02-27T20:59:02","guid":{"rendered":"http:\/\/aconteceunovale.com.br\/portal\/?p=80131"},"modified":"2016-02-27T17:59:02","modified_gmt":"2016-02-27T20:59:02","slug":"acidente-entre-onibus-e-caminhao-deixa-um-morto-e-14-feridos-na-br-365-no-norte-de-minas","status":"publish","type":"post","link":"https:\/\/aconteceunovale.com.br\/portal\/?p=80131","title":{"rendered":"Acidente entre \u00f4nibus e caminh\u00e3o deixa um morto e 14 feridos na BR-365, no Norte de Minas"},"content":{"rendered":"<p>Uma pessoa morreu e 14 ficaram feridas em um acidente envolvendo um caminh\u00e3o e um \u00f4nibus no final da noite dessa sexta-feira, 26 de fevereiro, na altura do quil\u00f4metro 87 da BR-365, zona rural de Jequita\u00ed, na regi\u00e3o Norte de Minas Gerais. De acordo com a Pol\u00edcia Rodovi\u00e1ria Federal (PRF), o \u00f4nibus fazia transporte clandestino e seguia de S\u00e3o Paulo para Guanambi (BA).<\/p>\n<p>Ap\u00f3s a colis\u00e3o, o motorista do \u00f4nibus, Clayton Teixeira, ficou preso \u00e0s ferragens. Ele chegou a ser socorrido com vida, mas morreu na entrada do Hospital Universit\u00e1rio Clemente de Faria, em Montes Claros. O corpo foi encaminhado para o Instituto M\u00e9dico Legal (IML).<\/p>\n<p>Segundo a PRF, o \u00f4nibus colidiu contra a traseira de um caminh\u00e3o carregado com produtos de limpeza. Das 22 pessoas (16 adultos e seis crian\u00e7as) que estavam no ve\u00edculo coletivo, 14 ficaram feridas e foram atendidas pelo Servi\u00e7o de Atendimento M\u00f3vel de Urg\u00eancia (SAMU) e pelo Corpo de Bombeiros. As v\u00edtimas foram encaminhadas para hospitais de Montes Claros, Pirapora e Ibia\u00ed.<\/p>\n<p><img decoding=\"async\" src=\"http:\/\/aconteceunovale.com.br\/portal\/wp-content\/uploads\/2016\/02\/acidente_365_2.jpg\" alt=\"\" \/><em>\u00d4nibus seguia de S\u00e3o Paulo para a Bahia &#8211; Foto: Internauta \/ WhatsApp<\/em><br \/>\n<\/br><\/p>\n<p><img decoding=\"async\" src=\"http:\/\/aconteceunovale.com.br\/portal\/wp-content\/uploads\/2016\/02\/acidente_365_1.jpg\" alt=\"\" \/><em>Motorista do \u00f4nibus ficou preso \u00e0s ferragens &#8211; Foto: Internauta \/ WhatsApp<\/em><\/p>\n","protected":false},"excerpt":{"rendered":"<p>Uma pessoa morreu e 14 ficaram feridas em um acidente envolvendo um caminh\u00e3o e um \u00f4nibus no final da noite dessa sexta-feira, 26 de fevereiro, na altura do quil\u00f4metro 87 da BR-365, zona rural de Jequita\u00ed, na regi\u00e3o Norte de Minas Gerais. De acordo com a Pol\u00edcia Rodovi\u00e1ria Federal (PRF), o \u00f4nibus fazia transporte clandestino [&hellip;]<\/p>\n","protected":false},"author":1,"featured_media":80134,"comment_status":"open","ping_status":"closed","sticky":false,"template":"","format":"standard","meta":{"amp_status":"","footnotes":""},"categories":[1236],"tags":[79754,79757,79753,79748,79755,79746,79747,79750,79749,41514,79742,79745,79744,79743,79760,31601,23192,79762,79751,66077,41720,3246,1695,3724,79756,79759,210,79763,79752,79761,254,79758],"class_list":["post-80131","post","type-post","status-publish","format-standard","has-post-thumbnail","hentry","category-norte_de_minas","tag-acidente-caminhao-azulim","tag-acidente-caminhao-sao-bernardo-dos-campos","tag-acidente-caminhao-start","tag-acidente-com-moradores-de-guanambi","tag-acidente-com-onibus-de-jose-bonifacio","tag-acidente-com-onibus-de-sao-paulo","tag-acidente-com-onibus-que-seguia-de-sao-paulo-para-guanambi","tag-acidente-com-onibus-que-seguia-para-guanambi","tag-acidente-com-pessoas-de-guanambi","tag-acidente-em-jequitai","tag-acidente-entre-onibus-e-caminhao-deixa-um-morto-e-14-feridos-na-br-365","tag-acidente-entre-onibus-e-caminhao-em-jequitai","tag-acidente-entre-onibus-e-caminhao-na-br-365","tag-acidente-entre-onibus-e-caminhao-no-norte-de-minas","tag-acidente-locadora-brasil","tag-acidente-na-br-365","tag-acidente-no-norte-de-minas","tag-acidente-onibus-locadora-brasil","tag-clayton-teixeira","tag-em-montes-claros","tag-guanambi","tag-hospital-universitario-clemente-de-faria","tag-ibiai","tag-jequitai","tag-jose-bonifacio","tag-locadora-brasil","tag-montes-claros","tag-motorista-onibus-locadora-brasil","tag-onibus-fazia-transporte-clandestino-e-seguia-de-sao-paulo-para-guanambi","tag-onibus-locadora-brasil","tag-pirapora","tag-sao-bernardo-dos-campos"],"_links":{"self":[{"href":"https:\/\/aconteceunovale.com.br\/portal\/index.php?rest_route=\/wp\/v2\/posts\/80131","targetHints":{"allow":["GET"]}}],"collection":[{"href":"https:\/\/aconteceunovale.com.br\/portal\/index.php?rest_route=\/wp\/v2\/posts"}],"about":[{"href":"https:\/\/aconteceunovale.com.br\/portal\/index.php?rest_route=\/wp\/v2\/types\/post"}],"author":[{"embeddable":true,"href":"https:\/\/aconteceunovale.com.br\/portal\/index.php?rest_route=\/wp\/v2\/users\/1"}],"replies":[{"embeddable":true,"href":"https:\/\/aconteceunovale.com.br\/portal\/index.php?rest_route=%2Fwp%2Fv2%2Fcomments&post=80131"}],"version-history":[{"count":0,"href":"https:\/\/aconteceunovale.com.br\/portal\/index.php?rest_route=\/wp\/v2\/posts\/80131\/revisions"}],"wp:featuredmedia":[{"embeddable":true,"href":"https:\/\/aconteceunovale.com.br\/portal\/index.php?rest_route=\/wp\/v2\/media\/80134"}],"wp:attachment":[{"href":"https:\/\/aconteceunovale.com.br\/portal\/index.php?rest_route=%2Fwp%2Fv2%2Fmedia&parent=80131"}],"wp:term":[{"taxonomy":"category","embeddable":true,"href":"https:\/\/aconteceunovale.com.br\/portal\/index.php?rest_route=%2Fwp%2Fv2%2Fcategories&post=80131"},{"taxonomy":"post_tag","embeddable":true,"href":"https:\/\/aconteceunovale.com.br\/portal\/index.php?rest_route=%2Fwp%2Fv2%2Ftags&post=80131"}],"curies":[{"name":"wp","href":"https:\/\/api.w.org\/{rel}","templated":true}]}}