{"id":80069,"date":"2016-02-26T17:22:23","date_gmt":"2016-02-26T20:22:23","guid":{"rendered":"http:\/\/aconteceunovale.com.br\/portal\/?p=80069"},"modified":"2016-02-26T20:11:20","modified_gmt":"2016-02-26T23:11:20","slug":"morre-o-cantor-chico-rey-que-formava-dupla-sertaneja-com-parana","status":"publish","type":"post","link":"https:\/\/aconteceunovale.com.br\/portal\/?p=80069","title":{"rendered":"Morre o cantor Chico Rey, que formava dupla sertaneja com Paran\u00e1"},"content":{"rendered":"<p>Faleceu por volta das 15 horas desta sexta-feira, 26 de fevereiro, o cantor sertanejo Francisco Aparecido de Jesus Gomes, o Chico Rey da dupla paranaense Chico Rey &#038; Paran\u00e1. De acordo com o produtor da dupla e sobrinho do cantor, Tayan Gomes, Chico Rey estava de f\u00e9rias com a Fam\u00edlia em Macei\u00f3. O cantor \u00edcone da m\u00fasica caipira brasileira tinha 63 anos.<\/p>\n<p>De acordo com um funcion\u00e1rio de hospital particular localizado no bairro da Ponta Verde, em Macei\u00f3, o m\u00fasico veio a \u00f3bito ap\u00f3s sofrer uma parada card\u00edaca. <\/p>\n<p>O funcion\u00e1rio do hospital informou que o m\u00fasico esteve na unidade de sa\u00fade na quinta (25\/02), para uma sess\u00e3o de hemodi\u00e1lise. E hoje, deu nova entrada na unidade de sa\u00fade por volta das 13h30, ap\u00f3s sofrer um choque hipovol\u00eamico, que ocasionou perda de sangue, seguida de parada card\u00edaca.<\/p>\n<p><img decoding=\"async\" src=\"http:\/\/aconteceunovale.com.br\/portal\/wp-content\/uploads\/2016\/02\/chico_rey_e_Parana.jpg\" alt=\"\" \/><em>Chico Rey tinha 47 anos (Foto: Reprodu\u00e7\u00e3o \/ Facebook)<\/em><br \/>\n<\/br><\/p>\n<p>Formada em 1988 em Arapongas, no Paran\u00e1, a dupla emplacou sucessos como &#8220;Tranque a Porta&#8221;, &#8220;Em Algum Lugar do Passado&#8221;, &#8220;Um Degrau na Escada&#8221; e &#8220;Amor Rebelde&#8221;, entre outros.<\/p>\n<p><strong>Repercuss\u00e3o<\/strong><\/p>\n<p>A morte do m\u00fasico, conhecido pelo sertanejo de raiz, repercutiu no mundo sertanejo. <em>&#8220;Hoje perdemos um grande \u00eddolo! Um dia triste para a m\u00fasica sertaneja. Desejamos aos familiares e amigo muita for\u00e7a nesse momento&#8221;<\/em>, publicou a dupla Edson &#038; Hudson em sua p\u00e1gina no Facebook.<\/p>\n<p><em>&#8220;Chico Rey, al\u00e9m de um grande parceiro, um cara que \u00e9 da mesma \u00e9poca que a gente. Vimos nascer Chico Rey e Paran\u00e1 e formaram uma das mais belas duplas do Brasil. Al\u00e9m de ser bom car\u00e1ter e boa gente! Vai fazer muita falta, foi uma not\u00edcia inesperada para mim e para todos os seus f\u00e3s. Nossos sentimentos \u00e0 toda fam\u00edlia e a quem fazia parte da sua trajet\u00f3ria. Tivemos mais uma perda irrepar\u00e1vel para nossa m\u00fasica sertaneja, para a bandeira que levantamos!&#8221;<\/em>, escreveu o cantor Daniel em sua conta do Instagram.<\/p>\n<p><em>&#8220;Dia triste para a m\u00fasica sertaneja hoje&#8221;<\/em>, publicou a dupla Bruno e Marrone.<\/p>\n<p><em>&#8220;A m\u00fasica sertaneja ficou sem mais uma estrela. Perdemos uma refer\u00eancia, uma inspira\u00e7\u00e3o. Que Deus conforte toda sua fam\u00edlia&#8221;<\/em>, lamentou a dupla Jo\u00e3o Neto e Frederico nas redes sociais.<\/p>\n<p><img decoding=\"async\" src=\"http:\/\/aconteceunovale.com.br\/portal\/wp-content\/uploads\/2016\/02\/chico_rey_e_Parana2.jpg\" alt=\"\" \/><em>Chico Rey e Paran\u00e1 (Foto: Reprodu\u00e7\u00e3o \/ Facebook)<\/em><br \/>\n<\/br><\/p>\n<p>(Fonte: Ego \/ G1 \/ Uol)<\/p>\n","protected":false},"excerpt":{"rendered":"<p>Faleceu por volta das 15 horas desta sexta-feira, 26 de fevereiro, o cantor sertanejo Francisco Aparecido de Jesus Gomes, o Chico Rey da dupla paranaense Chico Rey &#038; Paran\u00e1. De acordo com o produtor da dupla e sobrinho do cantor, Tayan Gomes, Chico Rey estava de f\u00e9rias com a Fam\u00edlia em Macei\u00f3. O cantor \u00edcone [&hellip;]<\/p>\n","protected":false},"author":1,"featured_media":80070,"comment_status":"open","ping_status":"closed","sticky":false,"template":"","format":"standard","meta":{"amp_status":"","footnotes":""},"categories":[6],"tags":[16192,79599,79595,79600,79589,79583,79587,79598,79580,1018,79594,79592,79591,79596,79602,79585,79586,79581,79578,79588,79582,79593,79603,79597,79590,79584,79579,79601],"class_list":["post-80069","post","type-post","status-publish","format-standard","has-post-thumbnail","hentry","category-br","tag-arapongas","tag-artistas-lamentam-morte-de-chico-rey","tag-cantor-francisco-gomes","tag-cantores-lamentam-morte-de-chico-rey","tag-causa-da-morte-chico-rey","tag-causa-da-morte-chico-rey-e-parana","tag-chico-rey","tag-chico-rey-da-dupla-paranaense-chico-rey-parana","tag-chico-rey-e-parana","tag-destaque","tag-dupla-chico-rey-parana","tag-e-verdade-a-morte-de-chico-rey","tag-e-verdade-que-o-chico-rey-morreu","tag-francisco-gomes","tag-luto-chico-rey","tag-morre-cantor-chico-rey","tag-morre-chico-rey","tag-morre-chico-rey-e-parana","tag-morre-o-cantor-chico-rey","tag-morte-chico-rey","tag-morte-chico-rey-e-parana","tag-morte-do-cantor-chico-rey-que-fazia-dupla-com-o-parana","tag-mundo-sertanejo-luto","tag-o-chico-rey-da-dupla-paranaense-chico-rey-parana","tag-o-que-aconteceu-com-chico-rey","tag-o-que-tinha-chico-rey-e-parana","tag-que-formava-dupla-sertaneja-com-parana","tag-sertanejos-lamentam-morte-de-chico-rey"],"_links":{"self":[{"href":"https:\/\/aconteceunovale.com.br\/portal\/index.php?rest_route=\/wp\/v2\/posts\/80069","targetHints":{"allow":["GET"]}}],"collection":[{"href":"https:\/\/aconteceunovale.com.br\/portal\/index.php?rest_route=\/wp\/v2\/posts"}],"about":[{"href":"https:\/\/aconteceunovale.com.br\/portal\/index.php?rest_route=\/wp\/v2\/types\/post"}],"author":[{"embeddable":true,"href":"https:\/\/aconteceunovale.com.br\/portal\/index.php?rest_route=\/wp\/v2\/users\/1"}],"replies":[{"embeddable":true,"href":"https:\/\/aconteceunovale.com.br\/portal\/index.php?rest_route=%2Fwp%2Fv2%2Fcomments&post=80069"}],"version-history":[{"count":0,"href":"https:\/\/aconteceunovale.com.br\/portal\/index.php?rest_route=\/wp\/v2\/posts\/80069\/revisions"}],"wp:featuredmedia":[{"embeddable":true,"href":"https:\/\/aconteceunovale.com.br\/portal\/index.php?rest_route=\/wp\/v2\/media\/80070"}],"wp:attachment":[{"href":"https:\/\/aconteceunovale.com.br\/portal\/index.php?rest_route=%2Fwp%2Fv2%2Fmedia&parent=80069"}],"wp:term":[{"taxonomy":"category","embeddable":true,"href":"https:\/\/aconteceunovale.com.br\/portal\/index.php?rest_route=%2Fwp%2Fv2%2Fcategories&post=80069"},{"taxonomy":"post_tag","embeddable":true,"href":"https:\/\/aconteceunovale.com.br\/portal\/index.php?rest_route=%2Fwp%2Fv2%2Ftags&post=80069"}],"curies":[{"name":"wp","href":"https:\/\/api.w.org\/{rel}","templated":true}]}}