{"id":80050,"date":"2016-02-26T16:04:44","date_gmt":"2016-02-26T19:04:44","guid":{"rendered":"http:\/\/aconteceunovale.com.br\/portal\/?p=80050"},"modified":"2016-02-26T16:04:44","modified_gmt":"2016-02-26T19:04:44","slug":"vale-do-aco-vai-receber-operadores-sociais-dos-direitos-da-crianca-e-do-adolescente-de-56-municipios","status":"publish","type":"post","link":"https:\/\/aconteceunovale.com.br\/portal\/?p=80050","title":{"rendered":"Vale do A\u00e7o vai receber Operadores Sociais dos Direitos da Crian\u00e7a e do Adolescente de 56 munic\u00edpios"},"content":{"rendered":"<p>A associa\u00e7\u00e3o Beneficente \u00c1gape \u2013 ABA e o Instituto CENIBRA, em parceria com a SEDESE Regional Tim\u00f3teo, por meio do Projeto Conselho Eficaz, realiza nos dias 02 e 03 de Mar\u00e7o, o Curso de Forma\u00e7\u00e3o Continuada para os Operadores Sociais dos Direitos da Crian\u00e7a e do Adolescente dos munic\u00edpios da Regional do M\u00e9dio Piracicaba, Vale do A\u00e7o e Vale do Rio Doce.<\/p>\n<p>O tema da capacita\u00e7\u00e3o \u00e9 &#8220;Fortalecimento da Rede de Prote\u00e7\u00e3o e Garantia dos Direitos da Crian\u00e7a e do Adolescente&#8221;, que ser\u00e1 ministrada pela Coordenadora Especial da Pol\u00edtica Pr\u00f3-crian\u00e7a e Adolescente da Secretaria de Estado de Direitos Humanos, Participa\u00e7\u00e3o Social e Cidadania- SEDPAC, C\u00e9lia Nahas.<\/p>\n<p>De acordo com o Coordenador do Projeto, Elias Oliveira Soares, o objetivo do curso \u00e9 capacitar os conselheiros e operadores dos direitos da crian\u00e7a e do adolescente, para garantir a efetiva\u00e7\u00e3o das pol\u00edticas p\u00fablicas e o principal, garantir a efic\u00e1cia da lei 8.069\/90, o ECA, Estatuto da Crian\u00e7a e do Adolescente. <\/p>\n<p>O evento ser\u00e1 realizado na Primeira Igreja Batista de Coronel Fabriciano. Durante o dia 02, o curso ser\u00e1 ministrado de 13h \u00e0s 18h e no dia 03, de 08h \u00e0s 17h. <\/p>\n<p><img decoding=\"async\" src=\"http:\/\/aconteceunovale.com.br\/portal\/wp-content\/uploads\/2016\/02\/conselheiros_aba.jpg\" alt=\"\" \/><em>Projeto conselheiros tutelares de 56 munic\u00edpios &#8211; Foto: Divulga\u00e7\u00e3o<\/em><br \/>\n<\/br><\/p>\n<p><strong>A Associa\u00e7\u00e3o Beneficente \u00c1gape &#8211; ABA<\/strong><\/p>\n<p>\u00c9 uma organiza\u00e7\u00e3o N\u00e3o-Governamental com mais de 16 anos de funcionamento e atua na defesa e promo\u00e7\u00e3o dos direitos humanos por meio da efetiva\u00e7\u00e3o de pol\u00edticas p\u00fablicas que assegure a qualidade de vida das crian\u00e7as e dos adolescentes.  <\/p>\n<p><strong>O Conselho Eficaz<\/strong><\/p>\n<p>\u00c9 um projeto do Instituto CENIBRA, desenvolvido em parceria com a ABA e a Prefeitura Municipal de Coronel Fabriciano, juntamente com o CMDCA atrav\u00e9s da dedu\u00e7\u00e3o do Imposto de Renda, que visa potencializar os conselhos Municipais dos Direitos da Crian\u00e7a e do Adolescente, desenvolvendo cursos, oficinas, semin\u00e1rios, encontros, simp\u00f3sios de forma\u00e7\u00e3o e assessoramento para os conselheiros e agentes p\u00fablicos e sociais, operadores dos direitos da Crian\u00e7a e do Adolescente. O projeto atua em 56 cidades da \u00e1rea de abrang\u00eancia da Empresa CENIBRA.<\/p>\n","protected":false},"excerpt":{"rendered":"<p>A associa\u00e7\u00e3o Beneficente \u00c1gape \u2013 ABA e o Instituto CENIBRA, em parceria com a SEDESE Regional Tim\u00f3teo, por meio do Projeto Conselho Eficaz, realiza nos dias 02 e 03 de Mar\u00e7o, o Curso de Forma\u00e7\u00e3o Continuada para os Operadores Sociais dos Direitos da Crian\u00e7a e do Adolescente dos munic\u00edpios da Regional do M\u00e9dio Piracicaba, Vale [&hellip;]<\/p>\n","protected":false},"author":1,"featured_media":80051,"comment_status":"open","ping_status":"closed","sticky":false,"template":"","format":"standard","meta":{"amp_status":"","footnotes":""},"categories":[121],"tags":[79547,79546,79551,349,79543,79552,3427,79542,79545,79548,79550,79549,79544],"class_list":["post-80050","post","type-post","status-publish","format-standard","has-post-thumbnail","hentry","category-leste","tag-aba","tag-associacao-beneficente-agape","tag-celia-nahas","tag-cenibra","tag-conselho-eficaz","tag-elias-oliveira-soares","tag-instituto-cenibra","tag-o-conselho-eficaz","tag-operadores-sociais-dos-direitos-da-crianca-e-do-adolescente","tag-projeto-conselho-eficaz","tag-sedpac","tag-urso-de-formacao-continuada-para-os-operadores-sociais-dos-direitos-da-crianca-e-do-adolescente","tag-vale-do-aco-vai-receber-operadores-sociais-dos-direitos-da-crianca-e-do-adolescente-de-56-municipios"],"_links":{"self":[{"href":"https:\/\/aconteceunovale.com.br\/portal\/index.php?rest_route=\/wp\/v2\/posts\/80050","targetHints":{"allow":["GET"]}}],"collection":[{"href":"https:\/\/aconteceunovale.com.br\/portal\/index.php?rest_route=\/wp\/v2\/posts"}],"about":[{"href":"https:\/\/aconteceunovale.com.br\/portal\/index.php?rest_route=\/wp\/v2\/types\/post"}],"author":[{"embeddable":true,"href":"https:\/\/aconteceunovale.com.br\/portal\/index.php?rest_route=\/wp\/v2\/users\/1"}],"replies":[{"embeddable":true,"href":"https:\/\/aconteceunovale.com.br\/portal\/index.php?rest_route=%2Fwp%2Fv2%2Fcomments&post=80050"}],"version-history":[{"count":0,"href":"https:\/\/aconteceunovale.com.br\/portal\/index.php?rest_route=\/wp\/v2\/posts\/80050\/revisions"}],"wp:featuredmedia":[{"embeddable":true,"href":"https:\/\/aconteceunovale.com.br\/portal\/index.php?rest_route=\/wp\/v2\/media\/80051"}],"wp:attachment":[{"href":"https:\/\/aconteceunovale.com.br\/portal\/index.php?rest_route=%2Fwp%2Fv2%2Fmedia&parent=80050"}],"wp:term":[{"taxonomy":"category","embeddable":true,"href":"https:\/\/aconteceunovale.com.br\/portal\/index.php?rest_route=%2Fwp%2Fv2%2Fcategories&post=80050"},{"taxonomy":"post_tag","embeddable":true,"href":"https:\/\/aconteceunovale.com.br\/portal\/index.php?rest_route=%2Fwp%2Fv2%2Ftags&post=80050"}],"curies":[{"name":"wp","href":"https:\/\/api.w.org\/{rel}","templated":true}]}}