{"id":80046,"date":"2016-02-26T15:57:32","date_gmt":"2016-02-26T18:57:32","guid":{"rendered":"http:\/\/aconteceunovale.com.br\/portal\/?p=80046"},"modified":"2016-02-26T15:57:32","modified_gmt":"2016-02-26T18:57:32","slug":"ii-festival-internacional-de-musica-historica-de-diamantina-celebra-as-influencias-o-ibericas-na-tradicao-musical-do-brasil","status":"publish","type":"post","link":"https:\/\/aconteceunovale.com.br\/portal\/?p=80046","title":{"rendered":"II Festival Internacional de M\u00fasica Hist\u00f3rica de Diamantina celebra as influ\u00eancias \u201co Ib\u00e9ricas na tradi\u00e7\u00e3o musical do Brasil\u201d"},"content":{"rendered":"<p>A popula\u00e7\u00e3o de Diamantina e regi\u00e3o, al\u00e9m dos turistas que acompanham a programa\u00e7\u00e3o do II Festival Internacional de M\u00fasica Hist\u00f3rica &#8211; De la Mancha ao Sert\u00e3o: o Ib\u00e9rico na tradi\u00e7\u00e3o musical do Brasil est\u00e3o vivenciando uma experi\u00eancia que vem extrapolando barreiras f\u00edsicas, permitindo uma experimenta\u00e7\u00e3o diferenciada da musica por meio de aulas-espet\u00e1culos, minicursos com professores do Brasil e do exterior, saraus com presen\u00e7a de diversos artistas e manifesta\u00e7\u00f5es e concertos. A programa\u00e7\u00e3o do festival est\u00e1 sendo realizada em diversos espa\u00e7os da cidade: Mercado Velho, Museus (Casa da Chica da Silva, Casa da Gl\u00f3ria e  Museu do Diamante), Teatro Santa Izabel, al\u00e9m dos concertos na Igreja do Carmo, Igreja S\u00e3o Francisco, Igreja do Ros\u00e1rio e Igreja do Amparo, al\u00e9m dos saraus promovidos no Recanto do Ant\u00f4nio.<\/p>\n<p>O Festival conta com importantes nomes locais, nacionais e internacionais, que permitem ao p\u00fablico uma oportunidade singular de encontro com a m\u00fasica hist\u00f3rica,  de descobrir as ricas influ\u00eancias das culturas ib\u00e9ricas na tradi\u00e7\u00e3o musical do Brasil.  Todas as atividades s\u00e3o gratuitas.<\/p>\n<p><img decoding=\"async\" src=\"http:\/\/aconteceunovale.com.br\/portal\/wp-content\/uploads\/2016\/02\/festival_diamantina_2.jpg\" alt=\"\" \/><em>Caixa de Assovio &#8211; Foto Daniel Magalha?es \/ Divulga\u00e7\u00e3o<\/em><br \/>\n<\/br><\/p>\n<p>Entre os destaques da programa\u00e7\u00e3o para o \u00faltimo final de semana de festival est\u00e3o a apresenta\u00e7\u00e3o do grupo Caixa de Assovio, marcada para este s\u00e1bado. O Caixa de Assovio \u00e9 um grupo de dan\u00e7antes, da cidade do Serro\/MG, que atua na tradicional festa de Nossa Senhora do Ros\u00e1rio. A instrumenta\u00e7\u00e3o resume-se a p\u00edfanos e caixas, uma esp\u00e9cie de parente das bandas de p\u00edfanos do Nordeste brasileiro, embora apresente repert\u00f3rio bastante distinto. Dos antigos grupos deste perfil que atuaram em Minas Gerais desde o s\u00e9culo XVIII, apenas tr\u00eas resistem at\u00e9 os dias atuais, sendo a Caixa de Assovio, um destes. O atual chefe do grupo, Seu Jadir Canela, \u00e9 um dos \u00edcones vivos da festa do Ros\u00e1rio do Serro, dela participando desde a d\u00e9cada de 1960, a princ\u00edpio, integrando a Marujada e posteriormente, em 1988, passando a atuar na Caixa de Assovio.<\/p>\n<p>Encerrando a programa\u00e7\u00e3o do II Festival Internacional de M\u00fasica Hist\u00f3rica de Diamantina, no domingo, o grupo Ilumiara apresentar\u00e1 o concerto Romanceiro popular brasileiro, com a participa\u00e7\u00e3o especial de Ori Harmelin(Ala\u00fade), Hudson Lacerda(viol\u00e3o) e Aline Cantia (narra\u00e7\u00e3o de textos). O Ilumiara \u00e9 formado por cinco m\u00fasicos que tamb\u00e9m atuam como pesquisadores. O  grupo traz em seu espet\u00e1culo a contextualiza\u00e7\u00e3o hist\u00f3rico-social dos cantos de trabalho no Brasil. Sua apresenta\u00e7\u00e3o levar\u00e1 ao p\u00fablico um repert\u00f3rio de cantos de trabalho recolhidos da tradi\u00e7\u00e3o, diretamente em suas fontes, ou a partir de registros de pesquisadores pioneiros como M\u00e1rio de Andrade, Oswaldo de Souza e Ayres da Mata Machado. O grupo interpreta vissungos, cantigas de ninar, canto de lavadeiras, entre outros, em arranjos elaborados a partir de uma vis\u00e3o est\u00e9tica contempor\u00e2nea.<\/p>\n<p>Em sua segunda edi\u00e7\u00e3o, o Festival adota o termo &#8220;M\u00fasica Hist\u00f3rica&#8221;, substituindo a express\u00e3o &#8220;M\u00fasica Antiga&#8221; utilizada na edi\u00e7\u00e3o anterior, como forma de integrar, para al\u00e9m da m\u00fasica erudita, registrada em partituras, os saberes passados de gera\u00e7\u00e3o a gera\u00e7\u00e3o pela tradi\u00e7\u00e3o oral, o conhecimento popular, as ricas experi\u00eancias culturais dos processos hist\u00f3ricos. Para o diretor art\u00edstico do Festival, Marco Brescia, a mudan\u00e7a visa, nesta edi\u00e7\u00e3o, &#8220;abarcar o fazer musical ib\u00e9rico disseminado pela tradi\u00e7\u00e3o oral, ancestral, vernacular, custodiada pelas gentes dos Sert\u00f5es do Brasil, que juntos conformam o riqu\u00edssimo arcabou\u00e7o da cultura brasileira mais aut\u00eantica&#8221;. <\/p>\n<p>A cidade n\u00e3o \u00e9 utilizada como mero palco\/cen\u00e1rio para o festival. Ela tamb\u00e9m \u00e9 proponente\/executora do evento, participando ativamente de todos os processos. A prepara\u00e7\u00e3o de cada edi\u00e7\u00e3o come\u00e7a h\u00e1 muitos meses do festival e envolve estudos e an\u00e1lises dos bens e riquezas patrimoniais, voca\u00e7\u00f5es e sobre a contribui\u00e7\u00e3o deixada para a cidade a partir de cada edi\u00e7\u00e3o do evento. Estreitando os la\u00e7os com a comunidade de Diamantina, o evento abre espa\u00e7o para manifesta\u00e7\u00f5es musicais que est\u00e3o inseridas dentro do contexto hist\u00f3rico e social local.<\/p>\n<p>Com o objetivo de preservar um bem material com fun\u00e7\u00e3o imaterial e divulgar um importante patrim\u00f4nio brasileiro, o \u00f3rg\u00e3o Almeida e Silva\/Lobo de Mesquita, localizado no interior da Igreja de Nossa Senhora do Carmo, o festival se volta para a valoriza\u00e7\u00e3o musical e hist\u00f3rica e tamb\u00e9m para a rela\u00e7\u00e3o com a popula\u00e7\u00e3o da cidade e suas riquezas. Com um precioso acervo de partituras, toques de sinos, bandas musicais, toques de tambores, tradi\u00e7\u00e3o das serestas, instrumentos musicais, conservat\u00f3rio e artistas, a cidade, tamb\u00e9m abriga o \u00f3rg\u00e3o Almeida e Silva\/Lobo de Mesquita, instrumento montado integralmente no Brasil no s\u00e9culo XVIII, e que teve sua restaura\u00e7\u00e3o conclu\u00edda em 2014. O processo de restaura\u00e7\u00e3o levou 8 anos e foi realizado em tr\u00eas etapas. A equipe de restauro contou com a dire\u00e7\u00e3o do mestre organeiro Fr\u00e9d\u00e9ric Desmottes, que desmontou o instrumento e inventariou cada parte. ?O organista Marco Brescia e o mestre organeiro Fr\u00e9d\u00e9ric Desmottes identificou todas as inscri\u00e7\u00f5es originais de Almeida e Silva para reconstituir o plano sonoro original do instrumento. O \u00f3rg\u00e3o Almeida e Silva\/Lobo de Mesquita foi devolvido para a comunidade de Diamantina, ap\u00f3s um hiato de 70 anos sem atividades.<\/p>\n<p><img decoding=\"async\" src=\"http:\/\/aconteceunovale.com.br\/portal\/wp-content\/uploads\/2016\/02\/festival_diamantina_1.jpg\" alt=\"\" \/><em>Grupo Ilumiara &#8211; Foto Kika Antunes \/ Divulga\u00e7\u00e3o<\/em><br \/>\n<\/br><\/p>\n<p><strong>Programa\u00e7\u00e3o do \u00faltimo final de semana do Festival<\/strong><\/p>\n<p>27 de Fevereiro &#8211; S\u00e1bado<\/p>\n<p>11h00 \u2013 Caixa de Assovio do Serro e Daniel Magalh\u00e3es (Brasil)<\/p>\n<p>Local: Mercado Velho<\/p>\n<p>20h00 &#8211; Concerto: O \u00f3rg\u00e3o cervantino no contexto pan-hisp\u00e2nico &#8211; Cristina Garc\u00eda Banegas (Uruguai)<\/p>\n<p>Local: Igreja do Carmo<\/p>\n<p>28 de Fevereiro &#8211; Domingo<\/p>\n<p>11h00 &#8211; Concerto: Romanceiro popular brasileiro \u2013 Ilumiara (Brasil) convida Ori Harmelin (Ala\u00fade), Hudson Lacerda (viol\u00e3o) e Aline Cantia (narra\u00e7\u00e3o de textos)<\/p>\n<p>Local: Igreja do Ros\u00e1rio<\/p>\n<p>Servi\u00e7o<\/p>\n<p>2\u00ba Festival Internacional de M\u00fasica Hist\u00f3rica &#8211; De la Mancha ao Sert\u00e3o: o Ib\u00e9rico na tradi\u00e7\u00e3o musical do Brasil.<\/p>\n<p>At\u00e9 28 de fevereiro de 2016<\/p>\n<p>Diamantina &#8211; Minas Gerais<\/p>\n<p>Informa\u00e7\u00f5es e Programa\u00e7\u00e3o: <a href=\"http:\/\/www.musicahistoricadiamantina.com\" target=\"_blank\">www.musicahistoricadiamantina.com<\/a><\/p>\n","protected":false},"excerpt":{"rendered":"<p>A popula\u00e7\u00e3o de Diamantina e regi\u00e3o, al\u00e9m dos turistas que acompanham a programa\u00e7\u00e3o do II Festival Internacional de M\u00fasica Hist\u00f3rica &#8211; De la Mancha ao Sert\u00e3o: o Ib\u00e9rico na tradi\u00e7\u00e3o musical do Brasil est\u00e3o vivenciando uma experi\u00eancia que vem extrapolando barreiras f\u00edsicas, permitindo uma experimenta\u00e7\u00e3o diferenciada da musica por meio de aulas-espet\u00e1culos, minicursos com professores [&hellip;]<\/p>\n","protected":false},"author":1,"featured_media":80048,"comment_status":"open","ping_status":"closed","sticky":false,"template":"","format":"standard","meta":{"amp_status":"","footnotes":""},"categories":[125,120],"tags":[198,76194,79540,76196,79539,79541],"class_list":["post-80046","post","type-post","status-publish","format-standard","has-post-thumbnail","hentry","category-noticias","category-jequi","tag-diamantina","tag-festival-internacional-de-musica-historica-de-diamantina","tag-ii-festival-internacional-de-musica-historica-de-la-mancha-ao-sertao-o-iberico-na-tradicao-musical-do-brasil","tag-ii-festival-internacional-de-musica-historica-de-diamantina","tag-o-ibericas-na-tradicao-musical-do-brasil","tag-programacao-ultimo-final-de-semana-ii-festival-internacional-de-musica-historica-de-diamantina"],"_links":{"self":[{"href":"https:\/\/aconteceunovale.com.br\/portal\/index.php?rest_route=\/wp\/v2\/posts\/80046","targetHints":{"allow":["GET"]}}],"collection":[{"href":"https:\/\/aconteceunovale.com.br\/portal\/index.php?rest_route=\/wp\/v2\/posts"}],"about":[{"href":"https:\/\/aconteceunovale.com.br\/portal\/index.php?rest_route=\/wp\/v2\/types\/post"}],"author":[{"embeddable":true,"href":"https:\/\/aconteceunovale.com.br\/portal\/index.php?rest_route=\/wp\/v2\/users\/1"}],"replies":[{"embeddable":true,"href":"https:\/\/aconteceunovale.com.br\/portal\/index.php?rest_route=%2Fwp%2Fv2%2Fcomments&post=80046"}],"version-history":[{"count":0,"href":"https:\/\/aconteceunovale.com.br\/portal\/index.php?rest_route=\/wp\/v2\/posts\/80046\/revisions"}],"wp:featuredmedia":[{"embeddable":true,"href":"https:\/\/aconteceunovale.com.br\/portal\/index.php?rest_route=\/wp\/v2\/media\/80048"}],"wp:attachment":[{"href":"https:\/\/aconteceunovale.com.br\/portal\/index.php?rest_route=%2Fwp%2Fv2%2Fmedia&parent=80046"}],"wp:term":[{"taxonomy":"category","embeddable":true,"href":"https:\/\/aconteceunovale.com.br\/portal\/index.php?rest_route=%2Fwp%2Fv2%2Fcategories&post=80046"},{"taxonomy":"post_tag","embeddable":true,"href":"https:\/\/aconteceunovale.com.br\/portal\/index.php?rest_route=%2Fwp%2Fv2%2Ftags&post=80046"}],"curies":[{"name":"wp","href":"https:\/\/api.w.org\/{rel}","templated":true}]}}