{"id":80003,"date":"2016-02-26T10:23:05","date_gmt":"2016-02-26T13:23:05","guid":{"rendered":"http:\/\/aconteceunovale.com.br\/portal\/?p=80003"},"modified":"2016-02-26T10:23:05","modified_gmt":"2016-02-26T13:23:05","slug":"programa-de-financiamento-para-empresas-afetadas-pela-tragedia-de-mariana-e-prorrogado","status":"publish","type":"post","link":"https:\/\/aconteceunovale.com.br\/portal\/?p=80003","title":{"rendered":"Programa de financiamento para empresas afetadas pela trag\u00e9dia de Mariana \u00e9 prorrogado"},"content":{"rendered":"<p>Empresas localizadas nos 35 munic\u00edpios mais impactados pelo rompimento da barragem de Fund\u00e3o, em Mariana, ganharam novo prazo para solicitar financiamento ao\u00a0Banco de Desenvolvimento de Minas Gerais (BDMG). Previsto inicialmente para terminar no dia 29 de fevereiro, a linha de cr\u00e9dito do Programa de Recupera\u00e7\u00e3o Socioecon\u00f4mica da Bacia Hidrogr\u00e1fica do Rio Doce foi prorrogada at\u00e9 30 de abril.<\/p>\n<p>S\u00e3o R$ 20 milh\u00f5es dispon\u00edveis ao setor privado. A novidade \u00e9 que filiais de empresas localizadas nessa regi\u00e3o, mas com sedes em outros munic\u00edpios, ter\u00e3o acesso ao financiamento. \u201cComo ainda existem recursos dispon\u00edveis, o BDMG decidiu ampliar o prazo, a fim de beneficiar um n\u00famero maior de empresas\u201d, afirma o presidente do Banco, Marco Crocco.<\/p>\n<p>Para as micro e pequenas empresas, o financiamento varia de R$ 2 mil a R$ 50 mil, limitado a 20% do faturamento fiscal. A taxa de juros \u00e9 de 1% ao m\u00eas e o prazo chega a 24 meses, inclu\u00eddos tr\u00eas meses de car\u00eancia. O financiamento de capital de giro pode ser utilizado para o pagamento de sal\u00e1rios, reposi\u00e7\u00e3o de estoques e outras medidas emergenciais para n\u00e3o interromper a atividade econ\u00f4mica. \u201cEsse \u00e9 um dos prop\u00f3sitos desta iniciativa: manter o neg\u00f3cio funcionando, assegurando emprego e gera\u00e7\u00e3o de renda\u201d, afirma Crocco.<\/p>\n<p>Os empres\u00e1rios podem fazer a solicita\u00e7\u00e3o de cr\u00e9dito diretamente no site do Banco (<a href=\"http:\/\/www.bdmg.mg.gov.br\/\" target=\"_blank\">www.bdmg.mg.gov.br<\/a>) ou procurar os Correspondentes Banc\u00e1rios BDMG.<\/p>\n<p>Munic\u00edpios beneficiados: Aimor\u00e9s, Alpercata, Barra Longa, Belo Oriente, Bom Jesus do Galho, Bugre, Caratinga, Conselheiro Pena, C\u00f3rrego Novo, Dion\u00edsio, Fernandes Tourinho, Galileia, Governador Valadares, Iapu, Ipaba, Ipatinga, Itueta, Mariana, Marli\u00e9ria, Naque, Periquito, Pingo D\u2019\u00c1gua, Raul Soares, Resplendor, Rio Casca, Rio Doce, Santa Cruz do Escalvado, Santana do Para\u00edso, S\u00e3o Domingos do Prata, S\u00e3o Jos\u00e9 do Goiabal, S\u00e3o Pedro dos Ferros, Sem Peixe, Sobr\u00e1lia, Tim\u00f3teo e Tumiritinga. A lista foi produzida pela Defesa Civil de Minas Gerais.<\/p>\n<p><strong>Correspondentes Banc\u00e1rios<\/strong><\/p>\n<p>Os empres\u00e1rios interessados poder\u00e3o solicitar financiamentos por meio da linha BDMG Rio Doce nos Correspondentes Banc\u00e1rios situados nos seguintes munic\u00edpios:<\/p>\n<p><strong>Aimor\u00e9s:<\/strong>\u00a0Sicoob AC Credi e SicoobCredicope.<\/p>\n<p><strong>Belo Oriente:<\/strong>\u00a0Associa\u00e7\u00e3o Comercial e Sicoob AC Credi.<\/p>\n<p><strong>Bom Jesus do Galho:<\/strong>\u00a0Sicoob Uni\u00e3o.<\/p>\n<p><strong>Caratinga:\u00a0<\/strong>Associa\u00e7\u00e3o Comercial, CDL, SicoobCredicooper e Sicoob Profissionais da Sa\u00fade.<\/p>\n<p><strong>Conselheiro Pena:<\/strong>\u00a0Associa\u00e7\u00e3o Comercial, Sicoob AC Credi e SicoobCredicope.<\/p>\n<p><strong>Fernandes Tourinho:<\/strong>\u00a0SicoobCrediriodoce.<\/p>\n<p><strong>Governador Valadares:<\/strong>\u00a0FIEMG, Sicoob AC Credi, SicoobCrediriodoce e Sindicato dos Contabilistas.<\/p>\n<p><strong>Ipatinga:<\/strong>\u00a0CDL e FIEMG.<\/p>\n<p><strong>Itueta:<\/strong>\u00a0SicoobCredicope.<\/p>\n<p><strong>Raul Soares:<\/strong>\u00a0Sicoob Uni\u00e3o.<\/p>\n<p><strong>Resplendor:<\/strong>\u00a0Sicoob AC Credi e SicoobCredicope.<\/p>\n<p><strong>Rio Casca:<\/strong>\u00a0Sicoob Uni\u00e3o.<\/p>\n<p><strong>S\u00e3o Jos\u00e9 do Goiabal:<\/strong>\u00a0Sicoob Uni\u00e3o.<\/p>\n<p><strong>S\u00e3o Pedro dos Ferros:<\/strong>\u00a0Sicoob Uni\u00e3o.<\/p>\n<p><strong>Tim\u00f3teo:<\/strong>\u00a0CDL e Sindicato do Com\u00e9rcio.<\/p>\n","protected":false},"excerpt":{"rendered":"<p>Empresas localizadas nos 35 munic\u00edpios mais impactados pelo rompimento da barragem de Fund\u00e3o, em Mariana, ganharam novo prazo para solicitar financiamento ao\u00a0Banco de Desenvolvimento de Minas Gerais (BDMG). Previsto inicialmente para terminar no dia 29 de fevereiro, a linha de cr\u00e9dito do Programa de Recupera\u00e7\u00e3o Socioecon\u00f4mica da Bacia Hidrogr\u00e1fica do Rio Doce foi prorrogada at\u00e9 [&hellip;]<\/p>\n","protected":false},"author":1,"featured_media":79761,"comment_status":"open","ping_status":"closed","sticky":false,"template":"","format":"standard","meta":{"amp_status":"","footnotes":""},"categories":[123],"tags":[273,274,21801,1770,2544,79446,350,1101,1721,237,282,4678,1727,289,79451,79447,292,247,1722,2234,201,298,79448,79450,7363,1742,1724,1670,1733,79445,79449,13983,309,1556,1774,66993,1775,2101,14911,1729,1777,1730,328,1105,330],"class_list":["post-80003","post","type-post","status-publish","format-standard","has-post-thumbnail","hentry","category-gerais","tag-aimores","tag-alpercata","tag-bacia-do-rio-doce","tag-barra-longa","tag-bdmg","tag-bdmg-prorroga-programa-de-financiamento-para-empresas-do-vale-do-rio-doce","tag-belo-oriente","tag-bom-jesus-do-galho","tag-bugre","tag-caratinga","tag-conselheiro-pena","tag-corrego-novo","tag-dionisio","tag-fernandes-tourinho","tag-financiamento-do-bdmg-para-o-rio-doce","tag-financiamento-para-empresas-localizadas-nos-municipios-impactados-pelo-rompimento-da-barragem-de-fundao","tag-galileia","tag-governador-valadares","tag-iapu","tag-ipaba","tag-ipatinga","tag-itueta","tag-linha-de-credito-do-programa-de-recuperacao-socioeconomica-da-bacia-hidrografica-do-rio-doce","tag-marco-crocco","tag-mariana","tag-marlieria","tag-naque","tag-periquito","tag-pingo-dagua","tag-programa-de-financiamento-para-empresas-afetadas-pela-tragedia-de-mariana-e-prorrogado","tag-programa-de-recuperacao-socioeconomica-da-bacia-hidrografica-do-rio-doce","tag-raul-soares","tag-resplendor","tag-rio-casca","tag-rio-doce","tag-rompimento-da-barragem-de-fundao","tag-santa-cruz-do-escalvado","tag-santana-do-paraiso","tag-sao-domingos-do-prata","tag-sao-jose-do-goiabal","tag-sao-pedro-dos-ferros","tag-sem-peixe","tag-sobralia","tag-timoteo","tag-tumiritinga"],"yoast_head":"<!-- This site is optimized with the Yoast SEO plugin v28.3 - https:\/\/yoast.com\/product\/yoast-seo-wordpress\/ -->\n<title>Programa de financiamento para empresas afetadas pela trag\u00e9dia de Mariana \u00e9 prorrogado - Aconteceu no Vale<\/title>\n<meta name=\"robots\" content=\"index, follow, max-snippet:-1, max-image-preview:large, max-video-preview:-1\" \/>\n<link rel=\"canonical\" href=\"https:\/\/aconteceunovale.com.br\/portal\/?p=80003\" \/>\n<meta property=\"og:locale\" content=\"pt_BR\" \/>\n<meta property=\"og:type\" content=\"article\" \/>\n<meta property=\"og:title\" content=\"Programa de financiamento para empresas afetadas pela trag\u00e9dia de Mariana \u00e9 prorrogado - Aconteceu no Vale\" \/>\n<meta property=\"og:description\" content=\"Empresas localizadas nos 35 munic\u00edpios mais impactados pelo rompimento da barragem de Fund\u00e3o, em Mariana, ganharam novo prazo para solicitar financiamento ao\u00a0Banco de Desenvolvimento de Minas Gerais (BDMG). Previsto inicialmente para terminar no dia 29 de fevereiro, a linha de cr\u00e9dito do Programa de Recupera\u00e7\u00e3o Socioecon\u00f4mica da Bacia Hidrogr\u00e1fica do Rio Doce foi prorrogada at\u00e9 [&hellip;]\" \/>\n<meta property=\"og:url\" content=\"https:\/\/aconteceunovale.com.br\/portal\/?p=80003\" \/>\n<meta property=\"og:site_name\" content=\"Aconteceu no Vale\" \/>\n<meta property=\"article:publisher\" content=\"https:\/\/www.facebook.com\/aconteceunovale\/\" \/>\n<meta property=\"article:published_time\" content=\"2016-02-26T13:23:05+00:00\" \/>\n<meta property=\"og:image\" content=\"https:\/\/aconteceunovale.com.br\/portal\/wp-content\/uploads\/2016\/02\/rio_doce.jpg\" \/>\n\t<meta property=\"og:image:width\" content=\"393\" \/>\n\t<meta property=\"og:image:height\" content=\"450\" \/>\n\t<meta property=\"og:image:type\" content=\"image\/jpeg\" \/>\n<meta name=\"author\" content=\"Aconteceu no Vale\" \/>\n<meta name=\"twitter:card\" content=\"summary_large_image\" \/>\n<meta name=\"twitter:creator\" content=\"@noticiadosvales\" \/>\n<meta name=\"twitter:site\" content=\"@noticiadosvales\" \/>\n<meta name=\"twitter:label1\" content=\"Escrito por\" \/>\n\t<meta name=\"twitter:data1\" content=\"Aconteceu no Vale\" \/>\n\t<meta name=\"twitter:label2\" content=\"Est. tempo de leitura\" \/>\n\t<meta name=\"twitter:data2\" content=\"2 minutos\" \/>\n<script type=\"application\/ld+json\" class=\"yoast-schema-graph\">{\"@context\":\"https:\\\/\\\/schema.org\",\"@graph\":[{\"@type\":\"Article\",\"@id\":\"https:\\\/\\\/aconteceunovale.com.br\\\/portal\\\/?p=80003#article\",\"isPartOf\":{\"@id\":\"https:\\\/\\\/aconteceunovale.com.br\\\/portal\\\/?p=80003\"},\"author\":{\"name\":\"Aconteceu no Vale\",\"@id\":\"https:\\\/\\\/aconteceunovale.com.br\\\/portal\\\/#\\\/schema\\\/person\\\/633529146f2c94272bef50ac2953d589\"},\"headline\":\"Programa de financiamento para empresas afetadas pela trag\u00e9dia de Mariana \u00e9 prorrogado\",\"datePublished\":\"2016-02-26T13:23:05+00:00\",\"mainEntityOfPage\":{\"@id\":\"https:\\\/\\\/aconteceunovale.com.br\\\/portal\\\/?p=80003\"},\"wordCount\":477,\"commentCount\":0,\"image\":{\"@id\":\"https:\\\/\\\/aconteceunovale.com.br\\\/portal\\\/?p=80003#primaryimage\"},\"thumbnailUrl\":\"https:\\\/\\\/aconteceunovale.com.br\\\/portal\\\/wp-content\\\/uploads\\\/2016\\\/02\\\/rio_doce.jpg\",\"keywords\":[\"Aimor\u00e9s\",\"Alpercata\",\"Bacia do Rio Doce\",\"Barra Longa\",\"BDMG\",\"BDMG prorroga programa de financiamento para empresas do Vale do Rio Doce\",\"belo oriente\",\"Bom Jesus do Galho\",\"Bugre\",\"Caratinga\",\"Conselheiro Pena\",\"C\u00f3rrego Novo\",\"Dion\u00edsio\",\"Fernandes Tourinho\",\"financiamento do BDMG para o Rio Doce\",\"Financiamento para empresas localizadas nos munic\u00edpios impactados pelo rompimento da barragem de Fund\u00e3o\",\"Galil\u00e9ia\",\"Governador Valadares\",\"Iapu\",\"Ipaba\",\"Ipatinga\",\"Itueta\",\"linha de cr\u00e9dito do Programa de Recupera\u00e7\u00e3o Socioecon\u00f4mica da Bacia Hidrogr\u00e1fica do Rio Doce\",\"Marco Crocco\",\"Mariana\",\"Marli\u00e9ria\",\"Naque\",\"Periquito\",\"Pingo-d\u2019\u00c1gua\",\"Programa de financiamento para empresas afetadas pela trag\u00e9dia de Mariana \u00e9 prorrogado\",\"Programa de Recupera\u00e7\u00e3o Socioecon\u00f4mica da Bacia Hidrogr\u00e1fica do Rio Doce\",\"Raul Soares\",\"Resplendor\",\"Rio Casca.\",\"Rio Doce\",\"rompimento da barragem de Fund\u00e3o\",\"Santa Cruz do Escalvado\",\"Santana do Para\u00edso\",\"S\u00e3o Domingos do Prata\",\"S\u00e3o Jos\u00e9 do Goiabal\",\"S\u00e3o Pedro dos Ferros.\",\"Sem-Peixe\",\"Sobr\u00e1lia\",\"Tim\u00f3teo\",\"Tumiritinga\"],\"articleSection\":[\"Minas Gerais\"],\"inLanguage\":\"pt-BR\",\"potentialAction\":[{\"@type\":\"CommentAction\",\"name\":\"Comment\",\"target\":[\"https:\\\/\\\/aconteceunovale.com.br\\\/portal\\\/?p=80003#respond\"]}]},{\"@type\":\"WebPage\",\"@id\":\"https:\\\/\\\/aconteceunovale.com.br\\\/portal\\\/?p=80003\",\"url\":\"https:\\\/\\\/aconteceunovale.com.br\\\/portal\\\/?p=80003\",\"name\":\"Programa de financiamento para empresas afetadas pela trag\u00e9dia de Mariana \u00e9 prorrogado - Aconteceu no Vale\",\"isPartOf\":{\"@id\":\"https:\\\/\\\/aconteceunovale.com.br\\\/portal\\\/#website\"},\"primaryImageOfPage\":{\"@id\":\"https:\\\/\\\/aconteceunovale.com.br\\\/portal\\\/?p=80003#primaryimage\"},\"image\":{\"@id\":\"https:\\\/\\\/aconteceunovale.com.br\\\/portal\\\/?p=80003#primaryimage\"},\"thumbnailUrl\":\"https:\\\/\\\/aconteceunovale.com.br\\\/portal\\\/wp-content\\\/uploads\\\/2016\\\/02\\\/rio_doce.jpg\",\"datePublished\":\"2016-02-26T13:23:05+00:00\",\"author\":{\"@id\":\"https:\\\/\\\/aconteceunovale.com.br\\\/portal\\\/#\\\/schema\\\/person\\\/633529146f2c94272bef50ac2953d589\"},\"breadcrumb\":{\"@id\":\"https:\\\/\\\/aconteceunovale.com.br\\\/portal\\\/?p=80003#breadcrumb\"},\"inLanguage\":\"pt-BR\",\"potentialAction\":[{\"@type\":\"ReadAction\",\"target\":[\"https:\\\/\\\/aconteceunovale.com.br\\\/portal\\\/?p=80003\"]}]},{\"@type\":\"ImageObject\",\"inLanguage\":\"pt-BR\",\"@id\":\"https:\\\/\\\/aconteceunovale.com.br\\\/portal\\\/?p=80003#primaryimage\",\"url\":\"https:\\\/\\\/aconteceunovale.com.br\\\/portal\\\/wp-content\\\/uploads\\\/2016\\\/02\\\/rio_doce.jpg\",\"contentUrl\":\"https:\\\/\\\/aconteceunovale.com.br\\\/portal\\\/wp-content\\\/uploads\\\/2016\\\/02\\\/rio_doce.jpg\",\"width\":393,\"height\":450},{\"@type\":\"BreadcrumbList\",\"@id\":\"https:\\\/\\\/aconteceunovale.com.br\\\/portal\\\/?p=80003#breadcrumb\",\"itemListElement\":[{\"@type\":\"ListItem\",\"position\":1,\"name\":\"In\u00edcio\",\"item\":\"https:\\\/\\\/aconteceunovale.com.br\\\/portal\\\/\"},{\"@type\":\"ListItem\",\"position\":2,\"name\":\"Programa de financiamento para empresas afetadas pela trag\u00e9dia de Mariana \u00e9 prorrogado\"}]},{\"@type\":\"WebSite\",\"@id\":\"https:\\\/\\\/aconteceunovale.com.br\\\/portal\\\/#website\",\"url\":\"https:\\\/\\\/aconteceunovale.com.br\\\/portal\\\/\",\"name\":\"Aconteceu no Vale\",\"description\":\"Portal de Not\u00edcias\",\"potentialAction\":[{\"@type\":\"SearchAction\",\"target\":{\"@type\":\"EntryPoint\",\"urlTemplate\":\"https:\\\/\\\/aconteceunovale.com.br\\\/portal\\\/?s={search_term_string}\"},\"query-input\":{\"@type\":\"PropertyValueSpecification\",\"valueRequired\":true,\"valueName\":\"search_term_string\"}}],\"inLanguage\":\"pt-BR\"},{\"@type\":\"Person\",\"@id\":\"https:\\\/\\\/aconteceunovale.com.br\\\/portal\\\/#\\\/schema\\\/person\\\/633529146f2c94272bef50ac2953d589\",\"name\":\"Aconteceu no Vale\",\"description\":\"Equipe de reportagem do Aconteceu no Vale, portal de not\u00edcias do Vale do Jequitinhonha, em Minas Gerais. Cobrimos as 51 cidades do Vale desde 2013. Sugest\u00f5es de pauta e pedidos de corre\u00e7\u00e3o: contato@aconteceunovale.com.br\",\"sameAs\":[\"http:\\\/\\\/www.aconteceunovale.com.br\"],\"url\":\"https:\\\/\\\/aconteceunovale.com.br\\\/portal\\\/?author=1\"}]}<\/script>\n<!-- \/ Yoast SEO plugin. -->","yoast_head_json":{"title":"Programa de financiamento para empresas afetadas pela trag\u00e9dia de Mariana \u00e9 prorrogado - Aconteceu no Vale","robots":{"index":"index","follow":"follow","max-snippet":"max-snippet:-1","max-image-preview":"max-image-preview:large","max-video-preview":"max-video-preview:-1"},"canonical":"https:\/\/aconteceunovale.com.br\/portal\/?p=80003","og_locale":"pt_BR","og_type":"article","og_title":"Programa de financiamento para empresas afetadas pela trag\u00e9dia de Mariana \u00e9 prorrogado - Aconteceu no Vale","og_description":"Empresas localizadas nos 35 munic\u00edpios mais impactados pelo rompimento da barragem de Fund\u00e3o, em Mariana, ganharam novo prazo para solicitar financiamento ao\u00a0Banco de Desenvolvimento de Minas Gerais (BDMG). Previsto inicialmente para terminar no dia 29 de fevereiro, a linha de cr\u00e9dito do Programa de Recupera\u00e7\u00e3o Socioecon\u00f4mica da Bacia Hidrogr\u00e1fica do Rio Doce foi prorrogada at\u00e9 [&hellip;]","og_url":"https:\/\/aconteceunovale.com.br\/portal\/?p=80003","og_site_name":"Aconteceu no Vale","article_publisher":"https:\/\/www.facebook.com\/aconteceunovale\/","article_published_time":"2016-02-26T13:23:05+00:00","og_image":[{"width":393,"height":450,"url":"https:\/\/aconteceunovale.com.br\/portal\/wp-content\/uploads\/2016\/02\/rio_doce.jpg","type":"image\/jpeg"}],"author":"Aconteceu no Vale","twitter_card":"summary_large_image","twitter_creator":"@noticiadosvales","twitter_site":"@noticiadosvales","twitter_misc":{"Escrito por":"Aconteceu no Vale","Est. tempo de leitura":"2 minutos"},"schema":{"@context":"https:\/\/schema.org","@graph":[{"@type":"Article","@id":"https:\/\/aconteceunovale.com.br\/portal\/?p=80003#article","isPartOf":{"@id":"https:\/\/aconteceunovale.com.br\/portal\/?p=80003"},"author":{"name":"Aconteceu no Vale","@id":"https:\/\/aconteceunovale.com.br\/portal\/#\/schema\/person\/633529146f2c94272bef50ac2953d589"},"headline":"Programa de financiamento para empresas afetadas pela trag\u00e9dia de Mariana \u00e9 prorrogado","datePublished":"2016-02-26T13:23:05+00:00","mainEntityOfPage":{"@id":"https:\/\/aconteceunovale.com.br\/portal\/?p=80003"},"wordCount":477,"commentCount":0,"image":{"@id":"https:\/\/aconteceunovale.com.br\/portal\/?p=80003#primaryimage"},"thumbnailUrl":"https:\/\/aconteceunovale.com.br\/portal\/wp-content\/uploads\/2016\/02\/rio_doce.jpg","keywords":["Aimor\u00e9s","Alpercata","Bacia do Rio Doce","Barra Longa","BDMG","BDMG prorroga programa de financiamento para empresas do Vale do Rio Doce","belo oriente","Bom Jesus do Galho","Bugre","Caratinga","Conselheiro Pena","C\u00f3rrego Novo","Dion\u00edsio","Fernandes Tourinho","financiamento do BDMG para o Rio Doce","Financiamento para empresas localizadas nos munic\u00edpios impactados pelo rompimento da barragem de Fund\u00e3o","Galil\u00e9ia","Governador Valadares","Iapu","Ipaba","Ipatinga","Itueta","linha de cr\u00e9dito do Programa de Recupera\u00e7\u00e3o Socioecon\u00f4mica da Bacia Hidrogr\u00e1fica do Rio Doce","Marco Crocco","Mariana","Marli\u00e9ria","Naque","Periquito","Pingo-d\u2019\u00c1gua","Programa de financiamento para empresas afetadas pela trag\u00e9dia de Mariana \u00e9 prorrogado","Programa de Recupera\u00e7\u00e3o Socioecon\u00f4mica da Bacia Hidrogr\u00e1fica do Rio Doce","Raul Soares","Resplendor","Rio Casca.","Rio Doce","rompimento da barragem de Fund\u00e3o","Santa Cruz do Escalvado","Santana do Para\u00edso","S\u00e3o Domingos do Prata","S\u00e3o Jos\u00e9 do Goiabal","S\u00e3o Pedro dos Ferros.","Sem-Peixe","Sobr\u00e1lia","Tim\u00f3teo","Tumiritinga"],"articleSection":["Minas Gerais"],"inLanguage":"pt-BR","potentialAction":[{"@type":"CommentAction","name":"Comment","target":["https:\/\/aconteceunovale.com.br\/portal\/?p=80003#respond"]}]},{"@type":"WebPage","@id":"https:\/\/aconteceunovale.com.br\/portal\/?p=80003","url":"https:\/\/aconteceunovale.com.br\/portal\/?p=80003","name":"Programa de financiamento para empresas afetadas pela trag\u00e9dia de Mariana \u00e9 prorrogado - Aconteceu no Vale","isPartOf":{"@id":"https:\/\/aconteceunovale.com.br\/portal\/#website"},"primaryImageOfPage":{"@id":"https:\/\/aconteceunovale.com.br\/portal\/?p=80003#primaryimage"},"image":{"@id":"https:\/\/aconteceunovale.com.br\/portal\/?p=80003#primaryimage"},"thumbnailUrl":"https:\/\/aconteceunovale.com.br\/portal\/wp-content\/uploads\/2016\/02\/rio_doce.jpg","datePublished":"2016-02-26T13:23:05+00:00","author":{"@id":"https:\/\/aconteceunovale.com.br\/portal\/#\/schema\/person\/633529146f2c94272bef50ac2953d589"},"breadcrumb":{"@id":"https:\/\/aconteceunovale.com.br\/portal\/?p=80003#breadcrumb"},"inLanguage":"pt-BR","potentialAction":[{"@type":"ReadAction","target":["https:\/\/aconteceunovale.com.br\/portal\/?p=80003"]}]},{"@type":"ImageObject","inLanguage":"pt-BR","@id":"https:\/\/aconteceunovale.com.br\/portal\/?p=80003#primaryimage","url":"https:\/\/aconteceunovale.com.br\/portal\/wp-content\/uploads\/2016\/02\/rio_doce.jpg","contentUrl":"https:\/\/aconteceunovale.com.br\/portal\/wp-content\/uploads\/2016\/02\/rio_doce.jpg","width":393,"height":450},{"@type":"BreadcrumbList","@id":"https:\/\/aconteceunovale.com.br\/portal\/?p=80003#breadcrumb","itemListElement":[{"@type":"ListItem","position":1,"name":"In\u00edcio","item":"https:\/\/aconteceunovale.com.br\/portal\/"},{"@type":"ListItem","position":2,"name":"Programa de financiamento para empresas afetadas pela trag\u00e9dia de Mariana \u00e9 prorrogado"}]},{"@type":"WebSite","@id":"https:\/\/aconteceunovale.com.br\/portal\/#website","url":"https:\/\/aconteceunovale.com.br\/portal\/","name":"Aconteceu no Vale","description":"Portal de Not\u00edcias","potentialAction":[{"@type":"SearchAction","target":{"@type":"EntryPoint","urlTemplate":"https:\/\/aconteceunovale.com.br\/portal\/?s={search_term_string}"},"query-input":{"@type":"PropertyValueSpecification","valueRequired":true,"valueName":"search_term_string"}}],"inLanguage":"pt-BR"},{"@type":"Person","@id":"https:\/\/aconteceunovale.com.br\/portal\/#\/schema\/person\/633529146f2c94272bef50ac2953d589","name":"Aconteceu no Vale","description":"Equipe de reportagem do Aconteceu no Vale, portal de not\u00edcias do Vale do Jequitinhonha, em Minas Gerais. Cobrimos as 51 cidades do Vale desde 2013. Sugest\u00f5es de pauta e pedidos de corre\u00e7\u00e3o: contato@aconteceunovale.com.br","sameAs":["http:\/\/www.aconteceunovale.com.br"],"url":"https:\/\/aconteceunovale.com.br\/portal\/?author=1"}]}},"_links":{"self":[{"href":"https:\/\/aconteceunovale.com.br\/portal\/index.php?rest_route=\/wp\/v2\/posts\/80003","targetHints":{"allow":["GET"]}}],"collection":[{"href":"https:\/\/aconteceunovale.com.br\/portal\/index.php?rest_route=\/wp\/v2\/posts"}],"about":[{"href":"https:\/\/aconteceunovale.com.br\/portal\/index.php?rest_route=\/wp\/v2\/types\/post"}],"author":[{"embeddable":true,"href":"https:\/\/aconteceunovale.com.br\/portal\/index.php?rest_route=\/wp\/v2\/users\/1"}],"replies":[{"embeddable":true,"href":"https:\/\/aconteceunovale.com.br\/portal\/index.php?rest_route=%2Fwp%2Fv2%2Fcomments&post=80003"}],"version-history":[{"count":0,"href":"https:\/\/aconteceunovale.com.br\/portal\/index.php?rest_route=\/wp\/v2\/posts\/80003\/revisions"}],"wp:featuredmedia":[{"embeddable":true,"href":"https:\/\/aconteceunovale.com.br\/portal\/index.php?rest_route=\/wp\/v2\/media\/79761"}],"wp:attachment":[{"href":"https:\/\/aconteceunovale.com.br\/portal\/index.php?rest_route=%2Fwp%2Fv2%2Fmedia&parent=80003"}],"wp:term":[{"taxonomy":"category","embeddable":true,"href":"https:\/\/aconteceunovale.com.br\/portal\/index.php?rest_route=%2Fwp%2Fv2%2Fcategories&post=80003"},{"taxonomy":"post_tag","embeddable":true,"href":"https:\/\/aconteceunovale.com.br\/portal\/index.php?rest_route=%2Fwp%2Fv2%2Ftags&post=80003"}],"curies":[{"name":"wp","href":"https:\/\/api.w.org\/{rel}","templated":true}]}}