{"id":79997,"date":"2016-02-26T10:03:15","date_gmt":"2016-02-26T13:03:15","guid":{"rendered":"http:\/\/aconteceunovale.com.br\/portal\/?p=79997"},"modified":"2016-02-26T10:03:15","modified_gmt":"2016-02-26T13:03:15","slug":"minas-pecuaria-vai-impulsionar-a-cadeia-produtiva-bovina-no-estado","status":"publish","type":"post","link":"https:\/\/aconteceunovale.com.br\/portal\/?p=79997","title":{"rendered":"Minas Pecu\u00e1ria vai impulsionar a cadeia produtiva bovina no estado"},"content":{"rendered":"<p>Foi publicado no Di\u00e1rio Oficial do Estado, nesta quinta-feira (25\/2), o decreto que institui o Programa Minas Pecu\u00e1ria \u2013 Competitividade da Pecu\u00e1ria Bovina. Lan\u00e7ada pelo governador Fernando Pimentel, a iniciativa vai beneficiar os pequenos e m\u00e9dios produtores rurais que exercem a atividade da bovinocultura de corte e leite nos 17 Territ\u00f3rios de Desenvolvimento do estado at\u00e9 2018.<\/p>\n<p>Para favorecer a produ\u00e7\u00e3o, industrializa\u00e7\u00e3o e comercializa\u00e7\u00e3o dos produtos e seus derivados nos mercados internos e externos, 100 t\u00e9cnicos e extensionistas rurais v\u00e3o ser capacitados, ainda neste ano, para trabalhar com a metodologia do programa. A expectativa \u00e9 de, at\u00e9 2018, prestar assist\u00eancia t\u00e9cnica e rural a cerca de 2.400 unidades de refer\u00eancia em todo o estado. Com isso, o Governo planeja ampliar a competitividade econ\u00f4mica da bovinocultura.<\/p>\n<p>O investimento em novas tecnologias tamb\u00e9m est\u00e1 na pauta do programa. A\u00e7\u00f5es de pesquisa e inova\u00e7\u00e3o v\u00e3o gerar informa\u00e7\u00f5es e tecnologias alinhadas com os sistemas produtivos praticados no estado e que possam ser traduzidas em oportunidades de maior efici\u00eancia e competitividade, melhoria da qualidade dos produtos e amplia\u00e7\u00e3o da renda dos produtores rurais.<\/p>\n<p>\u201cQueremos que os produtores incorporem tecnologias para que seus sistemas de produ\u00e7\u00e3o se tornem mais competitivos e sustent\u00e1veis e, com isso, tenham um aumento de renda. A ideia \u00e9 que o aumento de renda gere benef\u00edcios produtivos para o estado. N\u00e3o vamos medir esfor\u00e7os para que isso aconte\u00e7a\u201d, enfatiza o assessor o t\u00e9cnico de Pol\u00edtica e Economia Agr\u00edcola da Secretaria de Estado de Agricultura, Pecu\u00e1ria e Abastecimento (Seapa), Francisco Augusto Lara de Sousa.<\/p>\n<p>A Seapa integra o grupo coordenador do programa, bem como a Empresa de Assist\u00eancia T\u00e9cnica e Extens\u00e3o Rural do Estado de Minas Gerais (Emater-MG), o Instituto Mineiro de Agropecu\u00e1ria (IMA), a Empresa de Pesquisa Agropecu\u00e1ria de Minas Gerais (Epamig) e a Funda\u00e7\u00e3o Rural Mineira (Ruralminas), entre outras entidades, p\u00fablicas e privadas, voltadas ao ensino, aprendizagem e pesquisa.<\/p>\n<p>Destaca-se, ainda, que o programa vai incentivar as boas pr\u00e1ticas sustent\u00e1veis de produ\u00e7\u00e3o agropecu\u00e1ria e bem-estar animal, o uso de t\u00e9cnicas que assegurem a qualidade e a inocuidade dos produtos, a sa\u00fade do rebanho, a seguran\u00e7a dos alimentos, o melhoramento gen\u00e9tico, a log\u00edstica e a infraestrutura rural. <\/p>\n<p><img decoding=\"async\" src=\"http:\/\/aconteceunovale.com.br\/portal\/wp-content\/uploads\/2016\/02\/confinamento-e-alternativa-para-engorda-de-bovinos-no-periodo-da-seca.jpg\" alt=\"\" \/><em>Governo planeja ampliar a competitividade da bovinocultura &#8211; Foto: Divulga\u00e7\u00e3o \/ Seapa<\/em><br \/>\n<\/br><\/p>\n<p>(Ag\u00eancia Minas)<\/p>\n","protected":false},"excerpt":{"rendered":"<p>Foi publicado no Di\u00e1rio Oficial do Estado, nesta quinta-feira (25\/2), o decreto que institui o Programa Minas Pecu\u00e1ria \u2013 Competitividade da Pecu\u00e1ria Bovina. Lan\u00e7ada pelo governador Fernando Pimentel, a iniciativa vai beneficiar os pequenos e m\u00e9dios produtores rurais que exercem a atividade da bovinocultura de corte e leite nos 17 Territ\u00f3rios de Desenvolvimento do estado [&hellip;]<\/p>\n","protected":false},"author":1,"featured_media":79998,"comment_status":"open","ping_status":"closed","sticky":false,"template":"","format":"standard","meta":{"amp_status":"","footnotes":""},"categories":[123],"tags":[79432,79430,79429,79431],"class_list":["post-79997","post","type-post","status-publish","format-standard","has-post-thumbnail","hentry","category-gerais","tag-cadeia-produtiva-bovina-de-minas-gerais","tag-minas-pecuaria","tag-minas-pecuaria-vai-impulsionar-a-cadeia-produtiva-bovina-no-estado","tag-programa-minas-pecuaria"],"yoast_head":"<!-- This site is optimized with the Yoast SEO plugin v28.3 - https:\/\/yoast.com\/product\/yoast-seo-wordpress\/ -->\n<title>Minas Pecu\u00e1ria vai impulsionar a cadeia produtiva bovina no estado - Aconteceu no Vale<\/title>\n<meta name=\"robots\" content=\"index, follow, max-snippet:-1, max-image-preview:large, max-video-preview:-1\" \/>\n<link rel=\"canonical\" href=\"https:\/\/aconteceunovale.com.br\/portal\/?p=79997\" \/>\n<meta property=\"og:locale\" content=\"pt_BR\" \/>\n<meta property=\"og:type\" content=\"article\" \/>\n<meta property=\"og:title\" content=\"Minas Pecu\u00e1ria vai impulsionar a cadeia produtiva bovina no estado - Aconteceu no Vale\" \/>\n<meta property=\"og:description\" content=\"Foi publicado no Di\u00e1rio Oficial do Estado, nesta quinta-feira (25\/2), o decreto que institui o Programa Minas Pecu\u00e1ria \u2013 Competitividade da Pecu\u00e1ria Bovina. Lan\u00e7ada pelo governador Fernando Pimentel, a iniciativa vai beneficiar os pequenos e m\u00e9dios produtores rurais que exercem a atividade da bovinocultura de corte e leite nos 17 Territ\u00f3rios de Desenvolvimento do estado [&hellip;]\" \/>\n<meta property=\"og:url\" content=\"https:\/\/aconteceunovale.com.br\/portal\/?p=79997\" \/>\n<meta property=\"og:site_name\" content=\"Aconteceu no Vale\" \/>\n<meta property=\"article:publisher\" content=\"https:\/\/www.facebook.com\/aconteceunovale\/\" \/>\n<meta property=\"article:published_time\" content=\"2016-02-26T13:03:15+00:00\" \/>\n<meta property=\"og:image\" content=\"https:\/\/aconteceunovale.com.br\/portal\/wp-content\/uploads\/2016\/02\/confinamento-e-alternativa-para-engorda-de-bovinos-no-periodo-da-seca.jpg\" \/>\n\t<meta property=\"og:image:width\" content=\"600\" \/>\n\t<meta property=\"og:image:height\" content=\"450\" \/>\n\t<meta property=\"og:image:type\" content=\"image\/jpeg\" \/>\n<meta name=\"author\" content=\"Aconteceu no Vale\" \/>\n<meta name=\"twitter:card\" content=\"summary_large_image\" \/>\n<meta name=\"twitter:creator\" content=\"@noticiadosvales\" \/>\n<meta name=\"twitter:site\" content=\"@noticiadosvales\" \/>\n<meta name=\"twitter:label1\" content=\"Escrito por\" \/>\n\t<meta name=\"twitter:data1\" content=\"Aconteceu no Vale\" \/>\n\t<meta name=\"twitter:label2\" content=\"Est. tempo de leitura\" \/>\n\t<meta name=\"twitter:data2\" content=\"2 minutos\" \/>\n<script type=\"application\/ld+json\" class=\"yoast-schema-graph\">{\"@context\":\"https:\\\/\\\/schema.org\",\"@graph\":[{\"@type\":\"Article\",\"@id\":\"https:\\\/\\\/aconteceunovale.com.br\\\/portal\\\/?p=79997#article\",\"isPartOf\":{\"@id\":\"https:\\\/\\\/aconteceunovale.com.br\\\/portal\\\/?p=79997\"},\"author\":{\"name\":\"Aconteceu no Vale\",\"@id\":\"https:\\\/\\\/aconteceunovale.com.br\\\/portal\\\/#\\\/schema\\\/person\\\/633529146f2c94272bef50ac2953d589\"},\"headline\":\"Minas Pecu\u00e1ria vai impulsionar a cadeia produtiva bovina no estado\",\"datePublished\":\"2016-02-26T13:03:15+00:00\",\"mainEntityOfPage\":{\"@id\":\"https:\\\/\\\/aconteceunovale.com.br\\\/portal\\\/?p=79997\"},\"wordCount\":420,\"commentCount\":0,\"image\":{\"@id\":\"https:\\\/\\\/aconteceunovale.com.br\\\/portal\\\/?p=79997#primaryimage\"},\"thumbnailUrl\":\"https:\\\/\\\/aconteceunovale.com.br\\\/portal\\\/wp-content\\\/uploads\\\/2016\\\/02\\\/confinamento-e-alternativa-para-engorda-de-bovinos-no-periodo-da-seca.jpg\",\"keywords\":[\"cadeia produtiva bovina de minas gerais\",\"Minas Pecu\u00e1ria\",\"Minas Pecu\u00e1ria vai impulsionar a cadeia produtiva bovina no estado\",\"Programa Minas Pecu\u00e1ria\"],\"articleSection\":[\"Minas Gerais\"],\"inLanguage\":\"pt-BR\",\"potentialAction\":[{\"@type\":\"CommentAction\",\"name\":\"Comment\",\"target\":[\"https:\\\/\\\/aconteceunovale.com.br\\\/portal\\\/?p=79997#respond\"]}]},{\"@type\":\"WebPage\",\"@id\":\"https:\\\/\\\/aconteceunovale.com.br\\\/portal\\\/?p=79997\",\"url\":\"https:\\\/\\\/aconteceunovale.com.br\\\/portal\\\/?p=79997\",\"name\":\"Minas Pecu\u00e1ria vai impulsionar a cadeia produtiva bovina no estado - Aconteceu no Vale\",\"isPartOf\":{\"@id\":\"https:\\\/\\\/aconteceunovale.com.br\\\/portal\\\/#website\"},\"primaryImageOfPage\":{\"@id\":\"https:\\\/\\\/aconteceunovale.com.br\\\/portal\\\/?p=79997#primaryimage\"},\"image\":{\"@id\":\"https:\\\/\\\/aconteceunovale.com.br\\\/portal\\\/?p=79997#primaryimage\"},\"thumbnailUrl\":\"https:\\\/\\\/aconteceunovale.com.br\\\/portal\\\/wp-content\\\/uploads\\\/2016\\\/02\\\/confinamento-e-alternativa-para-engorda-de-bovinos-no-periodo-da-seca.jpg\",\"datePublished\":\"2016-02-26T13:03:15+00:00\",\"author\":{\"@id\":\"https:\\\/\\\/aconteceunovale.com.br\\\/portal\\\/#\\\/schema\\\/person\\\/633529146f2c94272bef50ac2953d589\"},\"breadcrumb\":{\"@id\":\"https:\\\/\\\/aconteceunovale.com.br\\\/portal\\\/?p=79997#breadcrumb\"},\"inLanguage\":\"pt-BR\",\"potentialAction\":[{\"@type\":\"ReadAction\",\"target\":[\"https:\\\/\\\/aconteceunovale.com.br\\\/portal\\\/?p=79997\"]}]},{\"@type\":\"ImageObject\",\"inLanguage\":\"pt-BR\",\"@id\":\"https:\\\/\\\/aconteceunovale.com.br\\\/portal\\\/?p=79997#primaryimage\",\"url\":\"https:\\\/\\\/aconteceunovale.com.br\\\/portal\\\/wp-content\\\/uploads\\\/2016\\\/02\\\/confinamento-e-alternativa-para-engorda-de-bovinos-no-periodo-da-seca.jpg\",\"contentUrl\":\"https:\\\/\\\/aconteceunovale.com.br\\\/portal\\\/wp-content\\\/uploads\\\/2016\\\/02\\\/confinamento-e-alternativa-para-engorda-de-bovinos-no-periodo-da-seca.jpg\",\"width\":600,\"height\":450},{\"@type\":\"BreadcrumbList\",\"@id\":\"https:\\\/\\\/aconteceunovale.com.br\\\/portal\\\/?p=79997#breadcrumb\",\"itemListElement\":[{\"@type\":\"ListItem\",\"position\":1,\"name\":\"In\u00edcio\",\"item\":\"https:\\\/\\\/aconteceunovale.com.br\\\/portal\\\/\"},{\"@type\":\"ListItem\",\"position\":2,\"name\":\"Minas Pecu\u00e1ria vai impulsionar a cadeia produtiva bovina no estado\"}]},{\"@type\":\"WebSite\",\"@id\":\"https:\\\/\\\/aconteceunovale.com.br\\\/portal\\\/#website\",\"url\":\"https:\\\/\\\/aconteceunovale.com.br\\\/portal\\\/\",\"name\":\"Aconteceu no Vale\",\"description\":\"Portal de Not\u00edcias\",\"potentialAction\":[{\"@type\":\"SearchAction\",\"target\":{\"@type\":\"EntryPoint\",\"urlTemplate\":\"https:\\\/\\\/aconteceunovale.com.br\\\/portal\\\/?s={search_term_string}\"},\"query-input\":{\"@type\":\"PropertyValueSpecification\",\"valueRequired\":true,\"valueName\":\"search_term_string\"}}],\"inLanguage\":\"pt-BR\"},{\"@type\":\"Person\",\"@id\":\"https:\\\/\\\/aconteceunovale.com.br\\\/portal\\\/#\\\/schema\\\/person\\\/633529146f2c94272bef50ac2953d589\",\"name\":\"Aconteceu no Vale\",\"description\":\"Equipe de reportagem do Aconteceu no Vale, portal de not\u00edcias do Vale do Jequitinhonha, em Minas Gerais. Cobrimos as 51 cidades do Vale desde 2013. Sugest\u00f5es de pauta e pedidos de corre\u00e7\u00e3o: contato@aconteceunovale.com.br\",\"sameAs\":[\"http:\\\/\\\/www.aconteceunovale.com.br\"],\"url\":\"https:\\\/\\\/aconteceunovale.com.br\\\/portal\\\/?author=1\"}]}<\/script>\n<!-- \/ Yoast SEO plugin. -->","yoast_head_json":{"title":"Minas Pecu\u00e1ria vai impulsionar a cadeia produtiva bovina no estado - Aconteceu no Vale","robots":{"index":"index","follow":"follow","max-snippet":"max-snippet:-1","max-image-preview":"max-image-preview:large","max-video-preview":"max-video-preview:-1"},"canonical":"https:\/\/aconteceunovale.com.br\/portal\/?p=79997","og_locale":"pt_BR","og_type":"article","og_title":"Minas Pecu\u00e1ria vai impulsionar a cadeia produtiva bovina no estado - Aconteceu no Vale","og_description":"Foi publicado no Di\u00e1rio Oficial do Estado, nesta quinta-feira (25\/2), o decreto que institui o Programa Minas Pecu\u00e1ria \u2013 Competitividade da Pecu\u00e1ria Bovina. Lan\u00e7ada pelo governador Fernando Pimentel, a iniciativa vai beneficiar os pequenos e m\u00e9dios produtores rurais que exercem a atividade da bovinocultura de corte e leite nos 17 Territ\u00f3rios de Desenvolvimento do estado [&hellip;]","og_url":"https:\/\/aconteceunovale.com.br\/portal\/?p=79997","og_site_name":"Aconteceu no Vale","article_publisher":"https:\/\/www.facebook.com\/aconteceunovale\/","article_published_time":"2016-02-26T13:03:15+00:00","og_image":[{"width":600,"height":450,"url":"https:\/\/aconteceunovale.com.br\/portal\/wp-content\/uploads\/2016\/02\/confinamento-e-alternativa-para-engorda-de-bovinos-no-periodo-da-seca.jpg","type":"image\/jpeg"}],"author":"Aconteceu no Vale","twitter_card":"summary_large_image","twitter_creator":"@noticiadosvales","twitter_site":"@noticiadosvales","twitter_misc":{"Escrito por":"Aconteceu no Vale","Est. tempo de leitura":"2 minutos"},"schema":{"@context":"https:\/\/schema.org","@graph":[{"@type":"Article","@id":"https:\/\/aconteceunovale.com.br\/portal\/?p=79997#article","isPartOf":{"@id":"https:\/\/aconteceunovale.com.br\/portal\/?p=79997"},"author":{"name":"Aconteceu no Vale","@id":"https:\/\/aconteceunovale.com.br\/portal\/#\/schema\/person\/633529146f2c94272bef50ac2953d589"},"headline":"Minas Pecu\u00e1ria vai impulsionar a cadeia produtiva bovina no estado","datePublished":"2016-02-26T13:03:15+00:00","mainEntityOfPage":{"@id":"https:\/\/aconteceunovale.com.br\/portal\/?p=79997"},"wordCount":420,"commentCount":0,"image":{"@id":"https:\/\/aconteceunovale.com.br\/portal\/?p=79997#primaryimage"},"thumbnailUrl":"https:\/\/aconteceunovale.com.br\/portal\/wp-content\/uploads\/2016\/02\/confinamento-e-alternativa-para-engorda-de-bovinos-no-periodo-da-seca.jpg","keywords":["cadeia produtiva bovina de minas gerais","Minas Pecu\u00e1ria","Minas Pecu\u00e1ria vai impulsionar a cadeia produtiva bovina no estado","Programa Minas Pecu\u00e1ria"],"articleSection":["Minas Gerais"],"inLanguage":"pt-BR","potentialAction":[{"@type":"CommentAction","name":"Comment","target":["https:\/\/aconteceunovale.com.br\/portal\/?p=79997#respond"]}]},{"@type":"WebPage","@id":"https:\/\/aconteceunovale.com.br\/portal\/?p=79997","url":"https:\/\/aconteceunovale.com.br\/portal\/?p=79997","name":"Minas Pecu\u00e1ria vai impulsionar a cadeia produtiva bovina no estado - Aconteceu no Vale","isPartOf":{"@id":"https:\/\/aconteceunovale.com.br\/portal\/#website"},"primaryImageOfPage":{"@id":"https:\/\/aconteceunovale.com.br\/portal\/?p=79997#primaryimage"},"image":{"@id":"https:\/\/aconteceunovale.com.br\/portal\/?p=79997#primaryimage"},"thumbnailUrl":"https:\/\/aconteceunovale.com.br\/portal\/wp-content\/uploads\/2016\/02\/confinamento-e-alternativa-para-engorda-de-bovinos-no-periodo-da-seca.jpg","datePublished":"2016-02-26T13:03:15+00:00","author":{"@id":"https:\/\/aconteceunovale.com.br\/portal\/#\/schema\/person\/633529146f2c94272bef50ac2953d589"},"breadcrumb":{"@id":"https:\/\/aconteceunovale.com.br\/portal\/?p=79997#breadcrumb"},"inLanguage":"pt-BR","potentialAction":[{"@type":"ReadAction","target":["https:\/\/aconteceunovale.com.br\/portal\/?p=79997"]}]},{"@type":"ImageObject","inLanguage":"pt-BR","@id":"https:\/\/aconteceunovale.com.br\/portal\/?p=79997#primaryimage","url":"https:\/\/aconteceunovale.com.br\/portal\/wp-content\/uploads\/2016\/02\/confinamento-e-alternativa-para-engorda-de-bovinos-no-periodo-da-seca.jpg","contentUrl":"https:\/\/aconteceunovale.com.br\/portal\/wp-content\/uploads\/2016\/02\/confinamento-e-alternativa-para-engorda-de-bovinos-no-periodo-da-seca.jpg","width":600,"height":450},{"@type":"BreadcrumbList","@id":"https:\/\/aconteceunovale.com.br\/portal\/?p=79997#breadcrumb","itemListElement":[{"@type":"ListItem","position":1,"name":"In\u00edcio","item":"https:\/\/aconteceunovale.com.br\/portal\/"},{"@type":"ListItem","position":2,"name":"Minas Pecu\u00e1ria vai impulsionar a cadeia produtiva bovina no estado"}]},{"@type":"WebSite","@id":"https:\/\/aconteceunovale.com.br\/portal\/#website","url":"https:\/\/aconteceunovale.com.br\/portal\/","name":"Aconteceu no Vale","description":"Portal de Not\u00edcias","potentialAction":[{"@type":"SearchAction","target":{"@type":"EntryPoint","urlTemplate":"https:\/\/aconteceunovale.com.br\/portal\/?s={search_term_string}"},"query-input":{"@type":"PropertyValueSpecification","valueRequired":true,"valueName":"search_term_string"}}],"inLanguage":"pt-BR"},{"@type":"Person","@id":"https:\/\/aconteceunovale.com.br\/portal\/#\/schema\/person\/633529146f2c94272bef50ac2953d589","name":"Aconteceu no Vale","description":"Equipe de reportagem do Aconteceu no Vale, portal de not\u00edcias do Vale do Jequitinhonha, em Minas Gerais. Cobrimos as 51 cidades do Vale desde 2013. Sugest\u00f5es de pauta e pedidos de corre\u00e7\u00e3o: contato@aconteceunovale.com.br","sameAs":["http:\/\/www.aconteceunovale.com.br"],"url":"https:\/\/aconteceunovale.com.br\/portal\/?author=1"}]}},"_links":{"self":[{"href":"https:\/\/aconteceunovale.com.br\/portal\/index.php?rest_route=\/wp\/v2\/posts\/79997","targetHints":{"allow":["GET"]}}],"collection":[{"href":"https:\/\/aconteceunovale.com.br\/portal\/index.php?rest_route=\/wp\/v2\/posts"}],"about":[{"href":"https:\/\/aconteceunovale.com.br\/portal\/index.php?rest_route=\/wp\/v2\/types\/post"}],"author":[{"embeddable":true,"href":"https:\/\/aconteceunovale.com.br\/portal\/index.php?rest_route=\/wp\/v2\/users\/1"}],"replies":[{"embeddable":true,"href":"https:\/\/aconteceunovale.com.br\/portal\/index.php?rest_route=%2Fwp%2Fv2%2Fcomments&post=79997"}],"version-history":[{"count":0,"href":"https:\/\/aconteceunovale.com.br\/portal\/index.php?rest_route=\/wp\/v2\/posts\/79997\/revisions"}],"wp:featuredmedia":[{"embeddable":true,"href":"https:\/\/aconteceunovale.com.br\/portal\/index.php?rest_route=\/wp\/v2\/media\/79998"}],"wp:attachment":[{"href":"https:\/\/aconteceunovale.com.br\/portal\/index.php?rest_route=%2Fwp%2Fv2%2Fmedia&parent=79997"}],"wp:term":[{"taxonomy":"category","embeddable":true,"href":"https:\/\/aconteceunovale.com.br\/portal\/index.php?rest_route=%2Fwp%2Fv2%2Fcategories&post=79997"},{"taxonomy":"post_tag","embeddable":true,"href":"https:\/\/aconteceunovale.com.br\/portal\/index.php?rest_route=%2Fwp%2Fv2%2Ftags&post=79997"}],"curies":[{"name":"wp","href":"https:\/\/api.w.org\/{rel}","templated":true}]}}