{"id":79974,"date":"2016-02-25T21:58:16","date_gmt":"2016-02-26T00:58:16","guid":{"rendered":"http:\/\/aconteceunovale.com.br\/portal\/?p=79974"},"modified":"2016-02-25T21:58:16","modified_gmt":"2016-02-26T00:58:16","slug":"policia-militar-prende-oito-suspeitos-de-assaltos-e-trafico-de-drogas-em-montes-claros","status":"publish","type":"post","link":"https:\/\/aconteceunovale.com.br\/portal\/?p=79974","title":{"rendered":"Pol\u00edcia Militar prende oito suspeitos de assaltos e tr\u00e1fico de drogas em Montes Claros"},"content":{"rendered":"<p>Cinco homens foram presos nesta quinta-feira, 25 de fevereiro, no bairro Jardim Primavera, em Montes Claros, no Norte de Minas. Segundo informa\u00e7\u00f5es da Pol\u00edcia Militar (PM), o grupo, que foi localizado ap\u00f3s den\u00fancias an\u00f4nimas, portava por\u00e7\u00f5es de crack, um rev\u00f3lver calibre 38 e uma espingarda. Os homens estavam com uma motocicleta furtada na quarta (24\/02).<\/p>\n<p>Ainda de acordo com a PM, os envolvidos j\u00e1 s\u00e3o conhecidos nos meios policiais por praticarem tr\u00e1fico de drogas. Eles tamb\u00e9m t\u00eam passagens por roubos e recepta\u00e7\u00e3o. Os materiais apreendidos e os autores foram encaminhados para a delegacia.<\/p>\n<p><strong>Dois presos na Vila Mauriceia<\/strong><\/p>\n<p>A Pol\u00edcia Militar prendeu dois jovens de 18 anos que estavam traficando drogas na Vila Mauriceia, em Montes Claros, nesta quarta-feira (24\/02).<\/p>\n<p>Durante patrulhamento, os policiais suspeitaram de uma casa, na Avenida Oldemar Santos, onde havia um grande fluxo de pessoas. Os militares entraram e abordaram os dois rapazes. Com um deles foi encontrada uma bucha de maconha e com o outro a PM apreendeu 28 por\u00e7\u00f5es da mesma droga, cinco papelotes de coca\u00edna, oito pedras de crack e muni\u00e7\u00e3o.<\/p>\n<p><img decoding=\"async\" src=\"http:\/\/aconteceunovale.com.br\/portal\/wp-content\/uploads\/2016\/02\/trafico_moc.jpg\" alt=\"\" \/><em>Materiais apreendidos com jovens da Vila Mauriceia (Foto: Divulga\u00e7\u00e3o \/ Pol\u00edcia Militar)<\/em><br \/>\n<\/br><\/p>\n<p><strong>Jovem preso no Morrinhos<\/strong><\/p>\n<p>Outro jovem tamb\u00e9m foi preso no Bairro Morrinhos, com drogas e uma arma. A pol\u00edcia recebeu den\u00fancias de que ele estava embalando drogas em uma casa na Rua Doutor Tupiniquins. Uma equipe foi at\u00e9 l\u00e1 e o encontraram na porta com a namorada, de 17 anos. No im\u00f3vel, foram apreendidos um tablete e v\u00e1rias buchas de maconha, al\u00e9m de material para embalar as subst\u00e2ncias. Os envolvidos e as drogas apreendidas foram levados para a delegacia.<\/p>\n<p><strong>Roubo de celulares em shopping<\/strong><\/p>\n<p>A Pol\u00edcia Militar j\u00e1 identificou o homem que roubou 15 celulares de uma loja, que fica dentro de um shopping de Montes Claros. Ele est\u00e1 sendo procurado desde quarta-feira (24\/02), mas ainda n\u00e3o foi localizado.<\/p>\n<p>Funcion\u00e1rios contaram que o homem chegou logo ap\u00f3s a abertura da loja, antes de anunciar o roubo ele levantou a camisa e mostrou uma arma. As pessoas que estavam no local foram levadas para o estoque, enquanto o assaltante pegava os telefones. Em seguida, ele fugiu.<\/p>\n<p>Segundo a PM, o criminoso foi visto cruzando a Avenida Donato Quintino pela contram\u00e3o, em uma moto. A identifica\u00e7\u00e3o dele foi feita a partir das imagens do circuito interno de seguran\u00e7a.<\/p>\n<p><img decoding=\"async\" src=\"http:\/\/aconteceunovale.com.br\/portal\/wp-content\/uploads\/2016\/02\/assalto_moc.jpg\" alt=\"\" \/><em>Pol\u00edcia divulgou foto do suspeito &#8211; Foto: Divulga\u00e7\u00e3o <\/em><br \/>\n<\/br><\/p>\n<p>(G1 Grande Minas)<\/p>\n","protected":false},"excerpt":{"rendered":"<p>Cinco homens foram presos nesta quinta-feira, 25 de fevereiro, no bairro Jardim Primavera, em Montes Claros, no Norte de Minas. Segundo informa\u00e7\u00f5es da Pol\u00edcia Militar (PM), o grupo, que foi localizado ap\u00f3s den\u00fancias an\u00f4nimas, portava por\u00e7\u00f5es de crack, um rev\u00f3lver calibre 38 e uma espingarda. Os homens estavam com uma motocicleta furtada na quarta (24\/02). [&hellip;]<\/p>\n","protected":false},"author":1,"featured_media":74819,"comment_status":"open","ping_status":"closed","sticky":false,"template":"","format":"standard","meta":{"amp_status":"","footnotes":""},"categories":[1236],"tags":[16600,210,79400,57790,79398,79399,50156,2549,73285],"class_list":["post-79974","post","type-post","status-publish","format-standard","has-post-thumbnail","hentry","category-norte_de_minas","tag-assaltos-em-montes-claros","tag-montes-claros","tag-policia-militar-prende-oito-suspeitos-de-assaltos-e-trafico-de-drogas-em-montes-claros","tag-presos-em-montes-claros","tag-roubo-de-celulares-em-shopping","tag-roubo-de-celulares-em-shopping-em-montes-claros","tag-roubos-em-montes-claros","tag-trafico-de-drogas-em-montes-claros","tag-violencia-em-montes-claros"],"yoast_head":"<!-- This site is optimized with the Yoast SEO plugin v28.3 - https:\/\/yoast.com\/product\/yoast-seo-wordpress\/ -->\n<title>Pol\u00edcia Militar prende oito suspeitos de assaltos e tr\u00e1fico de drogas em Montes Claros - Aconteceu no Vale<\/title>\n<meta name=\"robots\" content=\"index, follow, max-snippet:-1, max-image-preview:large, max-video-preview:-1\" \/>\n<link rel=\"canonical\" href=\"https:\/\/aconteceunovale.com.br\/portal\/?p=79974\" \/>\n<meta property=\"og:locale\" content=\"pt_BR\" \/>\n<meta property=\"og:type\" content=\"article\" \/>\n<meta property=\"og:title\" content=\"Pol\u00edcia Militar prende oito suspeitos de assaltos e tr\u00e1fico de drogas em Montes Claros - Aconteceu no Vale\" \/>\n<meta property=\"og:description\" content=\"Cinco homens foram presos nesta quinta-feira, 25 de fevereiro, no bairro Jardim Primavera, em Montes Claros, no Norte de Minas. Segundo informa\u00e7\u00f5es da Pol\u00edcia Militar (PM), o grupo, que foi localizado ap\u00f3s den\u00fancias an\u00f4nimas, portava por\u00e7\u00f5es de crack, um rev\u00f3lver calibre 38 e uma espingarda. Os homens estavam com uma motocicleta furtada na quarta (24\/02). [&hellip;]\" \/>\n<meta property=\"og:url\" content=\"https:\/\/aconteceunovale.com.br\/portal\/?p=79974\" \/>\n<meta property=\"og:site_name\" content=\"Aconteceu no Vale\" \/>\n<meta property=\"article:publisher\" content=\"https:\/\/www.facebook.com\/aconteceunovale\/\" \/>\n<meta property=\"article:published_time\" content=\"2016-02-26T00:58:16+00:00\" \/>\n<meta property=\"og:image\" content=\"https:\/\/aconteceunovale.com.br\/portal\/wp-content\/uploads\/2015\/12\/preso_.jpg\" \/>\n\t<meta property=\"og:image:width\" content=\"620\" \/>\n\t<meta property=\"og:image:height\" content=\"378\" \/>\n\t<meta property=\"og:image:type\" content=\"image\/jpeg\" \/>\n<meta name=\"author\" content=\"Aconteceu no Vale\" \/>\n<meta name=\"twitter:card\" content=\"summary_large_image\" \/>\n<meta name=\"twitter:creator\" content=\"@noticiadosvales\" \/>\n<meta name=\"twitter:site\" content=\"@noticiadosvales\" \/>\n<meta name=\"twitter:label1\" content=\"Escrito por\" \/>\n\t<meta name=\"twitter:data1\" content=\"Aconteceu no Vale\" \/>\n\t<meta name=\"twitter:label2\" content=\"Est. tempo de leitura\" \/>\n\t<meta name=\"twitter:data2\" content=\"2 minutos\" \/>\n<script type=\"application\/ld+json\" class=\"yoast-schema-graph\">{\"@context\":\"https:\\\/\\\/schema.org\",\"@graph\":[{\"@type\":\"Article\",\"@id\":\"https:\\\/\\\/aconteceunovale.com.br\\\/portal\\\/?p=79974#article\",\"isPartOf\":{\"@id\":\"https:\\\/\\\/aconteceunovale.com.br\\\/portal\\\/?p=79974\"},\"author\":{\"name\":\"Aconteceu no Vale\",\"@id\":\"https:\\\/\\\/aconteceunovale.com.br\\\/portal\\\/#\\\/schema\\\/person\\\/633529146f2c94272bef50ac2953d589\"},\"headline\":\"Pol\u00edcia Militar prende oito suspeitos de assaltos e tr\u00e1fico de drogas em Montes Claros\",\"datePublished\":\"2016-02-26T00:58:16+00:00\",\"mainEntityOfPage\":{\"@id\":\"https:\\\/\\\/aconteceunovale.com.br\\\/portal\\\/?p=79974\"},\"wordCount\":437,\"commentCount\":0,\"image\":{\"@id\":\"https:\\\/\\\/aconteceunovale.com.br\\\/portal\\\/?p=79974#primaryimage\"},\"thumbnailUrl\":\"https:\\\/\\\/aconteceunovale.com.br\\\/portal\\\/wp-content\\\/uploads\\\/2015\\\/12\\\/preso_.jpg\",\"keywords\":[\"assaltos em montes claros\",\"Montes Claros\",\"Pol\u00edcia Militar prende oito suspeitos de assaltos e tr\u00e1fico de drogas em Montes Claros\",\"presos em montes claros\",\"Roubo de celulares em shopping\",\"Roubo de celulares em shopping em montes claros\",\"roubos em montes claros\",\"Tr\u00e1fico de Drogas em Montes Claros\",\"viol\u00eancia em Montes Claros\"],\"articleSection\":[\"Norte de Minas\"],\"inLanguage\":\"pt-BR\",\"potentialAction\":[{\"@type\":\"CommentAction\",\"name\":\"Comment\",\"target\":[\"https:\\\/\\\/aconteceunovale.com.br\\\/portal\\\/?p=79974#respond\"]}]},{\"@type\":\"WebPage\",\"@id\":\"https:\\\/\\\/aconteceunovale.com.br\\\/portal\\\/?p=79974\",\"url\":\"https:\\\/\\\/aconteceunovale.com.br\\\/portal\\\/?p=79974\",\"name\":\"Pol\u00edcia Militar prende oito suspeitos de assaltos e tr\u00e1fico de drogas em Montes Claros - Aconteceu no Vale\",\"isPartOf\":{\"@id\":\"https:\\\/\\\/aconteceunovale.com.br\\\/portal\\\/#website\"},\"primaryImageOfPage\":{\"@id\":\"https:\\\/\\\/aconteceunovale.com.br\\\/portal\\\/?p=79974#primaryimage\"},\"image\":{\"@id\":\"https:\\\/\\\/aconteceunovale.com.br\\\/portal\\\/?p=79974#primaryimage\"},\"thumbnailUrl\":\"https:\\\/\\\/aconteceunovale.com.br\\\/portal\\\/wp-content\\\/uploads\\\/2015\\\/12\\\/preso_.jpg\",\"datePublished\":\"2016-02-26T00:58:16+00:00\",\"author\":{\"@id\":\"https:\\\/\\\/aconteceunovale.com.br\\\/portal\\\/#\\\/schema\\\/person\\\/633529146f2c94272bef50ac2953d589\"},\"breadcrumb\":{\"@id\":\"https:\\\/\\\/aconteceunovale.com.br\\\/portal\\\/?p=79974#breadcrumb\"},\"inLanguage\":\"pt-BR\",\"potentialAction\":[{\"@type\":\"ReadAction\",\"target\":[\"https:\\\/\\\/aconteceunovale.com.br\\\/portal\\\/?p=79974\"]}]},{\"@type\":\"ImageObject\",\"inLanguage\":\"pt-BR\",\"@id\":\"https:\\\/\\\/aconteceunovale.com.br\\\/portal\\\/?p=79974#primaryimage\",\"url\":\"https:\\\/\\\/aconteceunovale.com.br\\\/portal\\\/wp-content\\\/uploads\\\/2015\\\/12\\\/preso_.jpg\",\"contentUrl\":\"https:\\\/\\\/aconteceunovale.com.br\\\/portal\\\/wp-content\\\/uploads\\\/2015\\\/12\\\/preso_.jpg\",\"width\":620,\"height\":378},{\"@type\":\"BreadcrumbList\",\"@id\":\"https:\\\/\\\/aconteceunovale.com.br\\\/portal\\\/?p=79974#breadcrumb\",\"itemListElement\":[{\"@type\":\"ListItem\",\"position\":1,\"name\":\"In\u00edcio\",\"item\":\"https:\\\/\\\/aconteceunovale.com.br\\\/portal\\\/\"},{\"@type\":\"ListItem\",\"position\":2,\"name\":\"Pol\u00edcia Militar prende oito suspeitos de assaltos e tr\u00e1fico de drogas em Montes Claros\"}]},{\"@type\":\"WebSite\",\"@id\":\"https:\\\/\\\/aconteceunovale.com.br\\\/portal\\\/#website\",\"url\":\"https:\\\/\\\/aconteceunovale.com.br\\\/portal\\\/\",\"name\":\"Aconteceu no Vale\",\"description\":\"Portal de Not\u00edcias\",\"potentialAction\":[{\"@type\":\"SearchAction\",\"target\":{\"@type\":\"EntryPoint\",\"urlTemplate\":\"https:\\\/\\\/aconteceunovale.com.br\\\/portal\\\/?s={search_term_string}\"},\"query-input\":{\"@type\":\"PropertyValueSpecification\",\"valueRequired\":true,\"valueName\":\"search_term_string\"}}],\"inLanguage\":\"pt-BR\"},{\"@type\":\"Person\",\"@id\":\"https:\\\/\\\/aconteceunovale.com.br\\\/portal\\\/#\\\/schema\\\/person\\\/633529146f2c94272bef50ac2953d589\",\"name\":\"Aconteceu no Vale\",\"description\":\"Equipe de reportagem do Aconteceu no Vale, portal de not\u00edcias do Vale do Jequitinhonha, em Minas Gerais. Cobrimos as 51 cidades do Vale desde 2013. Sugest\u00f5es de pauta e pedidos de corre\u00e7\u00e3o: contato@aconteceunovale.com.br\",\"sameAs\":[\"http:\\\/\\\/www.aconteceunovale.com.br\"],\"url\":\"https:\\\/\\\/aconteceunovale.com.br\\\/portal\\\/?author=1\"}]}<\/script>\n<!-- \/ Yoast SEO plugin. -->","yoast_head_json":{"title":"Pol\u00edcia Militar prende oito suspeitos de assaltos e tr\u00e1fico de drogas em Montes Claros - Aconteceu no Vale","robots":{"index":"index","follow":"follow","max-snippet":"max-snippet:-1","max-image-preview":"max-image-preview:large","max-video-preview":"max-video-preview:-1"},"canonical":"https:\/\/aconteceunovale.com.br\/portal\/?p=79974","og_locale":"pt_BR","og_type":"article","og_title":"Pol\u00edcia Militar prende oito suspeitos de assaltos e tr\u00e1fico de drogas em Montes Claros - Aconteceu no Vale","og_description":"Cinco homens foram presos nesta quinta-feira, 25 de fevereiro, no bairro Jardim Primavera, em Montes Claros, no Norte de Minas. Segundo informa\u00e7\u00f5es da Pol\u00edcia Militar (PM), o grupo, que foi localizado ap\u00f3s den\u00fancias an\u00f4nimas, portava por\u00e7\u00f5es de crack, um rev\u00f3lver calibre 38 e uma espingarda. Os homens estavam com uma motocicleta furtada na quarta (24\/02). [&hellip;]","og_url":"https:\/\/aconteceunovale.com.br\/portal\/?p=79974","og_site_name":"Aconteceu no Vale","article_publisher":"https:\/\/www.facebook.com\/aconteceunovale\/","article_published_time":"2016-02-26T00:58:16+00:00","og_image":[{"width":620,"height":378,"url":"https:\/\/aconteceunovale.com.br\/portal\/wp-content\/uploads\/2015\/12\/preso_.jpg","type":"image\/jpeg"}],"author":"Aconteceu no Vale","twitter_card":"summary_large_image","twitter_creator":"@noticiadosvales","twitter_site":"@noticiadosvales","twitter_misc":{"Escrito por":"Aconteceu no Vale","Est. tempo de leitura":"2 minutos"},"schema":{"@context":"https:\/\/schema.org","@graph":[{"@type":"Article","@id":"https:\/\/aconteceunovale.com.br\/portal\/?p=79974#article","isPartOf":{"@id":"https:\/\/aconteceunovale.com.br\/portal\/?p=79974"},"author":{"name":"Aconteceu no Vale","@id":"https:\/\/aconteceunovale.com.br\/portal\/#\/schema\/person\/633529146f2c94272bef50ac2953d589"},"headline":"Pol\u00edcia Militar prende oito suspeitos de assaltos e tr\u00e1fico de drogas em Montes Claros","datePublished":"2016-02-26T00:58:16+00:00","mainEntityOfPage":{"@id":"https:\/\/aconteceunovale.com.br\/portal\/?p=79974"},"wordCount":437,"commentCount":0,"image":{"@id":"https:\/\/aconteceunovale.com.br\/portal\/?p=79974#primaryimage"},"thumbnailUrl":"https:\/\/aconteceunovale.com.br\/portal\/wp-content\/uploads\/2015\/12\/preso_.jpg","keywords":["assaltos em montes claros","Montes Claros","Pol\u00edcia Militar prende oito suspeitos de assaltos e tr\u00e1fico de drogas em Montes Claros","presos em montes claros","Roubo de celulares em shopping","Roubo de celulares em shopping em montes claros","roubos em montes claros","Tr\u00e1fico de Drogas em Montes Claros","viol\u00eancia em Montes Claros"],"articleSection":["Norte de Minas"],"inLanguage":"pt-BR","potentialAction":[{"@type":"CommentAction","name":"Comment","target":["https:\/\/aconteceunovale.com.br\/portal\/?p=79974#respond"]}]},{"@type":"WebPage","@id":"https:\/\/aconteceunovale.com.br\/portal\/?p=79974","url":"https:\/\/aconteceunovale.com.br\/portal\/?p=79974","name":"Pol\u00edcia Militar prende oito suspeitos de assaltos e tr\u00e1fico de drogas em Montes Claros - Aconteceu no Vale","isPartOf":{"@id":"https:\/\/aconteceunovale.com.br\/portal\/#website"},"primaryImageOfPage":{"@id":"https:\/\/aconteceunovale.com.br\/portal\/?p=79974#primaryimage"},"image":{"@id":"https:\/\/aconteceunovale.com.br\/portal\/?p=79974#primaryimage"},"thumbnailUrl":"https:\/\/aconteceunovale.com.br\/portal\/wp-content\/uploads\/2015\/12\/preso_.jpg","datePublished":"2016-02-26T00:58:16+00:00","author":{"@id":"https:\/\/aconteceunovale.com.br\/portal\/#\/schema\/person\/633529146f2c94272bef50ac2953d589"},"breadcrumb":{"@id":"https:\/\/aconteceunovale.com.br\/portal\/?p=79974#breadcrumb"},"inLanguage":"pt-BR","potentialAction":[{"@type":"ReadAction","target":["https:\/\/aconteceunovale.com.br\/portal\/?p=79974"]}]},{"@type":"ImageObject","inLanguage":"pt-BR","@id":"https:\/\/aconteceunovale.com.br\/portal\/?p=79974#primaryimage","url":"https:\/\/aconteceunovale.com.br\/portal\/wp-content\/uploads\/2015\/12\/preso_.jpg","contentUrl":"https:\/\/aconteceunovale.com.br\/portal\/wp-content\/uploads\/2015\/12\/preso_.jpg","width":620,"height":378},{"@type":"BreadcrumbList","@id":"https:\/\/aconteceunovale.com.br\/portal\/?p=79974#breadcrumb","itemListElement":[{"@type":"ListItem","position":1,"name":"In\u00edcio","item":"https:\/\/aconteceunovale.com.br\/portal\/"},{"@type":"ListItem","position":2,"name":"Pol\u00edcia Militar prende oito suspeitos de assaltos e tr\u00e1fico de drogas em Montes Claros"}]},{"@type":"WebSite","@id":"https:\/\/aconteceunovale.com.br\/portal\/#website","url":"https:\/\/aconteceunovale.com.br\/portal\/","name":"Aconteceu no Vale","description":"Portal de Not\u00edcias","potentialAction":[{"@type":"SearchAction","target":{"@type":"EntryPoint","urlTemplate":"https:\/\/aconteceunovale.com.br\/portal\/?s={search_term_string}"},"query-input":{"@type":"PropertyValueSpecification","valueRequired":true,"valueName":"search_term_string"}}],"inLanguage":"pt-BR"},{"@type":"Person","@id":"https:\/\/aconteceunovale.com.br\/portal\/#\/schema\/person\/633529146f2c94272bef50ac2953d589","name":"Aconteceu no Vale","description":"Equipe de reportagem do Aconteceu no Vale, portal de not\u00edcias do Vale do Jequitinhonha, em Minas Gerais. Cobrimos as 51 cidades do Vale desde 2013. Sugest\u00f5es de pauta e pedidos de corre\u00e7\u00e3o: contato@aconteceunovale.com.br","sameAs":["http:\/\/www.aconteceunovale.com.br"],"url":"https:\/\/aconteceunovale.com.br\/portal\/?author=1"}]}},"_links":{"self":[{"href":"https:\/\/aconteceunovale.com.br\/portal\/index.php?rest_route=\/wp\/v2\/posts\/79974","targetHints":{"allow":["GET"]}}],"collection":[{"href":"https:\/\/aconteceunovale.com.br\/portal\/index.php?rest_route=\/wp\/v2\/posts"}],"about":[{"href":"https:\/\/aconteceunovale.com.br\/portal\/index.php?rest_route=\/wp\/v2\/types\/post"}],"author":[{"embeddable":true,"href":"https:\/\/aconteceunovale.com.br\/portal\/index.php?rest_route=\/wp\/v2\/users\/1"}],"replies":[{"embeddable":true,"href":"https:\/\/aconteceunovale.com.br\/portal\/index.php?rest_route=%2Fwp%2Fv2%2Fcomments&post=79974"}],"version-history":[{"count":0,"href":"https:\/\/aconteceunovale.com.br\/portal\/index.php?rest_route=\/wp\/v2\/posts\/79974\/revisions"}],"wp:featuredmedia":[{"embeddable":true,"href":"https:\/\/aconteceunovale.com.br\/portal\/index.php?rest_route=\/wp\/v2\/media\/74819"}],"wp:attachment":[{"href":"https:\/\/aconteceunovale.com.br\/portal\/index.php?rest_route=%2Fwp%2Fv2%2Fmedia&parent=79974"}],"wp:term":[{"taxonomy":"category","embeddable":true,"href":"https:\/\/aconteceunovale.com.br\/portal\/index.php?rest_route=%2Fwp%2Fv2%2Fcategories&post=79974"},{"taxonomy":"post_tag","embeddable":true,"href":"https:\/\/aconteceunovale.com.br\/portal\/index.php?rest_route=%2Fwp%2Fv2%2Ftags&post=79974"}],"curies":[{"name":"wp","href":"https:\/\/api.w.org\/{rel}","templated":true}]}}