{"id":79954,"date":"2016-02-25T20:44:00","date_gmt":"2016-02-25T23:44:00","guid":{"rendered":"http:\/\/aconteceunovale.com.br\/portal\/?p=79954"},"modified":"2016-02-25T20:44:00","modified_gmt":"2016-02-25T23:44:00","slug":"dupla-e-detida-em-governador-valadares-por-receptacao-de-produtos-roubados-em-alpercata","status":"publish","type":"post","link":"https:\/\/aconteceunovale.com.br\/portal\/?p=79954","title":{"rendered":"Dupla \u00e9 detida em Governador Valadares por recepta\u00e7\u00e3o de produtos roubados em Alpercata"},"content":{"rendered":"<p>Duas pessoas foram detidas nessa quarta-feira, 24 de fevereiro, em Governador Valadares, por recepta\u00e7\u00e3o de produtos roubados em Alpercata. Uma mulher, de 25 anos, e um adolescente, de 16, estavam anunciando a venda do material em um site na internet e ca\u00edram em uma armadilha da Pol\u00edcia Civil (PC).<\/p>\n<p>Segundo a PC, a dupla estava vendendo dois \u00f3culos que foram roubados em uma ch\u00e1cara em Alpercata, em dezembro de 2015.  Ainda de acordo com a Pol\u00edcia, no dia do crime os bandidos teriam levado al\u00e9m dos \u00f3culos, outros objetos avaliados em R$ 50 mil. Eles ainda n\u00e3o foram presos.<\/p>\n<p>Segundo a delegada Juliana Fiuza, o material foi encontrado pela v\u00edtima, sendo anunciado em um site de vendas por R$ 300, no entanto, cada um est\u00e1 avaliado em R$ 3 mil. A pol\u00edcia foi acionada e acompanhou a v\u00edtima at\u00e9 a rodovi\u00e1ria de Governador Valadares, onde foi marcado um encontro com os dois vendedores. Ap\u00f3s serem questionados, eles foram detidos em flagrante por recepta\u00e7\u00e3o e encaminhados \u00e0 Delegacia. Os \u00f3culos foram recuperados. (G1)<\/p>\n","protected":false},"excerpt":{"rendered":"<p>Duas pessoas foram detidas nessa quarta-feira, 24 de fevereiro, em Governador Valadares, por recepta\u00e7\u00e3o de produtos roubados em Alpercata. Uma mulher, de 25 anos, e um adolescente, de 16, estavam anunciando a venda do material em um site na internet e ca\u00edram em uma armadilha da Pol\u00edcia Civil (PC). Segundo a PC, a dupla estava [&hellip;]<\/p>\n","protected":false},"author":1,"featured_media":79955,"comment_status":"open","ping_status":"closed","sticky":false,"template":"","format":"standard","meta":{"amp_status":"","footnotes":""},"categories":[121],"tags":[79364,274,79362,247,79363,72475],"class_list":["post-79954","post","type-post","status-publish","format-standard","has-post-thumbnail","hentry","category-leste","tag-adolescente-apreendido-em-governador-valadares","tag-alpercata","tag-dupla-e-detida-em-governador-valadares-por-receptacao-de-produtos-roubados-em-alpercata","tag-governador-valadares","tag-mulher-presa-em-governador-valadares","tag-prisao-em-governador-valadares"],"_links":{"self":[{"href":"https:\/\/aconteceunovale.com.br\/portal\/index.php?rest_route=\/wp\/v2\/posts\/79954","targetHints":{"allow":["GET"]}}],"collection":[{"href":"https:\/\/aconteceunovale.com.br\/portal\/index.php?rest_route=\/wp\/v2\/posts"}],"about":[{"href":"https:\/\/aconteceunovale.com.br\/portal\/index.php?rest_route=\/wp\/v2\/types\/post"}],"author":[{"embeddable":true,"href":"https:\/\/aconteceunovale.com.br\/portal\/index.php?rest_route=\/wp\/v2\/users\/1"}],"replies":[{"embeddable":true,"href":"https:\/\/aconteceunovale.com.br\/portal\/index.php?rest_route=%2Fwp%2Fv2%2Fcomments&post=79954"}],"version-history":[{"count":0,"href":"https:\/\/aconteceunovale.com.br\/portal\/index.php?rest_route=\/wp\/v2\/posts\/79954\/revisions"}],"wp:featuredmedia":[{"embeddable":true,"href":"https:\/\/aconteceunovale.com.br\/portal\/index.php?rest_route=\/wp\/v2\/media\/79955"}],"wp:attachment":[{"href":"https:\/\/aconteceunovale.com.br\/portal\/index.php?rest_route=%2Fwp%2Fv2%2Fmedia&parent=79954"}],"wp:term":[{"taxonomy":"category","embeddable":true,"href":"https:\/\/aconteceunovale.com.br\/portal\/index.php?rest_route=%2Fwp%2Fv2%2Fcategories&post=79954"},{"taxonomy":"post_tag","embeddable":true,"href":"https:\/\/aconteceunovale.com.br\/portal\/index.php?rest_route=%2Fwp%2Fv2%2Ftags&post=79954"}],"curies":[{"name":"wp","href":"https:\/\/api.w.org\/{rel}","templated":true}]}}