{"id":79882,"date":"2016-02-25T10:00:15","date_gmt":"2016-02-25T13:00:15","guid":{"rendered":"http:\/\/aconteceunovale.com.br\/portal\/?p=79882"},"modified":"2016-02-25T10:00:15","modified_gmt":"2016-02-25T13:00:15","slug":"previsao-do-tempo-para-minas-gerais-nesta-quinta-feira-25-de-fevereiro","status":"publish","type":"post","link":"https:\/\/aconteceunovale.com.br\/portal\/?p=79882","title":{"rendered":"Previs\u00e3o do tempo para Minas Gerais, nesta quinta-feira, 25 de fevereiro"},"content":{"rendered":"<p><em><strong>\u00c1reas de instabilidade provocam chuvas e trovoadas em diversas regi\u00f5es.<\/strong><\/em><\/p>\n<p>O avan\u00e7o de uma frente fria para o litoral de S\u00e3o Paulo aumenta as \u00e1reas de instabilidade atmosf\u00e9ricas em parte da Regi\u00e3o Sudeste do Brasil. Em Minas Gerais, o dia ser\u00e1 de c\u00e9u nublado a encoberto com pancadas de chuva, que podem ser localmente fortes, acompanhadas de trovoadas no Tri\u00e2ngulo, Oeste, Sul, Campo das Vertentes e Zona da Mata Mineira. No Noroeste e boa parte da regi\u00e3o central do estado, o calor combinado com a umidade do ar provoca pancadas de chuva t\u00edpicas de ver\u00e3o a partir da tarde. Nas demais regi\u00f5es mineiras, o tempo deve ficar ensolarado a parcialmente nublado. Na Regi\u00e3o Metropolitana de Belo Horizonte o sol predomina pela manh\u00e3, por\u00e9m as nuvens aumentam no decorrer do dia e h\u00e1 previs\u00e3o de pancadas de chuva a partir da tarde. Na capital os term\u00f4metros devem oscilar entre 20\u00b0C e 32\u00b0C, com umidade relativa do ar m\u00ednima em torno de 40%. As temperaturas ficam elevadas em todas as regi\u00f5es do estado e os term\u00f4metros devem marcar 37\u00b0C em \u00e1reas do leste e norte.<\/p>\n","protected":false},"excerpt":{"rendered":"<p>\u00c1reas de instabilidade provocam chuvas e trovoadas em diversas regi\u00f5es. O avan\u00e7o de uma frente fria para o litoral de S\u00e3o Paulo aumenta as \u00e1reas de instabilidade atmosf\u00e9ricas em parte da Regi\u00e3o Sudeste do Brasil. Em Minas Gerais, o dia ser\u00e1 de c\u00e9u nublado a encoberto com pancadas de chuva, que podem ser localmente fortes, [&hellip;]<\/p>\n","protected":false},"author":1,"featured_media":51728,"comment_status":"open","ping_status":"closed","sticky":false,"template":"","format":"standard","meta":{"amp_status":"","footnotes":""},"categories":[123],"tags":[34896,131,37346,1956,1839,79205,29257,79204,79206],"class_list":["post-79882","post","type-post","status-publish","format-standard","has-post-thumbnail","hentry","category-gerais","tag-25-de-fevereiro","tag-minas-gerais","tag-nesta-quinta-feira","tag-previsao-do-tempo","tag-previsao-do-tempo-para-minas-gerais","tag-previsao-do-tempo-para-minas-gerais-25-de-fevereiro","tag-previsao-do-tempo-para-minas-gerais-nesta-quinta-feira","tag-previsao-do-tempo-para-minas-gerais-nesta-quinta-feira-25-de-fevereiro","tag-quinta-feira-25-de-fevereiro"],"_links":{"self":[{"href":"https:\/\/aconteceunovale.com.br\/portal\/index.php?rest_route=\/wp\/v2\/posts\/79882","targetHints":{"allow":["GET"]}}],"collection":[{"href":"https:\/\/aconteceunovale.com.br\/portal\/index.php?rest_route=\/wp\/v2\/posts"}],"about":[{"href":"https:\/\/aconteceunovale.com.br\/portal\/index.php?rest_route=\/wp\/v2\/types\/post"}],"author":[{"embeddable":true,"href":"https:\/\/aconteceunovale.com.br\/portal\/index.php?rest_route=\/wp\/v2\/users\/1"}],"replies":[{"embeddable":true,"href":"https:\/\/aconteceunovale.com.br\/portal\/index.php?rest_route=%2Fwp%2Fv2%2Fcomments&post=79882"}],"version-history":[{"count":0,"href":"https:\/\/aconteceunovale.com.br\/portal\/index.php?rest_route=\/wp\/v2\/posts\/79882\/revisions"}],"wp:featuredmedia":[{"embeddable":true,"href":"https:\/\/aconteceunovale.com.br\/portal\/index.php?rest_route=\/wp\/v2\/media\/51728"}],"wp:attachment":[{"href":"https:\/\/aconteceunovale.com.br\/portal\/index.php?rest_route=%2Fwp%2Fv2%2Fmedia&parent=79882"}],"wp:term":[{"taxonomy":"category","embeddable":true,"href":"https:\/\/aconteceunovale.com.br\/portal\/index.php?rest_route=%2Fwp%2Fv2%2Fcategories&post=79882"},{"taxonomy":"post_tag","embeddable":true,"href":"https:\/\/aconteceunovale.com.br\/portal\/index.php?rest_route=%2Fwp%2Fv2%2Ftags&post=79882"}],"curies":[{"name":"wp","href":"https:\/\/api.w.org\/{rel}","templated":true}]}}