{"id":79727,"date":"2016-02-24T14:49:34","date_gmt":"2016-02-24T17:49:34","guid":{"rendered":"http:\/\/aconteceunovale.com.br\/portal\/?p=79727"},"modified":"2026-09-02T12:18:24","modified_gmt":"2026-09-02T15:18:24","slug":"camara-de-vereadores-de-aracuai-divulga-edital-de-concurso-publico","status":"publish","type":"post","link":"https:\/\/aconteceunovale.com.br\/portal\/?p=79727","title":{"rendered":"C\u00e2mara Municipal de Ara\u00e7ua\u00ed divulga edital de concurso p\u00fablico"},"content":{"rendered":"<p>A C\u00e2mara de Vereadores do munic\u00edpio de Ara\u00e7ua\u00ed, no Vale do Jequitinhonha, divulgou edital n\u00famero 01\/2016 do concurso p\u00fablico para preenchimento de 14 vagas. O certame disp\u00f5e de oportunidades para profissionais de n\u00edvel fundamental, t\u00e9cnico e superior, nos cargos de advogado, assistente administrativo, auxiliar de servi\u00e7os gerais, motorista, office-boy, t\u00e9cnico em contabilidade, t\u00e9cnico em Inform\u00e1tica, vigia e zelador.<\/p>\n<p>A jornada de trabalho \u00e9 de oito horas di\u00e1rias, com remunera\u00e7\u00f5es que variam de R$ 880,00 a R$ 1.871,61, de acordo com o cargo.<\/p>\n<p>Os interessados devem preencher a ficha de inscri\u00e7\u00e3o no per\u00edodo de 22 de abril de 2016 a 22 de maio de 2016, pelo endere\u00e7o eletr\u00f4nico: <a href=\"http:\/\/www.eloassessoriaeservicos.com.br\/public_html\/site\/?p=concurso_detalhes&#038;tipo=1&#038;id=80\" target=\"_blank\">www.eloassessoriaeservicos.com.br<\/a>, e efetuar o pagamento do boleto no valor de R$ 52,80, R$ 67,38 ou R$ 112,30 conforme a fun\u00e7\u00e3o escolhida.<\/p>\n<p>A avalia\u00e7\u00e3o dos candidatos inscritos ser\u00e1 por meio de prova objetiva e reda\u00e7\u00e3o, prevista para ser aplicada no dia 29 de maio de 2016.<\/p>\n<p>A validade deste Concurso \u00e9 de dois anos, partir da data de publica\u00e7\u00e3o da homologa\u00e7\u00e3o, podendo ser prorrogado por igual per\u00edodo. Mais informa\u00e7\u00f5es est\u00e3o dispon\u00edveis no <a href=\"http:\/\/www.eloassessoriaeservicos.com.br\/public_html\/site\/?p=concurso_detalhes&#038;tipo=1&#038;id=80\" target=\"_blank\">edital (clique aqui)<\/a>.<\/p>\n","protected":false},"excerpt":{"rendered":"<p>A C\u00e2mara de Vereadores do munic\u00edpio de Ara\u00e7ua\u00ed, no Vale do Jequitinhonha, divulgou edital n\u00famero 01\/2016 do concurso p\u00fablico para preenchimento de 14 vagas. O certame disp\u00f5e de oportunidades para profissionais de n\u00edvel fundamental, t\u00e9cnico e superior, nos cargos de advogado, assistente administrativo, auxiliar de servi\u00e7os gerais, motorista, office-boy, t\u00e9cnico em contabilidade, t\u00e9cnico em Inform\u00e1tica, [&hellip;]<\/p>\n","protected":false},"author":1,"featured_media":75224,"comment_status":"open","ping_status":"closed","sticky":false,"template":"","format":"standard","meta":{"amp_status":"","footnotes":""},"categories":[272530,40237,40236,120],"tags":[78956,78954,78955,78958,78957,78959,78960,78961],"class_list":["post-79727","post","type-post","status-publish","format-standard","has-post-thumbnail","hentry","category-aracuai","category-concursos","category-empregos-2","category-jequi","tag-camara-de-vereadores-de-aracuai","tag-camara-de-vereadores-de-aracuai-divulga-edital-de-concurso-publico","tag-camara-municipal-de-aracuai-divulga-edital-de-concurso-publico","tag-concurso-da-camara-de-vereadores-de-aracuai","tag-concurso-publico-da-camara-de-vereadores-de-aracuai","tag-edital-do-concurso-da-camara-de-vereadores-de-aracuai","tag-inscrever-no-concurso-da-camara-de-vereadores-de-aracuai","tag-inscricao-no-concurso-da-camara-de-vereadores-de-aracuai"],"yoast_head":"<!-- This site is optimized with the Yoast SEO plugin v28.3 - https:\/\/yoast.com\/product\/yoast-seo-wordpress\/ -->\n<title>C\u00e2mara Municipal de Ara\u00e7ua\u00ed divulga edital de concurso p\u00fablico - Aconteceu no Vale<\/title>\n<meta name=\"robots\" content=\"index, follow, max-snippet:-1, max-image-preview:large, max-video-preview:-1\" \/>\n<link rel=\"canonical\" href=\"https:\/\/aconteceunovale.com.br\/portal\/?p=79727\" \/>\n<meta property=\"og:locale\" content=\"pt_BR\" \/>\n<meta property=\"og:type\" content=\"article\" \/>\n<meta property=\"og:title\" content=\"C\u00e2mara Municipal de Ara\u00e7ua\u00ed divulga edital de concurso p\u00fablico - Aconteceu no Vale\" \/>\n<meta property=\"og:description\" content=\"A C\u00e2mara de Vereadores do munic\u00edpio de Ara\u00e7ua\u00ed, no Vale do Jequitinhonha, divulgou edital n\u00famero 01\/2016 do concurso p\u00fablico para preenchimento de 14 vagas. O certame disp\u00f5e de oportunidades para profissionais de n\u00edvel fundamental, t\u00e9cnico e superior, nos cargos de advogado, assistente administrativo, auxiliar de servi\u00e7os gerais, motorista, office-boy, t\u00e9cnico em contabilidade, t\u00e9cnico em Inform\u00e1tica, [&hellip;]\" \/>\n<meta property=\"og:url\" content=\"https:\/\/aconteceunovale.com.br\/portal\/?p=79727\" \/>\n<meta property=\"og:site_name\" content=\"Aconteceu no Vale\" \/>\n<meta property=\"article:publisher\" content=\"https:\/\/www.facebook.com\/aconteceunovale\/\" \/>\n<meta property=\"article:published_time\" content=\"2016-02-24T17:49:34+00:00\" \/>\n<meta property=\"article:modified_time\" content=\"2026-09-02T15:18:24+00:00\" \/>\n<meta property=\"og:image\" content=\"https:\/\/aconteceunovale.com.br\/portal\/wp-content\/uploads\/2015\/12\/concurso_inss.jpg\" \/>\n\t<meta property=\"og:image:width\" content=\"625\" \/>\n\t<meta property=\"og:image:height\" content=\"384\" \/>\n\t<meta property=\"og:image:type\" content=\"image\/jpeg\" \/>\n<meta name=\"author\" content=\"Aconteceu no Vale\" \/>\n<meta name=\"twitter:card\" content=\"summary_large_image\" \/>\n<meta name=\"twitter:creator\" content=\"@noticiadosvales\" \/>\n<meta name=\"twitter:site\" content=\"@noticiadosvales\" \/>\n<meta name=\"twitter:label1\" content=\"Escrito por\" \/>\n\t<meta name=\"twitter:data1\" content=\"Aconteceu no Vale\" \/>\n\t<meta name=\"twitter:label2\" content=\"Est. tempo de leitura\" \/>\n\t<meta name=\"twitter:data2\" content=\"1 minuto\" \/>\n<script type=\"application\/ld+json\" class=\"yoast-schema-graph\">{\"@context\":\"https:\\\/\\\/schema.org\",\"@graph\":[{\"@type\":\"Article\",\"@id\":\"https:\\\/\\\/aconteceunovale.com.br\\\/portal\\\/?p=79727#article\",\"isPartOf\":{\"@id\":\"https:\\\/\\\/aconteceunovale.com.br\\\/portal\\\/?p=79727\"},\"author\":{\"name\":\"Aconteceu no Vale\",\"@id\":\"https:\\\/\\\/aconteceunovale.com.br\\\/portal\\\/#\\\/schema\\\/person\\\/633529146f2c94272bef50ac2953d589\"},\"headline\":\"C\u00e2mara Municipal de Ara\u00e7ua\u00ed divulga edital de concurso p\u00fablico\",\"datePublished\":\"2016-02-24T17:49:34+00:00\",\"dateModified\":\"2026-09-02T15:18:24+00:00\",\"mainEntityOfPage\":{\"@id\":\"https:\\\/\\\/aconteceunovale.com.br\\\/portal\\\/?p=79727\"},\"wordCount\":208,\"commentCount\":0,\"image\":{\"@id\":\"https:\\\/\\\/aconteceunovale.com.br\\\/portal\\\/?p=79727#primaryimage\"},\"thumbnailUrl\":\"https:\\\/\\\/aconteceunovale.com.br\\\/portal\\\/wp-content\\\/uploads\\\/2015\\\/12\\\/concurso_inss.jpg\",\"keywords\":[\"C\u00e2mara de Vereadores de Ara\u00e7ua\u00ed\",\"C\u00e2mara de Vereadores de Ara\u00e7ua\u00ed divulga edital de concurso p\u00fablico\",\"C\u00e2mara Municipal de Ara\u00e7ua\u00ed divulga edital de concurso p\u00fablico\",\"Concurso da C\u00e2mara de Vereadores de Ara\u00e7ua\u00ed\",\"Concurso p\u00fablico da C\u00e2mara de Vereadores de Ara\u00e7ua\u00ed\",\"Edital do concurso da C\u00e2mara de Vereadores de Ara\u00e7ua\u00ed\",\"inscrever no concurso da C\u00e2mara de Vereadores de Ara\u00e7ua\u00ed\",\"inscri\u00e7\u00e3o no concurso da C\u00e2mara de Vereadores de Ara\u00e7ua\u00ed\"],\"articleSection\":[\"Ara\u00e7ua\u00ed\",\"Concursos\",\"Empregos\",\"Vale do Jequitinhonha\"],\"inLanguage\":\"pt-BR\",\"potentialAction\":[{\"@type\":\"CommentAction\",\"name\":\"Comment\",\"target\":[\"https:\\\/\\\/aconteceunovale.com.br\\\/portal\\\/?p=79727#respond\"]}]},{\"@type\":\"WebPage\",\"@id\":\"https:\\\/\\\/aconteceunovale.com.br\\\/portal\\\/?p=79727\",\"url\":\"https:\\\/\\\/aconteceunovale.com.br\\\/portal\\\/?p=79727\",\"name\":\"C\u00e2mara Municipal de Ara\u00e7ua\u00ed divulga edital de concurso p\u00fablico - Aconteceu no Vale\",\"isPartOf\":{\"@id\":\"https:\\\/\\\/aconteceunovale.com.br\\\/portal\\\/#website\"},\"primaryImageOfPage\":{\"@id\":\"https:\\\/\\\/aconteceunovale.com.br\\\/portal\\\/?p=79727#primaryimage\"},\"image\":{\"@id\":\"https:\\\/\\\/aconteceunovale.com.br\\\/portal\\\/?p=79727#primaryimage\"},\"thumbnailUrl\":\"https:\\\/\\\/aconteceunovale.com.br\\\/portal\\\/wp-content\\\/uploads\\\/2015\\\/12\\\/concurso_inss.jpg\",\"datePublished\":\"2016-02-24T17:49:34+00:00\",\"dateModified\":\"2026-09-02T15:18:24+00:00\",\"author\":{\"@id\":\"https:\\\/\\\/aconteceunovale.com.br\\\/portal\\\/#\\\/schema\\\/person\\\/633529146f2c94272bef50ac2953d589\"},\"breadcrumb\":{\"@id\":\"https:\\\/\\\/aconteceunovale.com.br\\\/portal\\\/?p=79727#breadcrumb\"},\"inLanguage\":\"pt-BR\",\"potentialAction\":[{\"@type\":\"ReadAction\",\"target\":[\"https:\\\/\\\/aconteceunovale.com.br\\\/portal\\\/?p=79727\"]}]},{\"@type\":\"ImageObject\",\"inLanguage\":\"pt-BR\",\"@id\":\"https:\\\/\\\/aconteceunovale.com.br\\\/portal\\\/?p=79727#primaryimage\",\"url\":\"https:\\\/\\\/aconteceunovale.com.br\\\/portal\\\/wp-content\\\/uploads\\\/2015\\\/12\\\/concurso_inss.jpg\",\"contentUrl\":\"https:\\\/\\\/aconteceunovale.com.br\\\/portal\\\/wp-content\\\/uploads\\\/2015\\\/12\\\/concurso_inss.jpg\",\"width\":625,\"height\":384},{\"@type\":\"BreadcrumbList\",\"@id\":\"https:\\\/\\\/aconteceunovale.com.br\\\/portal\\\/?p=79727#breadcrumb\",\"itemListElement\":[{\"@type\":\"ListItem\",\"position\":1,\"name\":\"In\u00edcio\",\"item\":\"https:\\\/\\\/aconteceunovale.com.br\\\/portal\\\/\"},{\"@type\":\"ListItem\",\"position\":2,\"name\":\"C\u00e2mara Municipal de Ara\u00e7ua\u00ed divulga edital de concurso p\u00fablico\"}]},{\"@type\":\"WebSite\",\"@id\":\"https:\\\/\\\/aconteceunovale.com.br\\\/portal\\\/#website\",\"url\":\"https:\\\/\\\/aconteceunovale.com.br\\\/portal\\\/\",\"name\":\"Aconteceu no Vale\",\"description\":\"Portal de Not\u00edcias\",\"potentialAction\":[{\"@type\":\"SearchAction\",\"target\":{\"@type\":\"EntryPoint\",\"urlTemplate\":\"https:\\\/\\\/aconteceunovale.com.br\\\/portal\\\/?s={search_term_string}\"},\"query-input\":{\"@type\":\"PropertyValueSpecification\",\"valueRequired\":true,\"valueName\":\"search_term_string\"}}],\"inLanguage\":\"pt-BR\"},{\"@type\":\"Person\",\"@id\":\"https:\\\/\\\/aconteceunovale.com.br\\\/portal\\\/#\\\/schema\\\/person\\\/633529146f2c94272bef50ac2953d589\",\"name\":\"Aconteceu no Vale\",\"description\":\"Equipe de reportagem do Aconteceu no Vale, portal de not\u00edcias do Vale do Jequitinhonha, em Minas Gerais. Cobrimos as 51 cidades do Vale desde 2013. Sugest\u00f5es de pauta e pedidos de corre\u00e7\u00e3o: contato@aconteceunovale.com.br\",\"sameAs\":[\"http:\\\/\\\/www.aconteceunovale.com.br\"],\"url\":\"https:\\\/\\\/aconteceunovale.com.br\\\/portal\\\/?author=1\"}]}<\/script>\n<!-- \/ Yoast SEO plugin. -->","yoast_head_json":{"title":"C\u00e2mara Municipal de Ara\u00e7ua\u00ed divulga edital de concurso p\u00fablico - Aconteceu no Vale","robots":{"index":"index","follow":"follow","max-snippet":"max-snippet:-1","max-image-preview":"max-image-preview:large","max-video-preview":"max-video-preview:-1"},"canonical":"https:\/\/aconteceunovale.com.br\/portal\/?p=79727","og_locale":"pt_BR","og_type":"article","og_title":"C\u00e2mara Municipal de Ara\u00e7ua\u00ed divulga edital de concurso p\u00fablico - Aconteceu no Vale","og_description":"A C\u00e2mara de Vereadores do munic\u00edpio de Ara\u00e7ua\u00ed, no Vale do Jequitinhonha, divulgou edital n\u00famero 01\/2016 do concurso p\u00fablico para preenchimento de 14 vagas. O certame disp\u00f5e de oportunidades para profissionais de n\u00edvel fundamental, t\u00e9cnico e superior, nos cargos de advogado, assistente administrativo, auxiliar de servi\u00e7os gerais, motorista, office-boy, t\u00e9cnico em contabilidade, t\u00e9cnico em Inform\u00e1tica, [&hellip;]","og_url":"https:\/\/aconteceunovale.com.br\/portal\/?p=79727","og_site_name":"Aconteceu no Vale","article_publisher":"https:\/\/www.facebook.com\/aconteceunovale\/","article_published_time":"2016-02-24T17:49:34+00:00","article_modified_time":"2026-09-02T15:18:24+00:00","og_image":[{"width":625,"height":384,"url":"https:\/\/aconteceunovale.com.br\/portal\/wp-content\/uploads\/2015\/12\/concurso_inss.jpg","type":"image\/jpeg"}],"author":"Aconteceu no Vale","twitter_card":"summary_large_image","twitter_creator":"@noticiadosvales","twitter_site":"@noticiadosvales","twitter_misc":{"Escrito por":"Aconteceu no Vale","Est. tempo de leitura":"1 minuto"},"schema":{"@context":"https:\/\/schema.org","@graph":[{"@type":"Article","@id":"https:\/\/aconteceunovale.com.br\/portal\/?p=79727#article","isPartOf":{"@id":"https:\/\/aconteceunovale.com.br\/portal\/?p=79727"},"author":{"name":"Aconteceu no Vale","@id":"https:\/\/aconteceunovale.com.br\/portal\/#\/schema\/person\/633529146f2c94272bef50ac2953d589"},"headline":"C\u00e2mara Municipal de Ara\u00e7ua\u00ed divulga edital de concurso p\u00fablico","datePublished":"2016-02-24T17:49:34+00:00","dateModified":"2026-09-02T15:18:24+00:00","mainEntityOfPage":{"@id":"https:\/\/aconteceunovale.com.br\/portal\/?p=79727"},"wordCount":208,"commentCount":0,"image":{"@id":"https:\/\/aconteceunovale.com.br\/portal\/?p=79727#primaryimage"},"thumbnailUrl":"https:\/\/aconteceunovale.com.br\/portal\/wp-content\/uploads\/2015\/12\/concurso_inss.jpg","keywords":["C\u00e2mara de Vereadores de Ara\u00e7ua\u00ed","C\u00e2mara de Vereadores de Ara\u00e7ua\u00ed divulga edital de concurso p\u00fablico","C\u00e2mara Municipal de Ara\u00e7ua\u00ed divulga edital de concurso p\u00fablico","Concurso da C\u00e2mara de Vereadores de Ara\u00e7ua\u00ed","Concurso p\u00fablico da C\u00e2mara de Vereadores de Ara\u00e7ua\u00ed","Edital do concurso da C\u00e2mara de Vereadores de Ara\u00e7ua\u00ed","inscrever no concurso da C\u00e2mara de Vereadores de Ara\u00e7ua\u00ed","inscri\u00e7\u00e3o no concurso da C\u00e2mara de Vereadores de Ara\u00e7ua\u00ed"],"articleSection":["Ara\u00e7ua\u00ed","Concursos","Empregos","Vale do Jequitinhonha"],"inLanguage":"pt-BR","potentialAction":[{"@type":"CommentAction","name":"Comment","target":["https:\/\/aconteceunovale.com.br\/portal\/?p=79727#respond"]}]},{"@type":"WebPage","@id":"https:\/\/aconteceunovale.com.br\/portal\/?p=79727","url":"https:\/\/aconteceunovale.com.br\/portal\/?p=79727","name":"C\u00e2mara Municipal de Ara\u00e7ua\u00ed divulga edital de concurso p\u00fablico - Aconteceu no Vale","isPartOf":{"@id":"https:\/\/aconteceunovale.com.br\/portal\/#website"},"primaryImageOfPage":{"@id":"https:\/\/aconteceunovale.com.br\/portal\/?p=79727#primaryimage"},"image":{"@id":"https:\/\/aconteceunovale.com.br\/portal\/?p=79727#primaryimage"},"thumbnailUrl":"https:\/\/aconteceunovale.com.br\/portal\/wp-content\/uploads\/2015\/12\/concurso_inss.jpg","datePublished":"2016-02-24T17:49:34+00:00","dateModified":"2026-09-02T15:18:24+00:00","author":{"@id":"https:\/\/aconteceunovale.com.br\/portal\/#\/schema\/person\/633529146f2c94272bef50ac2953d589"},"breadcrumb":{"@id":"https:\/\/aconteceunovale.com.br\/portal\/?p=79727#breadcrumb"},"inLanguage":"pt-BR","potentialAction":[{"@type":"ReadAction","target":["https:\/\/aconteceunovale.com.br\/portal\/?p=79727"]}]},{"@type":"ImageObject","inLanguage":"pt-BR","@id":"https:\/\/aconteceunovale.com.br\/portal\/?p=79727#primaryimage","url":"https:\/\/aconteceunovale.com.br\/portal\/wp-content\/uploads\/2015\/12\/concurso_inss.jpg","contentUrl":"https:\/\/aconteceunovale.com.br\/portal\/wp-content\/uploads\/2015\/12\/concurso_inss.jpg","width":625,"height":384},{"@type":"BreadcrumbList","@id":"https:\/\/aconteceunovale.com.br\/portal\/?p=79727#breadcrumb","itemListElement":[{"@type":"ListItem","position":1,"name":"In\u00edcio","item":"https:\/\/aconteceunovale.com.br\/portal\/"},{"@type":"ListItem","position":2,"name":"C\u00e2mara Municipal de Ara\u00e7ua\u00ed divulga edital de concurso p\u00fablico"}]},{"@type":"WebSite","@id":"https:\/\/aconteceunovale.com.br\/portal\/#website","url":"https:\/\/aconteceunovale.com.br\/portal\/","name":"Aconteceu no Vale","description":"Portal de Not\u00edcias","potentialAction":[{"@type":"SearchAction","target":{"@type":"EntryPoint","urlTemplate":"https:\/\/aconteceunovale.com.br\/portal\/?s={search_term_string}"},"query-input":{"@type":"PropertyValueSpecification","valueRequired":true,"valueName":"search_term_string"}}],"inLanguage":"pt-BR"},{"@type":"Person","@id":"https:\/\/aconteceunovale.com.br\/portal\/#\/schema\/person\/633529146f2c94272bef50ac2953d589","name":"Aconteceu no Vale","description":"Equipe de reportagem do Aconteceu no Vale, portal de not\u00edcias do Vale do Jequitinhonha, em Minas Gerais. Cobrimos as 51 cidades do Vale desde 2013. Sugest\u00f5es de pauta e pedidos de corre\u00e7\u00e3o: contato@aconteceunovale.com.br","sameAs":["http:\/\/www.aconteceunovale.com.br"],"url":"https:\/\/aconteceunovale.com.br\/portal\/?author=1"}]}},"_links":{"self":[{"href":"https:\/\/aconteceunovale.com.br\/portal\/index.php?rest_route=\/wp\/v2\/posts\/79727","targetHints":{"allow":["GET"]}}],"collection":[{"href":"https:\/\/aconteceunovale.com.br\/portal\/index.php?rest_route=\/wp\/v2\/posts"}],"about":[{"href":"https:\/\/aconteceunovale.com.br\/portal\/index.php?rest_route=\/wp\/v2\/types\/post"}],"author":[{"embeddable":true,"href":"https:\/\/aconteceunovale.com.br\/portal\/index.php?rest_route=\/wp\/v2\/users\/1"}],"replies":[{"embeddable":true,"href":"https:\/\/aconteceunovale.com.br\/portal\/index.php?rest_route=%2Fwp%2Fv2%2Fcomments&post=79727"}],"version-history":[{"count":1,"href":"https:\/\/aconteceunovale.com.br\/portal\/index.php?rest_route=\/wp\/v2\/posts\/79727\/revisions"}],"predecessor-version":[{"id":199591,"href":"https:\/\/aconteceunovale.com.br\/portal\/index.php?rest_route=\/wp\/v2\/posts\/79727\/revisions\/199591"}],"wp:featuredmedia":[{"embeddable":true,"href":"https:\/\/aconteceunovale.com.br\/portal\/index.php?rest_route=\/wp\/v2\/media\/75224"}],"wp:attachment":[{"href":"https:\/\/aconteceunovale.com.br\/portal\/index.php?rest_route=%2Fwp%2Fv2%2Fmedia&parent=79727"}],"wp:term":[{"taxonomy":"category","embeddable":true,"href":"https:\/\/aconteceunovale.com.br\/portal\/index.php?rest_route=%2Fwp%2Fv2%2Fcategories&post=79727"},{"taxonomy":"post_tag","embeddable":true,"href":"https:\/\/aconteceunovale.com.br\/portal\/index.php?rest_route=%2Fwp%2Fv2%2Ftags&post=79727"}],"curies":[{"name":"wp","href":"https:\/\/api.w.org\/{rel}","templated":true}]}}