{"id":79524,"date":"2016-02-22T11:38:33","date_gmt":"2016-02-22T14:38:33","guid":{"rendered":"http:\/\/aconteceunovale.com.br\/portal\/?p=79524"},"modified":"2016-02-22T11:50:50","modified_gmt":"2016-02-22T14:50:50","slug":"acidente-deixa-duas-pessoas-feridas-em-sao-joao-evangelista","status":"publish","type":"post","link":"https:\/\/aconteceunovale.com.br\/portal\/?p=79524","title":{"rendered":"Acidente deixa duas pessoas feridas em S\u00e3o Jo\u00e3o Evangelista"},"content":{"rendered":"<p>Duas pessoas ficaram feridas em um acidente por volta das 10 horas da manh\u00e3 desta segunda-feira, 22 de fevereiro, em S\u00e3o Jo\u00e3o Evangelista, na regi\u00e3o do Vale do Rio Doce. Segundo informa\u00e7\u00f5es, um VW Gol, placa final 6882, teria apresentado falha mec\u00e2nica, fazendo com que o condutor perdesse o controle direcional.<\/p>\n<p>O carro colidiu contra uma \u00e1rvore em frente a uma padaria e atingiu duas motocicletas que estavam estacionadas na via p\u00fablica. Dois ocupantes do Gol sofreram ferimentos leves e foram encaminhados para atendimento no Hospital Municipal, onde permaneceram em observa\u00e7\u00e3o.<\/p>\n<p>O motorista do Gol n\u00e3o se feriu e permaneceu no local para prestar esclarecimentos. A Pol\u00edcia Militar foi acionada para registro da ocorr\u00eancia. <\/p>\n<p><img decoding=\"async\" src=\"http:\/\/aconteceunovale.com.br\/portal\/wp-content\/uploads\/2016\/02\/acidente_sje_22_02_1.jpg\" alt=\"\" \/><em>Dois ocupantes do VW Gol ficaram feridos &#8211; Fotos: Internauta \/ Via WhatsApp<\/em><br \/>\n<\/br><\/p>\n<p><img decoding=\"async\" src=\"http:\/\/aconteceunovale.com.br\/portal\/wp-content\/uploads\/2016\/02\/acidente_sje_22_1.jpg\" alt=\"\" \/><em>Dois ocupantes do VW Gol ficaram feridos &#8211; Fotos: Adenilson Lopes \/ Aconteceu em SJE<\/em><br \/>\n<\/br><\/p>\n<p><img decoding=\"async\" src=\"http:\/\/aconteceunovale.com.br\/portal\/wp-content\/uploads\/2016\/02\/acidente_sje_22_3.jpg\" alt=\"\" \/><em>Dois ocupantes do VW Gol ficaram feridos &#8211; Fotos: Adenilson Lopes \/ Aconteceu em SJE<\/em><br \/>\n<\/br><\/p>\n<p><img decoding=\"async\" src=\"http:\/\/aconteceunovale.com.br\/portal\/wp-content\/uploads\/2016\/02\/acidente_sje_22_2.jpg\" alt=\"\" \/><em>Dois ocupantes do VW Gol ficaram feridos &#8211; Fotos: Adenilson Lopes \/ Aconteceu em SJE<\/em><\/p>\n","protected":false},"excerpt":{"rendered":"<p>Duas pessoas ficaram feridas em um acidente por volta das 10 horas da manh\u00e3 desta segunda-feira, 22 de fevereiro, em S\u00e3o Jo\u00e3o Evangelista, na regi\u00e3o do Vale do Rio Doce. Segundo informa\u00e7\u00f5es, um VW Gol, placa final 6882, teria apresentado falha mec\u00e2nica, fazendo com que o condutor perdesse o controle direcional. O carro colidiu contra [&hellip;]<\/p>\n","protected":false},"author":1,"featured_media":79529,"comment_status":"open","ping_status":"closed","sticky":false,"template":"","format":"standard","meta":{"amp_status":"","footnotes":""},"categories":[121],"tags":[78609,78611,78613,13600,78612,78610,162],"class_list":["post-79524","post","type-post","status-publish","format-standard","has-post-thumbnail","hentry","category-leste","tag-acidente-com-gol-da-associacao-estrela-dalva","tag-acidente-com-gol-em-sao-joao-evangelista","tag-acidente-deixa-duas-pessoas-feridas-em-sao-joao-evangelista","tag-acidente-em-sao-joao-evangelista","tag-acidente-no-centro-de-sao-joao-evangelista","tag-acidente-perto-da-padaria-moreira","tag-sao-joao-evangelista"],"yoast_head":"<!-- This site is optimized with the Yoast SEO plugin v28.3 - https:\/\/yoast.com\/product\/yoast-seo-wordpress\/ -->\n<title>Acidente deixa duas pessoas feridas em S\u00e3o Jo\u00e3o Evangelista - Aconteceu no Vale<\/title>\n<meta name=\"robots\" content=\"index, follow, max-snippet:-1, max-image-preview:large, max-video-preview:-1\" \/>\n<link rel=\"canonical\" href=\"https:\/\/aconteceunovale.com.br\/portal\/?p=79524\" \/>\n<meta property=\"og:locale\" content=\"pt_BR\" \/>\n<meta property=\"og:type\" content=\"article\" \/>\n<meta property=\"og:title\" content=\"Acidente deixa duas pessoas feridas em S\u00e3o Jo\u00e3o Evangelista - Aconteceu no Vale\" \/>\n<meta property=\"og:description\" content=\"Duas pessoas ficaram feridas em um acidente por volta das 10 horas da manh\u00e3 desta segunda-feira, 22 de fevereiro, em S\u00e3o Jo\u00e3o Evangelista, na regi\u00e3o do Vale do Rio Doce. Segundo informa\u00e7\u00f5es, um VW Gol, placa final 6882, teria apresentado falha mec\u00e2nica, fazendo com que o condutor perdesse o controle direcional. O carro colidiu contra [&hellip;]\" \/>\n<meta property=\"og:url\" content=\"https:\/\/aconteceunovale.com.br\/portal\/?p=79524\" \/>\n<meta property=\"og:site_name\" content=\"Aconteceu no Vale\" \/>\n<meta property=\"article:publisher\" content=\"https:\/\/www.facebook.com\/aconteceunovale\/\" \/>\n<meta property=\"article:published_time\" content=\"2016-02-22T14:38:33+00:00\" \/>\n<meta property=\"article:modified_time\" content=\"2016-02-22T14:50:50+00:00\" \/>\n<meta property=\"og:image\" content=\"https:\/\/aconteceunovale.com.br\/portal\/wp-content\/uploads\/2016\/02\/acidente_sje_22_02_1.jpg\" \/>\n\t<meta property=\"og:image:width\" content=\"678\" \/>\n\t<meta property=\"og:image:height\" content=\"381\" \/>\n\t<meta property=\"og:image:type\" content=\"image\/jpeg\" \/>\n<meta name=\"author\" content=\"Aconteceu no Vale\" \/>\n<meta name=\"twitter:card\" content=\"summary_large_image\" \/>\n<meta name=\"twitter:creator\" content=\"@noticiadosvales\" \/>\n<meta name=\"twitter:site\" content=\"@noticiadosvales\" \/>\n<meta name=\"twitter:label1\" content=\"Escrito por\" \/>\n\t<meta name=\"twitter:data1\" content=\"Aconteceu no Vale\" \/>\n\t<meta name=\"twitter:label2\" content=\"Est. tempo de leitura\" \/>\n\t<meta name=\"twitter:data2\" content=\"1 minuto\" \/>\n<script type=\"application\/ld+json\" class=\"yoast-schema-graph\">{\"@context\":\"https:\\\/\\\/schema.org\",\"@graph\":[{\"@type\":\"Article\",\"@id\":\"https:\\\/\\\/aconteceunovale.com.br\\\/portal\\\/?p=79524#article\",\"isPartOf\":{\"@id\":\"https:\\\/\\\/aconteceunovale.com.br\\\/portal\\\/?p=79524\"},\"author\":{\"name\":\"Aconteceu no Vale\",\"@id\":\"https:\\\/\\\/aconteceunovale.com.br\\\/portal\\\/#\\\/schema\\\/person\\\/633529146f2c94272bef50ac2953d589\"},\"headline\":\"Acidente deixa duas pessoas feridas em S\u00e3o Jo\u00e3o Evangelista\",\"datePublished\":\"2016-02-22T14:38:33+00:00\",\"dateModified\":\"2016-02-22T14:50:50+00:00\",\"mainEntityOfPage\":{\"@id\":\"https:\\\/\\\/aconteceunovale.com.br\\\/portal\\\/?p=79524\"},\"wordCount\":186,\"commentCount\":0,\"image\":{\"@id\":\"https:\\\/\\\/aconteceunovale.com.br\\\/portal\\\/?p=79524#primaryimage\"},\"thumbnailUrl\":\"https:\\\/\\\/aconteceunovale.com.br\\\/portal\\\/wp-content\\\/uploads\\\/2016\\\/02\\\/acidente_sje_22_02_1.jpg\",\"keywords\":[\"acidente com gol da associa\u00e7\u00e3o estrela dalva\",\"acidente com gol em S\u00e3o Jo\u00e3o Evangelista\",\"Acidente deixa duas pessoas feridas em S\u00e3o Jo\u00e3o Evangelista\",\"acidente em s\u00e3o jo\u00e3o evangelista\",\"acidente no centro de S\u00e3o Jo\u00e3o Evangelista\",\"acidente perto da padaria moreira\",\"S\u00e3o Jo\u00e3o Evangelista\"],\"articleSection\":[\"Leste de Minas\"],\"inLanguage\":\"pt-BR\",\"potentialAction\":[{\"@type\":\"CommentAction\",\"name\":\"Comment\",\"target\":[\"https:\\\/\\\/aconteceunovale.com.br\\\/portal\\\/?p=79524#respond\"]}]},{\"@type\":\"WebPage\",\"@id\":\"https:\\\/\\\/aconteceunovale.com.br\\\/portal\\\/?p=79524\",\"url\":\"https:\\\/\\\/aconteceunovale.com.br\\\/portal\\\/?p=79524\",\"name\":\"Acidente deixa duas pessoas feridas em S\u00e3o Jo\u00e3o Evangelista - Aconteceu no Vale\",\"isPartOf\":{\"@id\":\"https:\\\/\\\/aconteceunovale.com.br\\\/portal\\\/#website\"},\"primaryImageOfPage\":{\"@id\":\"https:\\\/\\\/aconteceunovale.com.br\\\/portal\\\/?p=79524#primaryimage\"},\"image\":{\"@id\":\"https:\\\/\\\/aconteceunovale.com.br\\\/portal\\\/?p=79524#primaryimage\"},\"thumbnailUrl\":\"https:\\\/\\\/aconteceunovale.com.br\\\/portal\\\/wp-content\\\/uploads\\\/2016\\\/02\\\/acidente_sje_22_02_1.jpg\",\"datePublished\":\"2016-02-22T14:38:33+00:00\",\"dateModified\":\"2016-02-22T14:50:50+00:00\",\"author\":{\"@id\":\"https:\\\/\\\/aconteceunovale.com.br\\\/portal\\\/#\\\/schema\\\/person\\\/633529146f2c94272bef50ac2953d589\"},\"breadcrumb\":{\"@id\":\"https:\\\/\\\/aconteceunovale.com.br\\\/portal\\\/?p=79524#breadcrumb\"},\"inLanguage\":\"pt-BR\",\"potentialAction\":[{\"@type\":\"ReadAction\",\"target\":[\"https:\\\/\\\/aconteceunovale.com.br\\\/portal\\\/?p=79524\"]}]},{\"@type\":\"ImageObject\",\"inLanguage\":\"pt-BR\",\"@id\":\"https:\\\/\\\/aconteceunovale.com.br\\\/portal\\\/?p=79524#primaryimage\",\"url\":\"https:\\\/\\\/aconteceunovale.com.br\\\/portal\\\/wp-content\\\/uploads\\\/2016\\\/02\\\/acidente_sje_22_02_1.jpg\",\"contentUrl\":\"https:\\\/\\\/aconteceunovale.com.br\\\/portal\\\/wp-content\\\/uploads\\\/2016\\\/02\\\/acidente_sje_22_02_1.jpg\",\"width\":678,\"height\":381},{\"@type\":\"BreadcrumbList\",\"@id\":\"https:\\\/\\\/aconteceunovale.com.br\\\/portal\\\/?p=79524#breadcrumb\",\"itemListElement\":[{\"@type\":\"ListItem\",\"position\":1,\"name\":\"In\u00edcio\",\"item\":\"https:\\\/\\\/aconteceunovale.com.br\\\/portal\\\/\"},{\"@type\":\"ListItem\",\"position\":2,\"name\":\"Acidente deixa duas pessoas feridas em S\u00e3o Jo\u00e3o Evangelista\"}]},{\"@type\":\"WebSite\",\"@id\":\"https:\\\/\\\/aconteceunovale.com.br\\\/portal\\\/#website\",\"url\":\"https:\\\/\\\/aconteceunovale.com.br\\\/portal\\\/\",\"name\":\"Aconteceu no Vale\",\"description\":\"Portal de Not\u00edcias\",\"potentialAction\":[{\"@type\":\"SearchAction\",\"target\":{\"@type\":\"EntryPoint\",\"urlTemplate\":\"https:\\\/\\\/aconteceunovale.com.br\\\/portal\\\/?s={search_term_string}\"},\"query-input\":{\"@type\":\"PropertyValueSpecification\",\"valueRequired\":true,\"valueName\":\"search_term_string\"}}],\"inLanguage\":\"pt-BR\"},{\"@type\":\"Person\",\"@id\":\"https:\\\/\\\/aconteceunovale.com.br\\\/portal\\\/#\\\/schema\\\/person\\\/633529146f2c94272bef50ac2953d589\",\"name\":\"Aconteceu no Vale\",\"description\":\"Equipe de reportagem do Aconteceu no Vale, portal de not\u00edcias do Vale do Jequitinhonha, em Minas Gerais. Cobrimos as 51 cidades do Vale desde 2013. Sugest\u00f5es de pauta e pedidos de corre\u00e7\u00e3o: contato@aconteceunovale.com.br\",\"sameAs\":[\"http:\\\/\\\/www.aconteceunovale.com.br\"],\"url\":\"https:\\\/\\\/aconteceunovale.com.br\\\/portal\\\/?author=1\"}]}<\/script>\n<!-- \/ Yoast SEO plugin. -->","yoast_head_json":{"title":"Acidente deixa duas pessoas feridas em S\u00e3o Jo\u00e3o Evangelista - Aconteceu no Vale","robots":{"index":"index","follow":"follow","max-snippet":"max-snippet:-1","max-image-preview":"max-image-preview:large","max-video-preview":"max-video-preview:-1"},"canonical":"https:\/\/aconteceunovale.com.br\/portal\/?p=79524","og_locale":"pt_BR","og_type":"article","og_title":"Acidente deixa duas pessoas feridas em S\u00e3o Jo\u00e3o Evangelista - Aconteceu no Vale","og_description":"Duas pessoas ficaram feridas em um acidente por volta das 10 horas da manh\u00e3 desta segunda-feira, 22 de fevereiro, em S\u00e3o Jo\u00e3o Evangelista, na regi\u00e3o do Vale do Rio Doce. Segundo informa\u00e7\u00f5es, um VW Gol, placa final 6882, teria apresentado falha mec\u00e2nica, fazendo com que o condutor perdesse o controle direcional. O carro colidiu contra [&hellip;]","og_url":"https:\/\/aconteceunovale.com.br\/portal\/?p=79524","og_site_name":"Aconteceu no Vale","article_publisher":"https:\/\/www.facebook.com\/aconteceunovale\/","article_published_time":"2016-02-22T14:38:33+00:00","article_modified_time":"2016-02-22T14:50:50+00:00","og_image":[{"width":678,"height":381,"url":"https:\/\/aconteceunovale.com.br\/portal\/wp-content\/uploads\/2016\/02\/acidente_sje_22_02_1.jpg","type":"image\/jpeg"}],"author":"Aconteceu no Vale","twitter_card":"summary_large_image","twitter_creator":"@noticiadosvales","twitter_site":"@noticiadosvales","twitter_misc":{"Escrito por":"Aconteceu no Vale","Est. tempo de leitura":"1 minuto"},"schema":{"@context":"https:\/\/schema.org","@graph":[{"@type":"Article","@id":"https:\/\/aconteceunovale.com.br\/portal\/?p=79524#article","isPartOf":{"@id":"https:\/\/aconteceunovale.com.br\/portal\/?p=79524"},"author":{"name":"Aconteceu no Vale","@id":"https:\/\/aconteceunovale.com.br\/portal\/#\/schema\/person\/633529146f2c94272bef50ac2953d589"},"headline":"Acidente deixa duas pessoas feridas em S\u00e3o Jo\u00e3o Evangelista","datePublished":"2016-02-22T14:38:33+00:00","dateModified":"2016-02-22T14:50:50+00:00","mainEntityOfPage":{"@id":"https:\/\/aconteceunovale.com.br\/portal\/?p=79524"},"wordCount":186,"commentCount":0,"image":{"@id":"https:\/\/aconteceunovale.com.br\/portal\/?p=79524#primaryimage"},"thumbnailUrl":"https:\/\/aconteceunovale.com.br\/portal\/wp-content\/uploads\/2016\/02\/acidente_sje_22_02_1.jpg","keywords":["acidente com gol da associa\u00e7\u00e3o estrela dalva","acidente com gol em S\u00e3o Jo\u00e3o Evangelista","Acidente deixa duas pessoas feridas em S\u00e3o Jo\u00e3o Evangelista","acidente em s\u00e3o jo\u00e3o evangelista","acidente no centro de S\u00e3o Jo\u00e3o Evangelista","acidente perto da padaria moreira","S\u00e3o Jo\u00e3o Evangelista"],"articleSection":["Leste de Minas"],"inLanguage":"pt-BR","potentialAction":[{"@type":"CommentAction","name":"Comment","target":["https:\/\/aconteceunovale.com.br\/portal\/?p=79524#respond"]}]},{"@type":"WebPage","@id":"https:\/\/aconteceunovale.com.br\/portal\/?p=79524","url":"https:\/\/aconteceunovale.com.br\/portal\/?p=79524","name":"Acidente deixa duas pessoas feridas em S\u00e3o Jo\u00e3o Evangelista - Aconteceu no Vale","isPartOf":{"@id":"https:\/\/aconteceunovale.com.br\/portal\/#website"},"primaryImageOfPage":{"@id":"https:\/\/aconteceunovale.com.br\/portal\/?p=79524#primaryimage"},"image":{"@id":"https:\/\/aconteceunovale.com.br\/portal\/?p=79524#primaryimage"},"thumbnailUrl":"https:\/\/aconteceunovale.com.br\/portal\/wp-content\/uploads\/2016\/02\/acidente_sje_22_02_1.jpg","datePublished":"2016-02-22T14:38:33+00:00","dateModified":"2016-02-22T14:50:50+00:00","author":{"@id":"https:\/\/aconteceunovale.com.br\/portal\/#\/schema\/person\/633529146f2c94272bef50ac2953d589"},"breadcrumb":{"@id":"https:\/\/aconteceunovale.com.br\/portal\/?p=79524#breadcrumb"},"inLanguage":"pt-BR","potentialAction":[{"@type":"ReadAction","target":["https:\/\/aconteceunovale.com.br\/portal\/?p=79524"]}]},{"@type":"ImageObject","inLanguage":"pt-BR","@id":"https:\/\/aconteceunovale.com.br\/portal\/?p=79524#primaryimage","url":"https:\/\/aconteceunovale.com.br\/portal\/wp-content\/uploads\/2016\/02\/acidente_sje_22_02_1.jpg","contentUrl":"https:\/\/aconteceunovale.com.br\/portal\/wp-content\/uploads\/2016\/02\/acidente_sje_22_02_1.jpg","width":678,"height":381},{"@type":"BreadcrumbList","@id":"https:\/\/aconteceunovale.com.br\/portal\/?p=79524#breadcrumb","itemListElement":[{"@type":"ListItem","position":1,"name":"In\u00edcio","item":"https:\/\/aconteceunovale.com.br\/portal\/"},{"@type":"ListItem","position":2,"name":"Acidente deixa duas pessoas feridas em S\u00e3o Jo\u00e3o Evangelista"}]},{"@type":"WebSite","@id":"https:\/\/aconteceunovale.com.br\/portal\/#website","url":"https:\/\/aconteceunovale.com.br\/portal\/","name":"Aconteceu no Vale","description":"Portal de Not\u00edcias","potentialAction":[{"@type":"SearchAction","target":{"@type":"EntryPoint","urlTemplate":"https:\/\/aconteceunovale.com.br\/portal\/?s={search_term_string}"},"query-input":{"@type":"PropertyValueSpecification","valueRequired":true,"valueName":"search_term_string"}}],"inLanguage":"pt-BR"},{"@type":"Person","@id":"https:\/\/aconteceunovale.com.br\/portal\/#\/schema\/person\/633529146f2c94272bef50ac2953d589","name":"Aconteceu no Vale","description":"Equipe de reportagem do Aconteceu no Vale, portal de not\u00edcias do Vale do Jequitinhonha, em Minas Gerais. Cobrimos as 51 cidades do Vale desde 2013. Sugest\u00f5es de pauta e pedidos de corre\u00e7\u00e3o: contato@aconteceunovale.com.br","sameAs":["http:\/\/www.aconteceunovale.com.br"],"url":"https:\/\/aconteceunovale.com.br\/portal\/?author=1"}]}},"_links":{"self":[{"href":"https:\/\/aconteceunovale.com.br\/portal\/index.php?rest_route=\/wp\/v2\/posts\/79524","targetHints":{"allow":["GET"]}}],"collection":[{"href":"https:\/\/aconteceunovale.com.br\/portal\/index.php?rest_route=\/wp\/v2\/posts"}],"about":[{"href":"https:\/\/aconteceunovale.com.br\/portal\/index.php?rest_route=\/wp\/v2\/types\/post"}],"author":[{"embeddable":true,"href":"https:\/\/aconteceunovale.com.br\/portal\/index.php?rest_route=\/wp\/v2\/users\/1"}],"replies":[{"embeddable":true,"href":"https:\/\/aconteceunovale.com.br\/portal\/index.php?rest_route=%2Fwp%2Fv2%2Fcomments&post=79524"}],"version-history":[{"count":0,"href":"https:\/\/aconteceunovale.com.br\/portal\/index.php?rest_route=\/wp\/v2\/posts\/79524\/revisions"}],"wp:featuredmedia":[{"embeddable":true,"href":"https:\/\/aconteceunovale.com.br\/portal\/index.php?rest_route=\/wp\/v2\/media\/79529"}],"wp:attachment":[{"href":"https:\/\/aconteceunovale.com.br\/portal\/index.php?rest_route=%2Fwp%2Fv2%2Fmedia&parent=79524"}],"wp:term":[{"taxonomy":"category","embeddable":true,"href":"https:\/\/aconteceunovale.com.br\/portal\/index.php?rest_route=%2Fwp%2Fv2%2Fcategories&post=79524"},{"taxonomy":"post_tag","embeddable":true,"href":"https:\/\/aconteceunovale.com.br\/portal\/index.php?rest_route=%2Fwp%2Fv2%2Ftags&post=79524"}],"curies":[{"name":"wp","href":"https:\/\/api.w.org\/{rel}","templated":true}]}}