{"id":79474,"date":"2016-02-21T18:11:48","date_gmt":"2016-02-21T21:11:48","guid":{"rendered":"http:\/\/aconteceunovale.com.br\/portal\/?p=79474"},"modified":"2016-02-21T18:17:59","modified_gmt":"2016-02-21T21:17:59","slug":"pantera-vence-o-saci-e-assume-a-lideranca-do-grupo-b","status":"publish","type":"post","link":"https:\/\/aconteceunovale.com.br\/portal\/?p=79474","title":{"rendered":"Pantera vence o Saci e assume a lideran\u00e7a do grupo B"},"content":{"rendered":"<p>O Democrata de Governador Valadares venceu o Social por 2 a 1 no jogo deste s\u00e1bado, 20 de fevereiro, em Coronel Fabriciano, no est\u00e1dio Louis Ensch. Com a vit\u00f3ria, a equipe valadarense assumiu a lideran\u00e7a do Grupo B, do M\u00f3dulo II do Campeonato Mineiro 2016.<\/p>\n<p>O jogo marcou o primeiro confronto entre as equipes no campeonato. A equipe valadarense se mostrou melhor durante todo o primeiro tempo, tendo o Social perdendo boas oportunidades de gol. Aos 18 minutos de jogo, Guilherme, pela esquerda, tabelou com Edinho, que mandou a bola para dentro da rede e abriu o placar no Vale do A\u00e7o, para a equipe valadarense. No chute ao gol, o jogador se machucou e foi substitu\u00eddo pelo meia L\u00e9o Torres.<\/p>\n<p>No fim do primeiro tempo, o \u00e1rbitro interrompeu o jogo para a parada t\u00e9cnica, onde os atletas aproveitaram para se hidratar. Durante a pausa de jogo, uma pedra teria sido lan\u00e7ada sobre a torcida da Pantera. A Pol\u00edcia Militar foi acionada para evitar confus\u00f5es. <\/p>\n<p><img decoding=\"async\" src=\"http:\/\/aconteceunovale.com.br\/portal\/wp-content\/uploads\/2016\/02\/democrata_social_1.jpg\" alt=\"\" \/><em>Edinho parte para o abra\u00e7o ap\u00f3s marcar gola\u00e7o para a Pantera \u2013 Foto: Rubens J\u00fanior \/ Democrata<\/em><br \/>\n<\/br><\/p>\n<p>O segundo tempo da partida teve o Social mostrando mais for\u00e7a no gramado. Gabriel entrou no lugar de Robson e Can\u00e1rio no lugar de Lima, e aos 26 minutos do segundo tempo, Est\u00eanio conseguiu o empate para o Saci. Mas apesar do jogo disputado, o time de Governador Valadares conseguiu chegar \u00e0 segunda vit\u00f3ria no campeonato ap\u00f3s a cobran\u00e7a de escanteio de Tiago. A bola foi cabeceada por Carciano, e balan\u00e7ou a rede mais uma vez aos 51 minutos do segundo tempo.<\/p>\n<p>Com o resultado, o Democrata GV chega a seis pontos na competi\u00e7\u00e3o e a lideran\u00e7a do Grupo B, no M\u00f3dulo II do Mineiro. A equipe valadarense se prepara para mais um cl\u00e1ssico regional, contra o Ipatinga na quinta-feira, 25, em Governador Valadares, no est\u00e1dio Jos\u00e9 Mammoud Abbas. O Social volta a campo tamb\u00e9m na quinta-feira, 25, contra o Am\u00e9rica de Te\u00f3filo Otoni, em Te\u00f3filo Otoni, no est\u00e1dio Nassari Mattar. <\/p>\n<p><strong>Classifica\u00e7\u00e3o<\/strong><\/p>\n<p><img decoding=\"async\" src=\"http:\/\/aconteceunovale.com.br\/portal\/wp-content\/uploads\/2016\/02\/classificacao_mod2_21fev.jpg\" alt=\"\" \/><br \/>\n<\/br><\/p>\n<p><img decoding=\"async\" src=\"http:\/\/aconteceunovale.com.br\/portal\/wp-content\/uploads\/2016\/02\/democrata_social_2.jpg\" alt=\"\" \/><em>Carciano sobe no meio da zaga e chacoalha as redes do Saci \u2013 Foto: Rubens J\u00fanior \/ Democrata<\/em><br \/>\n<\/br><\/p>\n<p><em>(Fonte: Globo Esporte \/ Rep\u00f3rter: S\u00e1vio Scarabelli)<\/em><\/p>\n","protected":false},"excerpt":{"rendered":"<p>O Democrata de Governador Valadares venceu o Social por 2 a 1 no jogo deste s\u00e1bado, 20 de fevereiro, em Coronel Fabriciano, no est\u00e1dio Louis Ensch. Com a vit\u00f3ria, a equipe valadarense assumiu a lideran\u00e7a do Grupo B, do M\u00f3dulo II do Campeonato Mineiro 2016. O jogo marcou o primeiro confronto entre as equipes no [&hellip;]<\/p>\n","protected":false},"author":1,"featured_media":79475,"comment_status":"open","ping_status":"closed","sticky":false,"template":"","format":"standard","meta":{"amp_status":"","footnotes":""},"categories":[59,121],"tags":[4371,4370,78563,1524,4369,78562,247,33730,5324,78561,78564,5323,4373],"class_list":["post-79474","post","type-post","status-publish","format-standard","has-post-thumbnail","hentry","category-sports","category-leste","tag-campeonato-mineiro-modulo-2","tag-campeonato-mineiro-modulo-ii","tag-carciano-sobe-no-meio-da-zaga-e-chacoalha-as-redes-do-saci","tag-coronel-fabriciano","tag-democrata-de-governador-valadares","tag-edinho-parte-para-o-abraco-apos-marcar-golaco-para-a-pantera","tag-governador-valadares","tag-modulo-ii-do-campeonato-mineiro","tag-pantera","tag-pantera-vence-o-saci-e-assume-a-lideranca-do-grupo-b","tag-pantera-vence-o-saci-em-coronel-fabriciano-e-assume-a-lideranca-do-grupo-b","tag-saci","tag-social-de-coronel-fabriciano"],"_links":{"self":[{"href":"https:\/\/aconteceunovale.com.br\/portal\/index.php?rest_route=\/wp\/v2\/posts\/79474","targetHints":{"allow":["GET"]}}],"collection":[{"href":"https:\/\/aconteceunovale.com.br\/portal\/index.php?rest_route=\/wp\/v2\/posts"}],"about":[{"href":"https:\/\/aconteceunovale.com.br\/portal\/index.php?rest_route=\/wp\/v2\/types\/post"}],"author":[{"embeddable":true,"href":"https:\/\/aconteceunovale.com.br\/portal\/index.php?rest_route=\/wp\/v2\/users\/1"}],"replies":[{"embeddable":true,"href":"https:\/\/aconteceunovale.com.br\/portal\/index.php?rest_route=%2Fwp%2Fv2%2Fcomments&post=79474"}],"version-history":[{"count":0,"href":"https:\/\/aconteceunovale.com.br\/portal\/index.php?rest_route=\/wp\/v2\/posts\/79474\/revisions"}],"wp:featuredmedia":[{"embeddable":true,"href":"https:\/\/aconteceunovale.com.br\/portal\/index.php?rest_route=\/wp\/v2\/media\/79475"}],"wp:attachment":[{"href":"https:\/\/aconteceunovale.com.br\/portal\/index.php?rest_route=%2Fwp%2Fv2%2Fmedia&parent=79474"}],"wp:term":[{"taxonomy":"category","embeddable":true,"href":"https:\/\/aconteceunovale.com.br\/portal\/index.php?rest_route=%2Fwp%2Fv2%2Fcategories&post=79474"},{"taxonomy":"post_tag","embeddable":true,"href":"https:\/\/aconteceunovale.com.br\/portal\/index.php?rest_route=%2Fwp%2Fv2%2Ftags&post=79474"}],"curies":[{"name":"wp","href":"https:\/\/api.w.org\/{rel}","templated":true}]}}