{"id":79405,"date":"2016-02-20T11:08:57","date_gmt":"2016-02-20T14:08:57","guid":{"rendered":"http:\/\/aconteceunovale.com.br\/portal\/?p=79405"},"modified":"2016-02-20T17:53:25","modified_gmt":"2016-02-20T20:53:25","slug":"taxista-morre-em-acidente-com-onibus-em-montes-claros","status":"publish","type":"post","link":"https:\/\/aconteceunovale.com.br\/portal\/?p=79405","title":{"rendered":"Taxista morre em acidente com \u00f4nibus em Montes Claros"},"content":{"rendered":"<p>Um taxista morreu em um acidente na manh\u00e3 deste s\u00e1bado, 20 de fevereiro, em Montes Claros, no Norte de Minas. A colis\u00e3o entre o ve\u00edculo conduzido pela v\u00edtima e um \u00f4nibus do transporte coletivo aconteceu na esquina da Avenida Deputado Esteves Rodrigues com a Rua Santa Maria, na regi\u00e3o central da cidade.<\/p>\n<p>O motorista do \u00f4nibus, que estava vazio, relatou ao Corpo de Bombeiros que cruzava a via com o sem\u00e1foro aberto, quando bateu na lateral do t\u00e1xi, que teria desrespeitado a sinaliza\u00e7\u00e3o.<\/p>\n<p>Segundo as informa\u00e7\u00f5es dos Bombeiros, o taxista Washington Farley Pereira Fraga, de 32 anos, ficou preso \u00e0s ferragens e apresentava um ferimento grave no olho. Quando os militares chegaram ele estava inconsciente e tinha dificuldades para respirar. A v\u00edtima foi levada para um hospital, mas n\u00e3o resistiu e veio a \u00f3bito. O motorista do coletivo n\u00e3o teve ferimentos.<\/p>\n<p><img decoding=\"async\" src=\"http:\/\/aconteceunovale.com.br\/portal\/wp-content\/uploads\/2016\/02\/acidente_taxi_moc_1.jpg\" alt=\"\" \/><em>Acidente entre \u00f4nibus e t\u00e1xi na regi\u00e3o central de Montes Claros (Foto: Eventos MOC \/ Facebook)<\/em><br \/>\n<\/br><\/p>\n<p><img decoding=\"async\" src=\"http:\/\/aconteceunovale.com.br\/portal\/wp-content\/uploads\/2016\/02\/acidente_taxi_moc_2.jpg\" alt=\"\" \/><em>Acidente entre \u00f4nibus e t\u00e1xi na regi\u00e3o central de Montes Claros (Foto: Eventos MOC \/ Facebook)<\/em><br \/>\n<\/br><\/p>\n<p><img decoding=\"async\" src=\"http:\/\/aconteceunovale.com.br\/portal\/wp-content\/uploads\/2016\/02\/acidente_taxi_moc_3.jpg\" alt=\"\" \/><em>Acidente entre \u00f4nibus e t\u00e1xi na regi\u00e3o central de Montes Claros (Foto: Eventos MOC \/ Facebook)<\/em><br \/>\n<\/br><\/p>\n<p><img decoding=\"async\" src=\"http:\/\/aconteceunovale.com.br\/portal\/wp-content\/uploads\/2016\/02\/acidente_taxi_moc_4.jpg\" alt=\"\" \/><em>Acidente entre \u00f4nibus e t\u00e1xi na regi\u00e3o central de Montes Claros (Foto: Juliana Peixoto \/ G1)<\/em><br \/>\n<\/br><\/p>\n<p><em>(Fonte: G1 Grande Minas \/ Inter TV)<\/em><\/p>\n","protected":false},"excerpt":{"rendered":"<p>Um taxista morreu em um acidente na manh\u00e3 deste s\u00e1bado, 20 de fevereiro, em Montes Claros, no Norte de Minas. A colis\u00e3o entre o ve\u00edculo conduzido pela v\u00edtima e um \u00f4nibus do transporte coletivo aconteceu na esquina da Avenida Deputado Esteves Rodrigues com a Rua Santa Maria, na regi\u00e3o central da cidade. O motorista do [&hellip;]<\/p>\n","protected":false},"author":1,"featured_media":79409,"comment_status":"open","ping_status":"closed","sticky":false,"template":"","format":"standard","meta":{"amp_status":"","footnotes":""},"categories":[1236],"tags":[78462,78459,16673,78463,1018,210,78460,78464,78458,78461,78478],"class_list":["post-79405","post","type-post","status-publish","format-standard","has-post-thumbnail","hentry","category-norte_de_minas","tag-acidente-com-taxista-de-montes-claros","tag-acidente-com-taxista-em-montes-claros","tag-acidente-em-montes-claros","tag-acidente-entre-taxi-e-onibus-em-montes-claros","tag-destaque","tag-montes-claros","tag-morte-de-taxista-em-montes-claros","tag-taxista-morre-em-acidente-com-onibus-em-montes-claros","tag-taxista-morre-em-acidente-na-regiao-central-de-montes-claros","tag-taxista-morre-em-montes-claros","tag-washington-farley-pereira-fraga"],"_links":{"self":[{"href":"https:\/\/aconteceunovale.com.br\/portal\/index.php?rest_route=\/wp\/v2\/posts\/79405","targetHints":{"allow":["GET"]}}],"collection":[{"href":"https:\/\/aconteceunovale.com.br\/portal\/index.php?rest_route=\/wp\/v2\/posts"}],"about":[{"href":"https:\/\/aconteceunovale.com.br\/portal\/index.php?rest_route=\/wp\/v2\/types\/post"}],"author":[{"embeddable":true,"href":"https:\/\/aconteceunovale.com.br\/portal\/index.php?rest_route=\/wp\/v2\/users\/1"}],"replies":[{"embeddable":true,"href":"https:\/\/aconteceunovale.com.br\/portal\/index.php?rest_route=%2Fwp%2Fv2%2Fcomments&post=79405"}],"version-history":[{"count":0,"href":"https:\/\/aconteceunovale.com.br\/portal\/index.php?rest_route=\/wp\/v2\/posts\/79405\/revisions"}],"wp:featuredmedia":[{"embeddable":true,"href":"https:\/\/aconteceunovale.com.br\/portal\/index.php?rest_route=\/wp\/v2\/media\/79409"}],"wp:attachment":[{"href":"https:\/\/aconteceunovale.com.br\/portal\/index.php?rest_route=%2Fwp%2Fv2%2Fmedia&parent=79405"}],"wp:term":[{"taxonomy":"category","embeddable":true,"href":"https:\/\/aconteceunovale.com.br\/portal\/index.php?rest_route=%2Fwp%2Fv2%2Fcategories&post=79405"},{"taxonomy":"post_tag","embeddable":true,"href":"https:\/\/aconteceunovale.com.br\/portal\/index.php?rest_route=%2Fwp%2Fv2%2Ftags&post=79405"}],"curies":[{"name":"wp","href":"https:\/\/api.w.org\/{rel}","templated":true}]}}