{"id":79402,"date":"2016-02-20T10:18:47","date_gmt":"2016-02-20T13:18:47","guid":{"rendered":"http:\/\/aconteceunovale.com.br\/portal\/?p=79402"},"modified":"2016-02-20T10:18:47","modified_gmt":"2016-02-20T13:18:47","slug":"governo-de-minas-entrega-134-veiculos-para-area-de-saude-de-87-prefeituras-e-10-entidades","status":"publish","type":"post","link":"https:\/\/aconteceunovale.com.br\/portal\/?p=79402","title":{"rendered":"Governo de Minas entrega 134 ve\u00edculos para \u00e1rea de sa\u00fade de 87 prefeituras e 10 entidades"},"content":{"rendered":"<p>O governador de Minas Gerais, Fernando Pimentel, entregou nesta sexta-feira (19\/2) em Ub\u00e1, no Territ\u00f3rio Mata, 134 ve\u00edculos para a sa\u00fade, entre os quais 18 ambul\u00e2ncias.  O investimento, feito com recursos do Tesouro Estadual, chega a R$ 5,8 milh\u00f5es. Foram beneficiadas 87 prefeituras e dez entidades n\u00e3o-governamentais de 92 munic\u00edpios dos Territ\u00f3rios de Desenvolvimento Capara\u00f3, Central, Mata e Vertentes.<\/p>\n<p>Pimentel ressaltou a import\u00e2ncia dos ve\u00edculos para melhorar o atendimento da popula\u00e7\u00e3o, especialmente nos casos de urg\u00eancia. \u201cPara uma cidade pequena, um carro faz uma enorme diferen\u00e7a porque, se n\u00e3o tiver o carro para fazer um exame ou uma consulta, o prefeito vai acabar levando no carro dele. O ve\u00edculo \u00e9 muito importante para as prefeituras do interior\u201d, afirmou.<\/p>\n<p>A entrega faz parte do Programa de Doa\u00e7\u00e3o de Ve\u00edculos para aten\u00e7\u00e3o \u00e0 sa\u00fade dos munic\u00edpios do Estado de Minas Gerais. O objetivo \u00e9 ajudar as prefeituras e entidades n\u00e3o governamentais a manter o atendimento de sa\u00fade \u00e0 popula\u00e7\u00e3o de refer\u00eancia. Os autom\u00f3veis tamb\u00e9m podem ser usados para transportar servidores e profissionais de sa\u00fade que realizam atividades estrat\u00e9gias que proporcionem a melhoria na qualidade da assist\u00eancia \u00e0 sa\u00fade da popula\u00e7\u00e3o mineira.<\/p>\n<p>Lembrando a situa\u00e7\u00e3o financeira vivida pelo pa\u00eds, o governador destacou o esfor\u00e7o dos gestores p\u00fablicos. \u201cAdmiro muito o esfor\u00e7o de cada prefeito, vereador, secret\u00e1rio, que se esfor\u00e7am no seu dia a dia para cumprir aquilo que o povo deseja. E, \u00e0s vezes, infelizmente outras inst\u00e2ncias da esfera p\u00fablica criam mais problemas do que resolvem. E n\u00f3s n\u00e3o podemos parar para reclamar. Temos de trabalhar\u201d, ressaltou.<\/p>\n<p>O governador lembrou ainda que a atual administra\u00e7\u00e3o herdou \u201cum d\u00e9ficit monumental das gest\u00f5es passadas\u201d. \u201cE este ano a situa\u00e7\u00e3o se agravou, porque com a recess\u00e3o econ\u00f4mica a arrecada\u00e7\u00e3o caiu. Apesar de tudo isso, continuamos com o mesmo prop\u00f3sito. Governo n\u00e3o \u00e9 para reclamar. \u00c9 para resolver problemas. Se n\u00e3o tem dinheiro, ent\u00e3o vamos dividir o que tem com os munic\u00edpios para poder trabalhar melhor\u201d, afirmou.<\/p>\n<p>Fernando Pimentel citou algumas das a\u00e7\u00f5es do Estado voltadas para a \u00e1rea da sa\u00fade, entre elas a licita\u00e7\u00e3o para aquisi\u00e7\u00e3o de 300 novas ambul\u00e2ncias equipadas para o Servi\u00e7o de Atendimento M\u00f3vel de Urg\u00eancia (Samu). \u201cNossa meta \u00e9 renovar a frota de todos os Samus de Minas Gerais e mais, equipar os novos Samus que n\u00f3s vamos criar em parceria com os munic\u00edpios no Estado inteiro\u201d, disse.<\/p>\n<p>O governador aproveitou para pedir a compreens\u00e3o dos servidores mineiros. \u201cTemos que equipar nossa Pol\u00edcia Militar, nossa estrutura de sa\u00fade, reformar as escolas e dar condi\u00e7\u00f5es dignas de trabalho para os professores. Tudo isso \u00e9 nossa obriga\u00e7\u00e3o e n\u00f3s vamos fazer. Claro, contando com a compreens\u00e3o e com a ajuda do funcionalismo p\u00fablico, que tamb\u00e9m tem que dar, nesse momento, a sua parcela de compreens\u00e3o, porque a situa\u00e7\u00e3o \u00e9 dif\u00edcil para todo mundo. Mas n\u00f3s vamos superar as dificuldades\u201d, finalizou.<\/p>\n<p>Al\u00e9m das 87 prefeituras, tamb\u00e9m receberam ve\u00edculos durante o evento as organiza\u00e7\u00f5es n\u00e3o governamentais Associa\u00e7\u00e3o de Pais e Amigos dos Excepcionais (Al\u00e9m Para\u00edba), Hospital de Cataguases, Associa\u00e7\u00e3o Beneficente S\u00e3o Camilo (Conselheiro Lafaiete), Hospital Cassiano Campolina (Entre Rios de Minas), Hospital Doutor Armando Xavier Vieira (Guarani), Centro A\u00e7\u00e3o Social Sr. Joaninho, Confedera\u00e7\u00e3o de Irm\u00e3os Beneficentes Evang\u00e9licos (Juiz de Fora), Associa\u00e7\u00e3o de Pais e Amigos dos Excepcionais (Liberdade), Institui\u00e7\u00e3o de Longa Perman\u00eancia para Idosos Lar S\u00e3o Vicente de Paulo (Lima Duarte) e Associa\u00e7\u00e3o Beneficente S\u00e3o Jo\u00e3o Batista (Visconde do Rio Branco).<\/p>\n<p><img decoding=\"async\" src=\"http:\/\/aconteceunovale.com.br\/portal\/wp-content\/uploads\/2016\/02\/carros_saude_uba.jpg\" alt=\"\" \/><em>Governador Fernando Pimentel entregou 134 ve\u00edculos para \u00e1rea de sa\u00fade de 87 prefeituras e 10 entidades de quatro territ\u00f3rios &#8211; Foto: Divulga\u00e7\u00e3o Ag\u00eancia Minas \/ Veronica Manevy<\/em><br \/>\n<\/br><\/p>\n<p><strong>Apoio<\/strong><\/p>\n<p>O prefeito de Ub\u00e1, Edvaldo Bai\u00e3o Albino, agradeceu o recebimento do ve\u00edculo. \u201cNo momento pol\u00edtico e econ\u00f4mico que vivemos, n\u00f3s sabemos o que representa receber um ve\u00edculo, principalmente para atuar na \u00e1rea da sa\u00fade. Tenho certeza que vai mudar para melhor a assist\u00eancia da sa\u00fade. Esse carro vai substituir aquele que \u00e9 mais antigo, que tinha despesa de manuten\u00e7\u00e3o muito grande. Ele vai dar ao usu\u00e1rio mais seguran\u00e7a para ser transportado para um polo de sa\u00fade\u201d, afirmou.<\/p>\n<p>Edvaldo Bai\u00e3o tamb\u00e9m destacou a f\u00f3rmula de governar da nova gest\u00e3o. \u201cTemos de agradecer o sistema que est\u00e1 sendo colocado. O governo escuta a necessidade e depois traz o benef\u00edcio. Essa nova f\u00f3rmula de governar, republicana, vai fazer uma diferen\u00e7a muito grande em nosso Estado\u201d, completou.<\/p>\n<p>Combate ao Aedes aegypti<\/p>\n<p>O governador Fernando Pimentel fez um apelo \u00e0 popula\u00e7\u00e3o para que participe da mobiliza\u00e7\u00e3o de combate ao mosquito transmissor da dengue, febre Chikungunya e Zika V\u00edrus. \u201cEstamos mobilizando tudo o que n\u00f3s podemos. A Uni\u00e3o e os munic\u00edpios tamb\u00e9m est\u00e3o fazendo. Temos que lembrar que o mosquito \u00e9 um inimigo que vive dentro de casa, e a\u00ed, cada cidad\u00e3o e cada cidad\u00e3 ter\u00e1 de ser soldado nessa guerra. O mosquito n\u00e3o vai nos vencer\u201d, encerrou.<\/p>\n<p>Tamb\u00e9m participaram da cerim\u00f4nia secret\u00e1rios de Estado, prefeitos, representantes de entidades beneficiadas, deputados federais e estaduais, vereadores e lideran\u00e7as pol\u00edticas da regi\u00e3o. <\/p>\n<p><img decoding=\"async\" src=\"http:\/\/agenciaminas.mg.gov.br\/ckeditor_assets\/pictures\/801\/content_quadro.jpg\" alt=\"\" \/><br \/>\n<\/br><\/p>\n<p>(Ag\u00eancia Minas)<\/p>\n","protected":false},"excerpt":{"rendered":"<p>O governador de Minas Gerais, Fernando Pimentel, entregou nesta sexta-feira (19\/2) em Ub\u00e1, no Territ\u00f3rio Mata, 134 ve\u00edculos para a sa\u00fade, entre os quais 18 ambul\u00e2ncias. O investimento, feito com recursos do Tesouro Estadual, chega a R$ 5,8 milh\u00f5es. Foram beneficiadas 87 prefeituras e dez entidades n\u00e3o-governamentais de 92 munic\u00edpios dos Territ\u00f3rios de Desenvolvimento Capara\u00f3, [&hellip;]<\/p>\n","protected":false},"author":1,"featured_media":79403,"comment_status":"open","ping_status":"closed","sticky":false,"template":"","format":"standard","meta":{"amp_status":"","footnotes":""},"categories":[123],"tags":[3677,4676,72245,78435,78442,4677,67809,72243,78437,78444,70684,193,6945,68314,78446,1585,1761,1560,1745,1526,1501,1503,1747,78440,1586,78447,1762,78448,78441,1527,1528,78449,966,1728,1601,1764,4680,78445,16154,78450,1594,12826,17334,1771,20658,1565,1566,78438,78436,78439,78451,78443,1750,1751,206,1765,208,40910,1579,209,1717,18471,78420,1529,1598,1568,4684,1569,1592,1773,5403,217,1767,55529,1755,1605,1718,1774,1757,75755,14129,31142,1593,32113,78452,1808,1775,1606,1583,4313,78453,1530,1572,12260,4690,78454,961,43361,78455,78456,1577,219,1735,18771,78457,3676],"class_list":["post-79402","post","type-post","status-publish","format-standard","has-post-thumbnail","hentry","category-gerais","tag-alem-paraiba","tag-alto-rio-doce","tag-amparo-da-serra","tag-apae-de-alem-paraiba","tag-apae-de-liberdade","tag-aracitaba","tag-arantina","tag-argirita","tag-associacao-beneficente-sao-camilo","tag-associacao-beneficente-sao-joao-batista","tag-barao-de-monte-alto","tag-barbacena","tag-barroso","tag-belmiro-braga","tag-bias-fortes","tag-bicas","tag-bom-jardim-de-minas","tag-cajuri","tag-caranaiba","tag-carandai","tag-carangola","tag-cataguases","tag-catas-altas-da-noruega","tag-centro-acao-social-sr-joaninho","tag-chacara","tag-cipotanea","tag-conceicao-da-barra-de-minas","tag-conceicao-de-ipanena","tag-confederacao-de-irmaos-beneficentes-evangelicos","tag-congonhas","tag-conselheiro-lafaiete","tag-cristiano-otonni","tag-divino","tag-dom-silverio","tag-dona-eusebia","tag-dores-de-campos","tag-durande","tag-edvaldo-baiao-albino","tag-entre-rios-de-minas","tag-estrela-dalva","tag-faria-lemos","tag-fernando-pimentel","tag-governador-de-minas-gerais","tag-guaraciaba","tag-guarani","tag-guidoval","tag-guiricema","tag-hospital-cassiano-campolina","tag-hospital-de-cataguases","tag-hospital-doutor-armando-xavier-vieira","tag-ibertioga","tag-instituicao-de-longa-permanencia-para-idosos-lar-sao-vicente-de-paulo","tag-itaverava","tag-jeceaba","tag-juiz-de-fora","tag-lagoa-dourada","tag-leopoldina","tag-liberdade","tag-lima-duarte","tag-manhuacu","tag-mutum","tag-nazareno","tag-oliveira-fortes","tag-ouro-branco","tag-palma","tag-paula-candido","tag-pedra-bonita","tag-pedra-do-anta","tag-piau","tag-piedade-de-ponte-nova","tag-piranga","tag-ponte-nova","tag-prados","tag-prefeito-de-uba","tag-presidente-bernardes","tag-recreio","tag-reduto","tag-rio-doce","tag-rio-espera","tag-rio-novo","tag-rio-pomba","tag-ritapolis","tag-rochedo-de-minas","tag-santa-barbara-do-monte-verde","tag-santa-barbara-do-turgurio","tag-santa-cruz-de-minas","tag-santa-cruz-do-escalvado","tag-santana-de-cataguases","tag-santana-do-deserto","tag-santana-do-manhuacu","tag-santo-antonio-do-aventureiro","tag-santos-dumont","tag-sao-geraldo","tag-sao-joao-nepomuceno","tag-sao-jose-do-mantimento","tag-sao-minguel-do-antana","tag-sao-tiago","tag-senhora-dos-remedios","tag-tapuraba","tag-teixeiras","tag-tocantins","tag-uba","tag-vermelho-novo","tag-vicosa","tag-vieiras","tag-visconde-do-rio-branco"],"_links":{"self":[{"href":"https:\/\/aconteceunovale.com.br\/portal\/index.php?rest_route=\/wp\/v2\/posts\/79402","targetHints":{"allow":["GET"]}}],"collection":[{"href":"https:\/\/aconteceunovale.com.br\/portal\/index.php?rest_route=\/wp\/v2\/posts"}],"about":[{"href":"https:\/\/aconteceunovale.com.br\/portal\/index.php?rest_route=\/wp\/v2\/types\/post"}],"author":[{"embeddable":true,"href":"https:\/\/aconteceunovale.com.br\/portal\/index.php?rest_route=\/wp\/v2\/users\/1"}],"replies":[{"embeddable":true,"href":"https:\/\/aconteceunovale.com.br\/portal\/index.php?rest_route=%2Fwp%2Fv2%2Fcomments&post=79402"}],"version-history":[{"count":0,"href":"https:\/\/aconteceunovale.com.br\/portal\/index.php?rest_route=\/wp\/v2\/posts\/79402\/revisions"}],"wp:featuredmedia":[{"embeddable":true,"href":"https:\/\/aconteceunovale.com.br\/portal\/index.php?rest_route=\/wp\/v2\/media\/79403"}],"wp:attachment":[{"href":"https:\/\/aconteceunovale.com.br\/portal\/index.php?rest_route=%2Fwp%2Fv2%2Fmedia&parent=79402"}],"wp:term":[{"taxonomy":"category","embeddable":true,"href":"https:\/\/aconteceunovale.com.br\/portal\/index.php?rest_route=%2Fwp%2Fv2%2Fcategories&post=79402"},{"taxonomy":"post_tag","embeddable":true,"href":"https:\/\/aconteceunovale.com.br\/portal\/index.php?rest_route=%2Fwp%2Fv2%2Ftags&post=79402"}],"curies":[{"name":"wp","href":"https:\/\/api.w.org\/{rel}","templated":true}]}}