{"id":79400,"date":"2016-02-19T22:07:27","date_gmt":"2016-02-20T01:07:27","guid":{"rendered":"http:\/\/aconteceunovale.com.br\/portal\/?p=79400"},"modified":"2016-02-19T22:07:27","modified_gmt":"2016-02-20T01:07:27","slug":"der-libera-trafego-em-rodovias-da-zona-da-mata-e-triangulo-e-normaliza-transito-entre-monte-verde-e-camanducaia-2","status":"publish","type":"post","link":"https:\/\/aconteceunovale.com.br\/portal\/?p=79400","title":{"rendered":"DER libera tr\u00e1fego em rodovias da Zona da Mata e Tri\u00e2ngulo e normaliza tr\u00e2nsito entre Monte Verde e Camanducaia"},"content":{"rendered":"<p>O Departamento de Estradas de Rodagem de Minas Gerais (DER\/MG) restabelece as condi\u00e7\u00f5es de tr\u00e1fego em rodovias da regi\u00e3o da Zona da Mata e do Tri\u00e2ngulo, que estavam com tr\u00e1fego comprometido, devido \u00e0s fortes chuvas. A normaliza\u00e7\u00e3o beneficia os moradores de cidades como Rio Pomba, Tabuleiro, Rio Novo, S\u00e3o Jo\u00e3o Nepomuceno, Paiva, Oliveira Fortes, Santa B\u00e1rbara do Tug\u00fario e Uberl\u00e2ndia.  <\/p>\n<p>Na MG-133, entre Rio Pomba e Tabuleiro, houve a recomposi\u00e7\u00e3o de um aterro. Na MG-126, entre Rio Novo e S\u00e3o Jo\u00e3o Nepomuceno, foi feita a recupera\u00e7\u00e3o do aterro e recomposi\u00e7\u00e3o da pista sobre bueiro met\u00e1lico. Na MG-452, entre Paiva e Oliveira Fortes, a pista foi liberada com a constru\u00e7\u00e3o de variante no local. Na regi\u00e3o do Tri\u00e2ngulo o DER\/MG liberou o tr\u00e2nsito no quil\u00f4metro 15 da rodovia MGC-497, que liga Uberl\u00e2ndia a Prata.  <\/p>\n<p><img decoding=\"async\" src=\"http:\/\/aconteceunovale.com.br\/portal\/wp-content\/uploads\/2016\/02\/LMG-866-foto-ascom-prefeitura-de-camanducaia.jpg\" alt=\"\" \/><em>DER construiu uma ponte de madeira na LMG-866 &#8211; Foto: Ascom \/ Prefeitura de Camanducaia<\/em><br \/>\n<\/br><\/p>\n<p><strong>LMG 866<\/strong><\/p>\n<p>Tr\u00e1fego de todos os tipos de ve\u00edculos normalizado, tamb\u00e9m, na LMG 866, que liga Camanducaia ao distrito de Monte Verde. Devido \u00e0s fortes chuvas na regi\u00e3o, a ponte sobre o rio Paci\u00eancia, localizada no quil\u00f4metro 24, havia sido interditada em 10 de fevereiro. Para liberar o tr\u00e1fego da via e evitar desvios, o DER\/MG construiu uma ponte de madeira perto do local da ponte danificada, at\u00e9 que a estrutura antiga seja recuperada. <\/p>\n<p><strong>Consultas<\/strong><\/p>\n<p>O site do DER\/MG mant\u00e9m atualizado um quadro sobre as <a href=\"http:\/\/www.der.mg.gov.br\/saiba-sobre\/ocorrencias-nas-estradas-periodo-chuvoso-2015-2016\" target=\"_blank\">Ocorr\u00eancias nas Estradas 2015\/2016 (www.der.mg.gov.br)<\/a>. <\/p>\n<p>Para informa\u00e7\u00f5es e reclama\u00e7\u00f5es, o contato pode ser feito utilizando o LigMinas (discando 155, op\u00e7\u00e3o 6), a partir de telefonia fixa ou m\u00f3vel, todos os dias da semana, das 6h \u00e0s 23h59. Para quem estiver fora do estado, basta discar para o telefone (31) 3303-7995. Tamb\u00e9m \u00e9 poss\u00edvel utilizar o email atendimento@der.mg.gov.br ou o <a href=\"http:\/\/www.der.mg.gov.br\/fale-conosco\" target=\"_blank\">site no Fale Conosco (www.der.mg.gov.br\/fale-conosco)<\/a>.<\/p>\n<p>(Ag\u00eancia Minas)<\/p>\n","protected":false},"excerpt":{"rendered":"<p>O Departamento de Estradas de Rodagem de Minas Gerais (DER\/MG) restabelece as condi\u00e7\u00f5es de tr\u00e1fego em rodovias da regi\u00e3o da Zona da Mata e do Tri\u00e2ngulo, que estavam com tr\u00e1fego comprometido, devido \u00e0s fortes chuvas. A normaliza\u00e7\u00e3o beneficia os moradores de cidades como Rio Pomba, Tabuleiro, Rio Novo, S\u00e3o Jo\u00e3o Nepomuceno, Paiva, Oliveira Fortes, Santa [&hellip;]<\/p>\n","protected":false},"author":1,"featured_media":79398,"comment_status":"open","ping_status":"closed","sticky":false,"template":"","format":"standard","meta":{"amp_status":"","footnotes":""},"categories":[123],"tags":[1543,78417,78416,78418,78427,78424,78421,78432,78434,78423,78425,75753,78422,78426,78428,78429,78431,51410,78420,68316,78433,78430,75755,14129,75745,12260,1576,78419,221],"class_list":["post-79400","post","type-post","status-publish","format-standard","has-post-thumbnail","hentry","category-gerais","tag-camanducaia","tag-der-libera-trafego-em-rodovias-da-zona-da-mata-e-triangulo","tag-der-libera-trafego-em-rodovias-da-zona-da-mata-e-triangulo-e-normaliza-transito-entre-monte-verde-e-camanducaia","tag-der-normaliza-transito-entre-monte-verde-e-camanducaia","tag-entre-paiva-e-oliveira-fortes","tag-entre-rio-novo-e-sao-joao-nepomuceno","tag-entre-rio-pomba-e-tabuleiro","tag-lmg-866","tag-lmg-866-que-liga-camanducaia-ao-distrito-de-monte-verde","tag-mg-126","tag-mg-126-entre-rio-novo-e-sao-joao-nepomuceno","tag-mg-133","tag-mg-133-entre-rio-pomba-e-tabuleiro","tag-mg-452","tag-mg-452-entre-paiva-e-oliveira-fortes","tag-mgc-497","tag-mgc-497-que-liga-uberlandia-a-prata","tag-monte-verde","tag-oliveira-fortes","tag-paiva","tag-que-liga-camanducaia-ao-distrito-de-monte-verde","tag-que-liga-uberlandia-a-prata","tag-rio-novo","tag-rio-pomba","tag-santa-barbara-do-tugurio","tag-sao-joao-nepomuceno","tag-tabuleiro","tag-transito-entre-monte-verde-e-camanducaia","tag-uberlandia"],"_links":{"self":[{"href":"https:\/\/aconteceunovale.com.br\/portal\/index.php?rest_route=\/wp\/v2\/posts\/79400","targetHints":{"allow":["GET"]}}],"collection":[{"href":"https:\/\/aconteceunovale.com.br\/portal\/index.php?rest_route=\/wp\/v2\/posts"}],"about":[{"href":"https:\/\/aconteceunovale.com.br\/portal\/index.php?rest_route=\/wp\/v2\/types\/post"}],"author":[{"embeddable":true,"href":"https:\/\/aconteceunovale.com.br\/portal\/index.php?rest_route=\/wp\/v2\/users\/1"}],"replies":[{"embeddable":true,"href":"https:\/\/aconteceunovale.com.br\/portal\/index.php?rest_route=%2Fwp%2Fv2%2Fcomments&post=79400"}],"version-history":[{"count":0,"href":"https:\/\/aconteceunovale.com.br\/portal\/index.php?rest_route=\/wp\/v2\/posts\/79400\/revisions"}],"wp:featuredmedia":[{"embeddable":true,"href":"https:\/\/aconteceunovale.com.br\/portal\/index.php?rest_route=\/wp\/v2\/media\/79398"}],"wp:attachment":[{"href":"https:\/\/aconteceunovale.com.br\/portal\/index.php?rest_route=%2Fwp%2Fv2%2Fmedia&parent=79400"}],"wp:term":[{"taxonomy":"category","embeddable":true,"href":"https:\/\/aconteceunovale.com.br\/portal\/index.php?rest_route=%2Fwp%2Fv2%2Fcategories&post=79400"},{"taxonomy":"post_tag","embeddable":true,"href":"https:\/\/aconteceunovale.com.br\/portal\/index.php?rest_route=%2Fwp%2Fv2%2Ftags&post=79400"}],"curies":[{"name":"wp","href":"https:\/\/api.w.org\/{rel}","templated":true}]}}