{"id":79389,"date":"2016-02-19T20:49:43","date_gmt":"2016-02-19T23:49:43","guid":{"rendered":"http:\/\/aconteceunovale.com.br\/portal\/?p=79389"},"modified":"2016-02-19T20:49:43","modified_gmt":"2016-02-19T23:49:43","slug":"cemig-amplia-subestacoes-do-vale-do-rio-doce","status":"publish","type":"post","link":"https:\/\/aconteceunovale.com.br\/portal\/?p=79389","title":{"rendered":"Cemig amplia subesta\u00e7\u00f5es do Vale do Rio Doce"},"content":{"rendered":"<p>A Cemig est\u00e1  em fase final das obras de amplia\u00e7\u00e3o das Subesta\u00e7\u00f5es (SEs) de Caratinga e de Lajinha, totalizando investimento de aproximadamente 15 milh\u00f5es de reais. A previs\u00e3o \u00e9 de que as duas obras estejam completamente conclu\u00eddas ainda no primeiro semestre, acrescentando cerca de 40 MVA de pot\u00eancia no sistema el\u00e9trico de 13 cidades da regi\u00e3o, entre elas Caratinga e Ipanema.  <\/p>\n<p>O projeto de amplia\u00e7\u00e3o e moderniza\u00e7\u00e3o da SE Caratinga prev\u00ea a entrada em opera\u00e7\u00e3o de um novo transformador, troca de disjuntores e religadores (dispositivos de prote\u00e7\u00e3o para o sistema el\u00e9trico), al\u00e9m da montagem de quatro bancos de capacitores, melhorando os n\u00edveis de tens\u00e3o distribu\u00edda.<\/p>\n<p>Est\u00e1 sendo instalado tamb\u00e9m um Registrador de Perturba\u00e7\u00f5es, dispositivo que supervisiona todos os equipamentos da SE, permitindo um diagn\u00f3stico mais r\u00e1pido das ocorr\u00eancias no sistema el\u00e9trico, al\u00e9m de proporcionar um planejamento eficaz de novas obras de melhoria.<\/p>\n<p>A SE Lajinha ter\u00e1 seu transformador  e banco de capacitores substitu\u00eddos por outros mais potentes e modernos, aumentando a pot\u00eancia instalada da subesta\u00e7\u00e3o em 250%.<\/p>\n<p>\u201cA amplia\u00e7\u00e3o das  SEs beneficia diretamente os clientes da regi\u00e3o, pois promove a melhoria na qualidade e disponibilidade da energia el\u00e9trica distribu\u00edda, al\u00e9m de trazer crescimento econ\u00f4mico para os munic\u00edpios beneficiados\u201d, afirmou o engenheiro de empreendimentos da Cemig, Aguinaldo Lopes Martins.<\/p>\n<p><img decoding=\"async\" src=\"http:\/\/aconteceunovale.com.br\/portal\/wp-content\/uploads\/2016\/02\/su_cemig_rio_doce.jpg\" alt=\"\" \/><em>P\u00f3rtico da subesta\u00e7\u00e3o de Caratinga que est\u00e1 passando por obras de adapta\u00e7\u00e3o<\/em><br \/>\n<\/br><\/p>\n<p>(Ascom Cemig)<\/p>\n","protected":false},"excerpt":{"rendered":"<p>A Cemig est\u00e1 em fase final das obras de amplia\u00e7\u00e3o das Subesta\u00e7\u00f5es (SEs) de Caratinga e de Lajinha, totalizando investimento de aproximadamente 15 milh\u00f5es de reais. A previs\u00e3o \u00e9 de que as duas obras estejam completamente conclu\u00eddas ainda no primeiro semestre, acrescentando cerca de 40 MVA de pot\u00eancia no sistema el\u00e9trico de 13 cidades da [&hellip;]<\/p>\n","protected":false},"author":1,"featured_media":79390,"comment_status":"open","ping_status":"closed","sticky":false,"template":"","format":"standard","meta":{"amp_status":"","footnotes":""},"categories":[121],"tags":[26531,237,347,78409,1732,8472],"class_list":["post-79389","post","type-post","status-publish","format-standard","has-post-thumbnail","hentry","category-leste","tag-aguinaldo-lopes-martins","tag-caratinga","tag-cemig","tag-cemig-amplia-subestacoes-do-vale-do-rio-doce","tag-ipanema","tag-lajinha"],"_links":{"self":[{"href":"https:\/\/aconteceunovale.com.br\/portal\/index.php?rest_route=\/wp\/v2\/posts\/79389","targetHints":{"allow":["GET"]}}],"collection":[{"href":"https:\/\/aconteceunovale.com.br\/portal\/index.php?rest_route=\/wp\/v2\/posts"}],"about":[{"href":"https:\/\/aconteceunovale.com.br\/portal\/index.php?rest_route=\/wp\/v2\/types\/post"}],"author":[{"embeddable":true,"href":"https:\/\/aconteceunovale.com.br\/portal\/index.php?rest_route=\/wp\/v2\/users\/1"}],"replies":[{"embeddable":true,"href":"https:\/\/aconteceunovale.com.br\/portal\/index.php?rest_route=%2Fwp%2Fv2%2Fcomments&post=79389"}],"version-history":[{"count":0,"href":"https:\/\/aconteceunovale.com.br\/portal\/index.php?rest_route=\/wp\/v2\/posts\/79389\/revisions"}],"wp:featuredmedia":[{"embeddable":true,"href":"https:\/\/aconteceunovale.com.br\/portal\/index.php?rest_route=\/wp\/v2\/media\/79390"}],"wp:attachment":[{"href":"https:\/\/aconteceunovale.com.br\/portal\/index.php?rest_route=%2Fwp%2Fv2%2Fmedia&parent=79389"}],"wp:term":[{"taxonomy":"category","embeddable":true,"href":"https:\/\/aconteceunovale.com.br\/portal\/index.php?rest_route=%2Fwp%2Fv2%2Fcategories&post=79389"},{"taxonomy":"post_tag","embeddable":true,"href":"https:\/\/aconteceunovale.com.br\/portal\/index.php?rest_route=%2Fwp%2Fv2%2Ftags&post=79389"}],"curies":[{"name":"wp","href":"https:\/\/api.w.org\/{rel}","templated":true}]}}