{"id":79376,"date":"2016-02-19T20:01:13","date_gmt":"2016-02-19T23:01:13","guid":{"rendered":"http:\/\/aconteceunovale.com.br\/portal\/?p=79376"},"modified":"2016-02-19T20:01:13","modified_gmt":"2016-02-19T23:01:13","slug":"jovens-sao-detidos-suspeitos-de-assalto-a-casa-em-porteirinha","status":"publish","type":"post","link":"https:\/\/aconteceunovale.com.br\/portal\/?p=79376","title":{"rendered":"Jovens s\u00e3o detidos suspeitos de assalto a casa em Porteirinha"},"content":{"rendered":"<p>Dois jovens de 15 e 18 anos foram detidos na manh\u00e3 desta na manh\u00e3 desta sexta-feira (19\/02) em Porteirinha, na regi\u00e3o Norte de Minas Gerais. Segundo a Pol\u00edcia Militar (PM), eles s\u00e3o suspeitos de um assalto a uma resid\u00eancia no Bairro Vila Serran\u00f3polis.<\/p>\n<p>Ainda segundo a PM, a empregada afirmou que os assaltantes tocaram a campainha e anunciaram o assalto quando ela abriu o port\u00e3o. Uma vizinha viu quando tr\u00eas criminosos invadiram a resid\u00eancia, e acionou a pol\u00edcia.<\/p>\n<p>Ao perceber a aproxima\u00e7\u00e3o dos militares, um dos envolvidos, de 22 anos, fugiu levando uma motocicleta da resid\u00eancia e \u00e9 procurado. A pol\u00edcia conseguiu deter os outros dois jovens, que foram conduzidos \u00e0 delegacia para demais provid\u00eancias. (G1)<\/p>\n","protected":false},"excerpt":{"rendered":"<p>Dois jovens de 15 e 18 anos foram detidos na manh\u00e3 desta na manh\u00e3 desta sexta-feira (19\/02) em Porteirinha, na regi\u00e3o Norte de Minas Gerais. Segundo a Pol\u00edcia Militar (PM), eles s\u00e3o suspeitos de um assalto a uma resid\u00eancia no Bairro Vila Serran\u00f3polis. Ainda segundo a PM, a empregada afirmou que os assaltantes tocaram a [&hellip;]<\/p>\n","protected":false},"author":1,"featured_media":58056,"comment_status":"open","ping_status":"closed","sticky":false,"template":"","format":"standard","meta":{"amp_status":"","footnotes":""},"categories":[1236],"tags":[42813,78392,1194,78393,42812],"class_list":["post-79376","post","type-post","status-publish","format-standard","has-post-thumbnail","hentry","category-norte_de_minas","tag-assalto-em-porteirinha","tag-jovens-sao-detidos-suspeitos-de-assalto-a-casa-em-porteirinha","tag-porteirinha","tag-presos-em-porteirinha","tag-roubo-em-porteirinha"],"_links":{"self":[{"href":"https:\/\/aconteceunovale.com.br\/portal\/index.php?rest_route=\/wp\/v2\/posts\/79376","targetHints":{"allow":["GET"]}}],"collection":[{"href":"https:\/\/aconteceunovale.com.br\/portal\/index.php?rest_route=\/wp\/v2\/posts"}],"about":[{"href":"https:\/\/aconteceunovale.com.br\/portal\/index.php?rest_route=\/wp\/v2\/types\/post"}],"author":[{"embeddable":true,"href":"https:\/\/aconteceunovale.com.br\/portal\/index.php?rest_route=\/wp\/v2\/users\/1"}],"replies":[{"embeddable":true,"href":"https:\/\/aconteceunovale.com.br\/portal\/index.php?rest_route=%2Fwp%2Fv2%2Fcomments&post=79376"}],"version-history":[{"count":0,"href":"https:\/\/aconteceunovale.com.br\/portal\/index.php?rest_route=\/wp\/v2\/posts\/79376\/revisions"}],"wp:featuredmedia":[{"embeddable":true,"href":"https:\/\/aconteceunovale.com.br\/portal\/index.php?rest_route=\/wp\/v2\/media\/58056"}],"wp:attachment":[{"href":"https:\/\/aconteceunovale.com.br\/portal\/index.php?rest_route=%2Fwp%2Fv2%2Fmedia&parent=79376"}],"wp:term":[{"taxonomy":"category","embeddable":true,"href":"https:\/\/aconteceunovale.com.br\/portal\/index.php?rest_route=%2Fwp%2Fv2%2Fcategories&post=79376"},{"taxonomy":"post_tag","embeddable":true,"href":"https:\/\/aconteceunovale.com.br\/portal\/index.php?rest_route=%2Fwp%2Fv2%2Ftags&post=79376"}],"curies":[{"name":"wp","href":"https:\/\/api.w.org\/{rel}","templated":true}]}}