{"id":79374,"date":"2016-02-19T19:55:44","date_gmt":"2016-02-19T22:55:44","guid":{"rendered":"http:\/\/aconteceunovale.com.br\/portal\/?p=79374"},"modified":"2016-02-19T19:56:04","modified_gmt":"2016-02-19T22:56:04","slug":"montes-claros-confirma-dois-casos-de-zika-virus-em-gravidas","status":"publish","type":"post","link":"https:\/\/aconteceunovale.com.br\/portal\/?p=79374","title":{"rendered":"Montes Claros confirma dois casos de zika v\u00edrus em gr\u00e1vidas"},"content":{"rendered":"<p>A Superintend\u00eancia Regional de Sa\u00fade (SRS) de Montes Claros confirmou na tarde desta sexta-feira (19\/02) que exames comprovaram dois casos de zika v\u00edrus em gestantes do munic\u00edpio. Os casos, segundo a SRS, foram notificados em janeiro, mas somente nesta sexta-feira a Funda\u00e7\u00e3o Ezequiel Dias (Funed), respons\u00e1vel pelos exames, confirmou a suspeita.<\/p>\n<p>Uma for\u00e7a-tarefa para combater o Aedes aegypti, mosquito transmissor da zika, dengue, chikungunya, e ainda da febre amarela, foi iniciada nesta semana na cidade.<\/p>\n<p>De acordo com a SRS, uma reuni\u00e3o vai ser realizada na ter\u00e7a-feira (23), junto \u00e0 Secretaria Municipal de Sa\u00fade, para informar quais \u201cas medidas de apoio e suporte que o estado estar\u00e1 disponibilizando para o munic\u00edpio nas \u00e1reas de aten\u00e7\u00e3o prim\u00e1ria, sa\u00fade da mulher e epidemiologia\u201d. (G1)<\/p>\n","protected":false},"excerpt":{"rendered":"<p>A Superintend\u00eancia Regional de Sa\u00fade (SRS) de Montes Claros confirmou na tarde desta sexta-feira (19\/02) que exames comprovaram dois casos de zika v\u00edrus em gestantes do munic\u00edpio. Os casos, segundo a SRS, foram notificados em janeiro, mas somente nesta sexta-feira a Funda\u00e7\u00e3o Ezequiel Dias (Funed), respons\u00e1vel pelos exames, confirmou a suspeita. Uma for\u00e7a-tarefa para combater [&hellip;]<\/p>\n","protected":false},"author":1,"featured_media":73792,"comment_status":"open","ping_status":"closed","sticky":false,"template":"","format":"standard","meta":{"amp_status":"","footnotes":""},"categories":[1236],"tags":[8952,78386,78387,78388,18737,1344,210,78385,78391,78390,78389,67779,76157],"class_list":["post-79374","post","type-post","status-publish","format-standard","has-post-thumbnail","hentry","category-norte_de_minas","tag-aedes-aegypti","tag-casos-de-zika-virus-em-gravidas","tag-casos-de-zika-virus-em-gravidas-em-montes-claros","tag-casos-de-zika-virus-em-montes-claros","tag-chikungunya","tag-dengue","tag-montes-claros","tag-montes-claros-confirma-dois-casos-de-zika-virus-em-gravidas","tag-mosquito-transmissor-da-chikungunya","tag-mosquito-transmissor-da-dengue","tag-mosquito-transmissor-da-zika","tag-zika","tag-zika-virus-em-montes-claros"],"_links":{"self":[{"href":"https:\/\/aconteceunovale.com.br\/portal\/index.php?rest_route=\/wp\/v2\/posts\/79374","targetHints":{"allow":["GET"]}}],"collection":[{"href":"https:\/\/aconteceunovale.com.br\/portal\/index.php?rest_route=\/wp\/v2\/posts"}],"about":[{"href":"https:\/\/aconteceunovale.com.br\/portal\/index.php?rest_route=\/wp\/v2\/types\/post"}],"author":[{"embeddable":true,"href":"https:\/\/aconteceunovale.com.br\/portal\/index.php?rest_route=\/wp\/v2\/users\/1"}],"replies":[{"embeddable":true,"href":"https:\/\/aconteceunovale.com.br\/portal\/index.php?rest_route=%2Fwp%2Fv2%2Fcomments&post=79374"}],"version-history":[{"count":0,"href":"https:\/\/aconteceunovale.com.br\/portal\/index.php?rest_route=\/wp\/v2\/posts\/79374\/revisions"}],"wp:featuredmedia":[{"embeddable":true,"href":"https:\/\/aconteceunovale.com.br\/portal\/index.php?rest_route=\/wp\/v2\/media\/73792"}],"wp:attachment":[{"href":"https:\/\/aconteceunovale.com.br\/portal\/index.php?rest_route=%2Fwp%2Fv2%2Fmedia&parent=79374"}],"wp:term":[{"taxonomy":"category","embeddable":true,"href":"https:\/\/aconteceunovale.com.br\/portal\/index.php?rest_route=%2Fwp%2Fv2%2Fcategories&post=79374"},{"taxonomy":"post_tag","embeddable":true,"href":"https:\/\/aconteceunovale.com.br\/portal\/index.php?rest_route=%2Fwp%2Fv2%2Ftags&post=79374"}],"curies":[{"name":"wp","href":"https:\/\/api.w.org\/{rel}","templated":true}]}}