{"id":79370,"date":"2016-02-19T19:49:34","date_gmt":"2016-02-19T22:49:34","guid":{"rendered":"http:\/\/aconteceunovale.com.br\/portal\/?p=79370"},"modified":"2016-02-19T19:49:34","modified_gmt":"2016-02-19T22:49:34","slug":"dois-homens-sao-presos-com-varias-armas-de-fogo-e-municoes-em-buritizeiro","status":"publish","type":"post","link":"https:\/\/aconteceunovale.com.br\/portal\/?p=79370","title":{"rendered":"Dois homens s\u00e3o presos com v\u00e1rias armas de fogo e muni\u00e7\u00f5es em Buritizeiro"},"content":{"rendered":"<p>Uma opera\u00e7\u00e3o da Pol\u00edcia Militar (PM) prendeu dois homens, de 18 e 51 anos, e apreendeu uma grande quantidade de armas em Buritizeiro, na regi\u00e3o Norte de Minas Gerais. A a\u00e7\u00e3o ocorreu nesta sexta-feira (19\/02), quando dois mandados de busca e apreens\u00e3o foram cumpridos; um deles no Distrito de Cachoeira da Manteiga.<\/p>\n<p>No Centro da cidade, na Rua Alagoas, Wanderl\u00facio de Almeida Melga\u00e7o, de 51 anos, foi encontrado, e na casa dele foram apreendidas tr\u00eas espingardas e 28 cartuchos de diversos calibres. Ele foi preso e todo material foi entregue na delegacia.<\/p>\n<p>J\u00e1 no distrito, no S\u00edtio Santa Maria, Geraldo Magela de Souza Melga\u00e7o, de 18 anos, foi localizado com um rev\u00f3lver, duas espingardas, uma garrucha de fabrica\u00e7\u00e3o artesanal e 13 cartuchos de v\u00e1rios calibres. O jovem foi preso e o dono do s\u00edtio n\u00e3o foi localizado. Todo o material foi encaminhado \u00e0 delegacia, junto ao autor.<\/p>\n<p><img decoding=\"async\" src=\"http:\/\/aconteceunovale.com.br\/portal\/wp-content\/uploads\/2016\/02\/presos_buritizeiro.jpg\" alt=\"\" \/><em>Opera\u00e7\u00e3o apreendeu diversas armas em Buritizeiro (Foto: Divulga\u00e7\u00e3o\/Pol\u00edcia Militar)<\/em><br \/>\n<\/br><\/p>\n<p>(G1 Grande Minas)<\/p>\n","protected":false},"excerpt":{"rendered":"<p>Uma opera\u00e7\u00e3o da Pol\u00edcia Militar (PM) prendeu dois homens, de 18 e 51 anos, e apreendeu uma grande quantidade de armas em Buritizeiro, na regi\u00e3o Norte de Minas Gerais. A a\u00e7\u00e3o ocorreu nesta sexta-feira (19\/02), quando dois mandados de busca e apreens\u00e3o foram cumpridos; um deles no Distrito de Cachoeira da Manteiga. No Centro da [&hellip;]<\/p>\n","protected":false},"author":1,"featured_media":79371,"comment_status":"open","ping_status":"closed","sticky":false,"template":"","format":"standard","meta":{"amp_status":"","footnotes":""},"categories":[1236],"tags":[78381,78382,1535,78384,78383,78379,78380,78378],"class_list":["post-79370","post","type-post","status-publish","format-standard","has-post-thumbnail","hentry","category-norte_de_minas","tag-apreensao-de-armas-em-buritizeiro","tag-armas-apreendidas-em-buritizeiro","tag-buritizeiro","tag-dois-homens-sao-presos-com-varias-armas-de-fogo-e-municoes-em-buritizeiro","tag-dois-homens-sao-presos-com-varias-armas-e-municoes-em-buritizeiro","tag-geraldo-magela-de-souza-melgaco","tag-presos-em-buritizeiro","tag-wanderlucio-de-almeida-melgaco"],"_links":{"self":[{"href":"https:\/\/aconteceunovale.com.br\/portal\/index.php?rest_route=\/wp\/v2\/posts\/79370","targetHints":{"allow":["GET"]}}],"collection":[{"href":"https:\/\/aconteceunovale.com.br\/portal\/index.php?rest_route=\/wp\/v2\/posts"}],"about":[{"href":"https:\/\/aconteceunovale.com.br\/portal\/index.php?rest_route=\/wp\/v2\/types\/post"}],"author":[{"embeddable":true,"href":"https:\/\/aconteceunovale.com.br\/portal\/index.php?rest_route=\/wp\/v2\/users\/1"}],"replies":[{"embeddable":true,"href":"https:\/\/aconteceunovale.com.br\/portal\/index.php?rest_route=%2Fwp%2Fv2%2Fcomments&post=79370"}],"version-history":[{"count":0,"href":"https:\/\/aconteceunovale.com.br\/portal\/index.php?rest_route=\/wp\/v2\/posts\/79370\/revisions"}],"wp:featuredmedia":[{"embeddable":true,"href":"https:\/\/aconteceunovale.com.br\/portal\/index.php?rest_route=\/wp\/v2\/media\/79371"}],"wp:attachment":[{"href":"https:\/\/aconteceunovale.com.br\/portal\/index.php?rest_route=%2Fwp%2Fv2%2Fmedia&parent=79370"}],"wp:term":[{"taxonomy":"category","embeddable":true,"href":"https:\/\/aconteceunovale.com.br\/portal\/index.php?rest_route=%2Fwp%2Fv2%2Fcategories&post=79370"},{"taxonomy":"post_tag","embeddable":true,"href":"https:\/\/aconteceunovale.com.br\/portal\/index.php?rest_route=%2Fwp%2Fv2%2Ftags&post=79370"}],"curies":[{"name":"wp","href":"https:\/\/api.w.org\/{rel}","templated":true}]}}