{"id":79355,"date":"2016-02-19T18:45:43","date_gmt":"2016-02-19T21:45:43","guid":{"rendered":"http:\/\/aconteceunovale.com.br\/portal\/?p=79355"},"modified":"2016-02-19T18:45:43","modified_gmt":"2016-02-19T21:45:43","slug":"greve-de-motoristas-ameaca-interromper-transporte-de-eucalipto-na-regiao","status":"publish","type":"post","link":"https:\/\/aconteceunovale.com.br\/portal\/?p=79355","title":{"rendered":"Greve de motoristas amea\u00e7a interromper transporte de eucalipto na regi\u00e3o"},"content":{"rendered":"<p>Os motoristas que trabalham para a Transportadora S\u00e3o Jos\u00e9 de Capivari, no transporte de eucalipto para a empresa Suzano decidiram entrar em greve por tempo indeterminado. A decis\u00e3o ocorreu ap\u00f3s in\u00fameras tentativas frustradas, exig\u00eancias n\u00e3o cumpridas pela empresa, e o clima de insatisfa\u00e7\u00e3o dos trabalhadores que, cobram a regulariza\u00e7\u00e3o trabalhista e condi\u00e7\u00f5es de seguran\u00e7a no exerc\u00edcio de suas fun\u00e7\u00f5es no transporte rodovi\u00e1rio. De acordo com o presidente do Sindicato dos Trabalhadores em Transportes Rodovi\u00e1rios de Te\u00f3filo Otoni e Regi\u00e3o, Jos\u00e9 Carlos Melo dos Anjos, no in\u00edcio deste m\u00eas houve o indicativo de greve dos profissionais, para que se chegasse a um acordo entre as partes. Para tal, foi estipulado judicialmente um prazo para que a empresa adequasse ao pagamento dos funcion\u00e1rios e as normas de seguran\u00e7a ora exigidas, data expirada no \u00faltimo dia 11 de fevereiro.<\/p>\n<p>Segundo ele, os profissionais aguardaram a resposta, ou melhor, cumprimento integral das exig\u00eancias, algo que n\u00e3o se concretizou, culminando com a deflagra\u00e7\u00e3o da greve dos motoristas por tempo indeterminado.<\/p>\n<p>\u201cCom a greve dos motoristas haver\u00e1 um preju\u00edzo para a empresa, a Suzano, j\u00e1 que o eucalipto \u00e9 a mat\u00e9ria-prima para a produ\u00e7\u00e3o da celulose\u201d, afirmou.<\/p>\n<p>Segundo Melo, diante dos constantes atrasos nos pagamentos de sal\u00e1rios, n\u00e3o pagamento das f\u00e9rias, 13\u00b0 sal\u00e1rios, diferen\u00e7as salariais de 2015, falta de recolhimento de FGTS e viagem realizadas em ve\u00edculos com condi\u00e7\u00f5es prec\u00e1rias, a situa\u00e7\u00e3o chegou a um ponto insustent\u00e1vel.<\/p>\n<p>Por sinal, pelo que foi apurado, a empresa S\u00e3o Jos\u00e9 n\u00e3o teria a garantia (financeira) para cumprimento do acordo trabalhista firmado entre empresa e sindicato, que culminou com a paralisa\u00e7\u00e3o dos funcion\u00e1rios. Diante do cen\u00e1rio, que antev\u00ea a impossibilidade, incapacidade da empresa S\u00e3o Jos\u00e9 arcar com os valores e cumprimentos trabalhistas, o jur\u00eddico do Sindicato dos Trabalhadores em Transportes Rodovi\u00e1rios, estuda a possibilidade de cobrar a Suzano, para que a mesma assuma a responsabilidade de quitar os trabalhadores da empresa.<\/p>\n<p><img decoding=\"async\" src=\"http:\/\/aconteceunovale.com.br\/portal\/wp-content\/uploads\/2016\/02\/greve_sao_jose_teo_1.jpg\" alt=\"\" \/><em>Os motoristas que trabalham para a empresa Transportadora S\u00e3o Jos\u00e9 de Capivari no transporte de madeira para a empresa Suzano decidiram entrar em greve &#8211; Foto: Di\u00e1rio de Te\u00f3filo Otoni<\/em><br \/>\n<\/br><\/p>\n<p><img decoding=\"async\" src=\"http:\/\/aconteceunovale.com.br\/portal\/wp-content\/uploads\/2016\/02\/greve_sao_jose_teo_2.jpg\" alt=\"\" \/><em>De acordo com o presidente do Sindicato dos Trabalhadores em Transportes Rodovi\u00e1rios, Jos\u00e9 Carlos Melo dos Anjos, a Suzano ser\u00e1 acionada sobre o cumprimento das exig\u00eancias trabalhistas e de seguran\u00e7a dos funcion\u00e1rios &#8211; Foto: Di\u00e1rio de Te\u00f3filo Otoni<\/em><br \/>\n<\/br><\/p>\n<p><img decoding=\"async\" src=\"http:\/\/aconteceunovale.com.br\/portal\/wp-content\/uploads\/2016\/02\/greve_sao_jose_teo_3.jpg\" alt=\"\" \/><em>Os trabalhadores rodovi\u00e1rios contratados para o transporte de eucalipto para a Suzano, empresa do interior paulista, anunciaram a paralisa\u00e7\u00e3o por tempo indeterminado &#8211; Foto: Di\u00e1rio de Te\u00f3filo Otoni<\/em><br \/>\n<\/br><\/p>\n<p>(Di\u00e1rio de Te\u00f3filo Otoni)<\/p>\n","protected":false},"excerpt":{"rendered":"<p>Os motoristas que trabalham para a Transportadora S\u00e3o Jos\u00e9 de Capivari, no transporte de eucalipto para a empresa Suzano decidiram entrar em greve por tempo indeterminado. A decis\u00e3o ocorreu ap\u00f3s in\u00fameras tentativas frustradas, exig\u00eancias n\u00e3o cumpridas pela empresa, e o clima de insatisfa\u00e7\u00e3o dos trabalhadores que, cobram a regulariza\u00e7\u00e3o trabalhista e condi\u00e7\u00f5es de seguran\u00e7a no [&hellip;]<\/p>\n","protected":false},"author":1,"featured_media":79356,"comment_status":"open","ping_status":"closed","sticky":false,"template":"","format":"standard","meta":{"amp_status":"","footnotes":""},"categories":[122],"tags":[379,1018,78356,78349,78351,78350,78352,78354,78353,75509,164,78348,78355],"class_list":["post-79355","post","type-post","status-publish","format-standard","has-post-thumbnail","hentry","category-mucuri","tag-capivari","tag-destaque","tag-greve-de-motoristas-ameaca-interromper-transporte-de-eucalipto-na-regiao","tag-greve-motoristas-transportadora-sao-jose","tag-greve-transportadora-da-suzano","tag-greve-transportadora-sao-jose","tag-greve-transporte-eucalipto-suzano","tag-jose-carlos-melo-dos-anjos","tag-sindicato-dos-trabalhadores-em-transportes-rodoviarios-de-teofilo-otoni-e-regiao","tag-suzano","tag-teofilo-otoni","tag-transportadora-sao-jose","tag-transportadora-sao-jose-de-capivari"],"_links":{"self":[{"href":"https:\/\/aconteceunovale.com.br\/portal\/index.php?rest_route=\/wp\/v2\/posts\/79355","targetHints":{"allow":["GET"]}}],"collection":[{"href":"https:\/\/aconteceunovale.com.br\/portal\/index.php?rest_route=\/wp\/v2\/posts"}],"about":[{"href":"https:\/\/aconteceunovale.com.br\/portal\/index.php?rest_route=\/wp\/v2\/types\/post"}],"author":[{"embeddable":true,"href":"https:\/\/aconteceunovale.com.br\/portal\/index.php?rest_route=\/wp\/v2\/users\/1"}],"replies":[{"embeddable":true,"href":"https:\/\/aconteceunovale.com.br\/portal\/index.php?rest_route=%2Fwp%2Fv2%2Fcomments&post=79355"}],"version-history":[{"count":0,"href":"https:\/\/aconteceunovale.com.br\/portal\/index.php?rest_route=\/wp\/v2\/posts\/79355\/revisions"}],"wp:featuredmedia":[{"embeddable":true,"href":"https:\/\/aconteceunovale.com.br\/portal\/index.php?rest_route=\/wp\/v2\/media\/79356"}],"wp:attachment":[{"href":"https:\/\/aconteceunovale.com.br\/portal\/index.php?rest_route=%2Fwp%2Fv2%2Fmedia&parent=79355"}],"wp:term":[{"taxonomy":"category","embeddable":true,"href":"https:\/\/aconteceunovale.com.br\/portal\/index.php?rest_route=%2Fwp%2Fv2%2Fcategories&post=79355"},{"taxonomy":"post_tag","embeddable":true,"href":"https:\/\/aconteceunovale.com.br\/portal\/index.php?rest_route=%2Fwp%2Fv2%2Ftags&post=79355"}],"curies":[{"name":"wp","href":"https:\/\/api.w.org\/{rel}","templated":true}]}}