{"id":79059,"date":"2016-02-16T18:24:09","date_gmt":"2016-02-16T21:24:09","guid":{"rendered":"http:\/\/aconteceunovale.com.br\/portal\/?p=79059"},"modified":"2016-02-16T18:24:09","modified_gmt":"2016-02-16T21:24:09","slug":"aviao-faz-pouso-forcado-em-rodovia-no-interior-de-sao-paulo","status":"publish","type":"post","link":"https:\/\/aconteceunovale.com.br\/portal\/?p=79059","title":{"rendered":"Avi\u00e3o faz pouso for\u00e7ado em rodovia no interior de S\u00e3o Paulo"},"content":{"rendered":"<p>Um avi\u00e3o bimotor fez um pouso for\u00e7ado na regi\u00e3o de Igarat\u00e1, interior de S\u00e3o Paulo, ap\u00f3s apresentar problemas que o fizeram parar de voar. O c\u00f3digo de emerg\u00eancia foi acionado por volta das 15 horas desta ter\u00e7a-feira (16\/02).<\/p>\n<p>Em queda, a aeronave de pequeno porte conseguiu fazer um pouso for\u00e7ado. Os tr\u00eas ocupantes tiveram apenas ferimentos leves. O avi\u00e3o bloqueou uma faixa da Rodovia Prefeito Joaquim Sim\u00e3o (SP-056), na altura do quil\u00f4metro 65.<\/p>\n<p>Com o prefixo PT-WZA, o bimotor havia decolado do Aeroporto de Jacarepagu\u00e1, no Rio de Janeiro e tinha como destino o Aeroporto Campo de Marte, na zona norte de S\u00e3o Paulo.<\/p>\n<p>O Centro de Investiga\u00e7\u00e3o e Preven\u00e7\u00e3o de Acidentes Aeron\u00e1uticos (CENIPA) j\u00e1 iniciou as investiga\u00e7\u00f5es para averiguar as causas do acidente. A aeronave pertence a uma empresa do setor agropecu\u00e1rio.<\/p>\n<p><strong>C\u00e2mera de seguran\u00e7a registrou o pouso:<\/strong><\/p>\n<p><iframe loading=\"lazy\" width=\"640\" height=\"360\" src=\"https:\/\/www.youtube.com\/embed\/7nnN-kATJeI\" frameborder=\"0\" allowfullscreen><\/iframe><br \/>\n<\/br><\/p>\n<p><img decoding=\"async\" src=\"http:\/\/aconteceunovale.com.br\/portal\/wp-content\/uploads\/2016\/02\/pouso_forcado_sp_1.jpg\" alt=\"\" \/><em>Pouso for\u00e7ado no interior de S\u00e3o Paulo &#8211; Foto: Reprodu\u00e7\u00e3o \/ Jovem Pan<\/em><br \/>\n<\/br><\/p>\n<p><img decoding=\"async\" src=\"http:\/\/aconteceunovale.com.br\/portal\/wp-content\/uploads\/2016\/02\/pouso_forcado_sp_2.jpg\" alt=\"\" \/><em>Pouso for\u00e7ado no interior de S\u00e3o Paulo &#8211; Foto: Reprodu\u00e7\u00e3o \/ Jovem Pan<\/em><br \/>\n<\/br><\/p>\n<p><img decoding=\"async\" src=\"http:\/\/aconteceunovale.com.br\/portal\/wp-content\/uploads\/2016\/02\/pouso_forcado_sp_3.jpg\" alt=\"\" \/><em>Pouso for\u00e7ado no interior de S\u00e3o Paulo &#8211; Foto: Reprodu\u00e7\u00e3o \/ Jovem Pan<\/em><br \/>\n<\/br><\/p>\n<p><img decoding=\"async\" src=\"http:\/\/aconteceunovale.com.br\/portal\/wp-content\/uploads\/2016\/02\/pouso_forcado_sp_4.jpg\" alt=\"\" \/><em>Pouso for\u00e7ado no interior de S\u00e3o Paulo &#8211; Foto: Reprodu\u00e7\u00e3o \/ Jovem Pan<\/em><br \/>\n<\/br><\/p>\n<p><em>(Fonte: Jovem Pan)<\/em><\/p>\n","protected":false},"excerpt":{"rendered":"<p>Um avi\u00e3o bimotor fez um pouso for\u00e7ado na regi\u00e3o de Igarat\u00e1, interior de S\u00e3o Paulo, ap\u00f3s apresentar problemas que o fizeram parar de voar. O c\u00f3digo de emerg\u00eancia foi acionado por volta das 15 horas desta ter\u00e7a-feira (16\/02). Em queda, a aeronave de pequeno porte conseguiu fazer um pouso for\u00e7ado. Os tr\u00eas ocupantes tiveram apenas [&hellip;]<\/p>\n","protected":false},"author":1,"featured_media":79063,"comment_status":"open","ping_status":"closed","sticky":false,"template":"","format":"standard","meta":{"amp_status":"","footnotes":""},"categories":[6],"tags":[77700,77692,77698,77693,77695,77694,77697,77699,77696],"class_list":["post-79059","post","type-post","status-publish","format-standard","has-post-thumbnail","hentry","category-br","tag-aviao-faz-pouso-forcado-em-rodovia-no-interior-de-sao-paulo","tag-igarata","tag-jacarepagua","tag-pouso-forcado-em-igarata","tag-pouso-forcado-em-rodovia-de-sao-paulo","tag-pouso-forcado-em-sao-paulo","tag-pouso-forcado-na-rodovia-prefeito-joaquim-simao","tag-pouso-forcado-no-interior-de-sao-paulo","tag-rodovia-prefeito-joaquim-simao"],"_links":{"self":[{"href":"https:\/\/aconteceunovale.com.br\/portal\/index.php?rest_route=\/wp\/v2\/posts\/79059","targetHints":{"allow":["GET"]}}],"collection":[{"href":"https:\/\/aconteceunovale.com.br\/portal\/index.php?rest_route=\/wp\/v2\/posts"}],"about":[{"href":"https:\/\/aconteceunovale.com.br\/portal\/index.php?rest_route=\/wp\/v2\/types\/post"}],"author":[{"embeddable":true,"href":"https:\/\/aconteceunovale.com.br\/portal\/index.php?rest_route=\/wp\/v2\/users\/1"}],"replies":[{"embeddable":true,"href":"https:\/\/aconteceunovale.com.br\/portal\/index.php?rest_route=%2Fwp%2Fv2%2Fcomments&post=79059"}],"version-history":[{"count":0,"href":"https:\/\/aconteceunovale.com.br\/portal\/index.php?rest_route=\/wp\/v2\/posts\/79059\/revisions"}],"wp:featuredmedia":[{"embeddable":true,"href":"https:\/\/aconteceunovale.com.br\/portal\/index.php?rest_route=\/wp\/v2\/media\/79063"}],"wp:attachment":[{"href":"https:\/\/aconteceunovale.com.br\/portal\/index.php?rest_route=%2Fwp%2Fv2%2Fmedia&parent=79059"}],"wp:term":[{"taxonomy":"category","embeddable":true,"href":"https:\/\/aconteceunovale.com.br\/portal\/index.php?rest_route=%2Fwp%2Fv2%2Fcategories&post=79059"},{"taxonomy":"post_tag","embeddable":true,"href":"https:\/\/aconteceunovale.com.br\/portal\/index.php?rest_route=%2Fwp%2Fv2%2Ftags&post=79059"}],"curies":[{"name":"wp","href":"https:\/\/api.w.org\/{rel}","templated":true}]}}