{"id":79043,"date":"2016-02-16T17:52:11","date_gmt":"2016-02-16T20:52:11","guid":{"rendered":"http:\/\/aconteceunovale.com.br\/portal\/?p=79043"},"modified":"2016-02-16T22:53:00","modified_gmt":"2016-02-17T01:53:00","slug":"camisa-para-ser-lavada-pela-esposa-gera-polemica-nas-redes-sociais","status":"publish","type":"post","link":"https:\/\/aconteceunovale.com.br\/portal\/?p=79043","title":{"rendered":"Camisa para \u201cser lavada pela esposa\u201d gera pol\u00eamica nas redes sociais"},"content":{"rendered":"<p>O lan\u00e7amento da nova linha de uniformes de um clube pode expor o machismo que persiste no futebol? Para um grupo de torcedoras do Atl\u00e9tico Mineiro, sim. Tanto que na madrugada de hoje (16\/02), elas resolveram expressar sua indigna\u00e7\u00e3o e soltaram uma nota de rep\u00fadio condenando o tratamento de mulheres de &#8220;maneira objetificada e apelativa, em um evento de finalidade esportiva&#8221;. Elas tamb\u00e9m afirmam que &#8220;o clube se mostra excludente com as mulheres torcedoras &#8211; e consumidoras &#8211; e passivo em rela\u00e7\u00e3o a atitudes machistas dentro e fora do est\u00e1dio&#8221;.<\/p>\n<p>Na noite dessa segunda-feira (15\/02), o Atl\u00e9tico realizou, em Belo Horizonte, o lan\u00e7amento oficial de suas novas camisas, desenvolvidas pela empresa DryWorld. O evento contou com a presen\u00e7a de modelos mulheres, homens e crian\u00e7as, contratados para promover a nova linha esportiva do time. O que gerou revolta das 21 atleticanas que assinaram o texto foi que apenas as mulheres desfilaram em trajes de banho e roupas \u00edntimas, &#8220;tratadas como pe\u00e7a de enfeite de est\u00e1dio, encomendadas para agradar o p\u00fablico masculino&#8221;, na avalia\u00e7\u00e3o das torcedoras.<\/p>\n<p>O desfile acabou sendo o estopim para uma s\u00e9rie de questionamentos das alvinegras, que v\u00e3o desde a disponibilidade e variedade de produtos da linha feminina em lojas oficiais at\u00e9 a representatividade feminina na c\u00fapula do clube. As autoras da nota de rep\u00fadio afirmam que as mulheres, &#8220;como consumidoras, sentem-se muitas vezes ignoradas pela diretoria do Atl\u00e9tico&#8221; e cobram um pedido de desculpas, al\u00e9m de a\u00e7\u00f5es afirmativas, como a inclus\u00e3o de mais mulheres nos departamentos do clube.<\/p>\n<p><img decoding=\"async\" src=\"http:\/\/aconteceunovale.com.br\/portal\/wp-content\/uploads\/2016\/02\/nova_camisa_galo_1.jpeg\" alt=\"\" \/><em>Pol\u00eamica com nova camisa do Galo &#8211; Foto: Bruno Cantini \/ Divulga\u00e7\u00e3o Atl\u00e9tico<\/em><br \/>\n<\/br><\/p>\n<p>Para uma das signat\u00e1rias do texto Roberta Oliveira, a carta, postada em um blog de torcedores, foi uma rea\u00e7\u00e3o \u00e0 postura do clube, \u201cque deixa sempre a desejar na quest\u00e3o do relacionamento com as mulheres torcedoras\u201d. Para Roberta, a insatisfa\u00e7\u00e3o com as a\u00e7\u00f5es de clubes \u00e9 antiga e o evento desencadeou a resposta. \u201cSe elas [modelos] tivessem utilizando o uniforme do clube no desfile, a rea\u00e7\u00e3o seria diferente. O clube n\u00e3o desenvolve produtos femininos para serem comercializados\u201d. <\/p>\n<p>A Torcida Galo Marx tamb\u00e9m manifestou-se contra a atitude do Galo. Em nota, o grupo de torcedores afirma que \u201cos corpos das mulheres atleticanas, representados nas modelos que trajavam as camisas ditas femininas e calcinhas, n\u00e3o s\u00e3o mercadorias, objetos de consumo ou parte do espet\u00e1culo grotesco que visa reafirmar o futebol como espa\u00e7o masculino\u201d. Luara Ramos, membro da torcida, afirma que a luta do grupo \u00e9 pela democratiza\u00e7\u00e3o do futebol, que tamb\u00e9m inclui a igualdade de g\u00eanero.<\/p>\n<p><img decoding=\"async\" src=\"http:\/\/aconteceunovale.com.br\/portal\/wp-content\/uploads\/2016\/02\/nova_camisa_galo_2.jpeg\" alt=\"\" \/><em>Pol\u00eamica com nova camisa do Galo &#8211; Foto: Reprodu\u00e7\u00e3o \/ Redes Sociais<\/em><br \/>\n<\/br><\/p>\n<p>As torcedoras reclamam do machismo presente no universo do futebol. \u201cEles acham que a mulher n\u00e3o tem o direito de gostar do futebol\u201d, afirma Roberta Oliveira.  Ela diz que nos est\u00e1dios, as mulheres est\u00e3o expostas a todo tipo de agress\u00e3o, sexual e f\u00edsica, e que isto afasta as torcedoras dos clubes. Para Luara, o futebol \u00e9 reflexo da sociedade machista. \u201cDefendemos que as torcedoras tenham mais espa\u00e7o dentro do pr\u00f3prio clube, para se sentirem mais representadas.&#8221; <\/p>\n<p><strong>Para o clube, n\u00e3o h\u00e1 porque mudar<\/strong><\/p>\n<p>A assessoria de imprensa do Atl\u00e9tico Mineiro disse n\u00e3o ver raz\u00e3o para a pol\u00eamica e que nenhum dirigente daria entrevista. A assessoria apenas reproduziu uma fala do diretor de comunica\u00e7\u00e3o do clube, Dom\u00eanico Bhering, para outros ve\u00edculos de comunica\u00e7\u00e3o. &#8220;O Atl\u00e9tico respeita o direito democr\u00e1tico das pessoas de discordarem, mas isso n\u00e3o significa que temos que concordar com as cr\u00edticas. N\u00e3o iremos responder a isso. N\u00e3o houve excesso nem atitude machista. Mas refor\u00e7amos o direito de cr\u00edticas e elogios. H\u00e1 quinze anos agimos dessa forma, e essa foi a festa mais elogiada. N\u00e3o h\u00e1 porque mudar algo que vem dando certo h\u00e1 esse tempo&#8221;, concluiu o diretor.<\/p>\n<p><strong>Novas pol\u00eamicas<\/strong><\/p>\n<p>Nesta ter\u00e7a, circularam nas redes sociais imagens de etiquetas de uma pe\u00e7a produzida pela DryWorld para o Atl\u00e9tico Mineiro que continha na indica\u00e7\u00e3o de lavagem a seguinte instru\u00e7\u00e3o em ingl\u00eas &#8220;give it to your wife&#8221;, que significaria &#8220;entregue para sua esposa [lavar]&#8221;. A men\u00e7\u00e3o tamb\u00e9m foi repudiada pelos torcedores na internet por a considerarem machista.<\/p>\n<p>Em nota, a empresa pediu desculpas aos torcedores e afirmou que a pe\u00e7a n\u00e3o havia sido aprovada pela empresa e foi distribu\u00edda erroneamente e que &#8220;precau\u00e7\u00f5es foram tomadas para evitar que este tipo erro aconte\u00e7a novamente&#8221;.<\/p>\n<p><img decoding=\"async\" src=\"http:\/\/aconteceunovale.com.br\/portal\/wp-content\/uploads\/2016\/02\/nova_camisa_galo_3.jpeg\" alt=\"\" \/><em>Pol\u00eamica com nova camisa do Galo &#8211; Foto: Bruno Cantini \/ Divulga\u00e7\u00e3o Atl\u00e9tico<\/em><br \/>\n<\/br><\/p>\n<p><img decoding=\"async\" src=\"http:\/\/aconteceunovale.com.br\/portal\/wp-content\/uploads\/2016\/02\/nova_camisa_galo_4.jpeg\" alt=\"\" \/><em>Pol\u00eamica com nova camisa do Galo &#8211; Foto: Bruno Cantini \/ Divulga\u00e7\u00e3o Atl\u00e9tico<\/em><br \/>\n<\/br><\/p>\n<p><img decoding=\"async\" src=\"http:\/\/aconteceunovale.com.br\/portal\/wp-content\/uploads\/2016\/02\/camisa_galo_1.jpg\" alt=\"\" \/><em>Pol\u00eamica com nova camisa do Galo &#8211; Foto: Bruno Cantini \/ Divulga\u00e7\u00e3o Atl\u00e9tico<\/em><br \/>\n<\/br><\/p>\n<p><img decoding=\"async\" src=\"http:\/\/aconteceunovale.com.br\/portal\/wp-content\/uploads\/2016\/02\/camisa_galo_2.jpg\" alt=\"\" \/><em>Pol\u00eamica com nova camisa do Galo &#8211; Foto: Bruno Cantini \/ Divulga\u00e7\u00e3o Atl\u00e9tico<\/em><br \/>\n<\/br><\/p>\n<p><img decoding=\"async\" src=\"http:\/\/aconteceunovale.com.br\/portal\/wp-content\/uploads\/2016\/02\/camisa_galo_3.jpg\" alt=\"\" \/><em>Pol\u00eamica com nova camisa do Galo &#8211; Foto: Bruno Cantini \/ Divulga\u00e7\u00e3o Atl\u00e9tico<\/em><br \/>\n<\/br><\/p>\n<p><img decoding=\"async\" src=\"http:\/\/aconteceunovale.com.br\/portal\/wp-content\/uploads\/2016\/02\/camisa_galo_4.jpg\" alt=\"\" \/><em>Pol\u00eamica com nova camisa do Galo &#8211; Foto: Bruno Cantini \/ Divulga\u00e7\u00e3o Atl\u00e9tico<\/em><br \/>\n<\/br><\/p>\n<p><img decoding=\"async\" src=\"http:\/\/aconteceunovale.com.br\/portal\/wp-content\/uploads\/2016\/02\/camisa_galo_5.jpg\" alt=\"\" \/><em>Pol\u00eamica com nova camisa do Galo &#8211; Foto: Bruno Cantini \/ Divulga\u00e7\u00e3o Atl\u00e9tico<\/em><br \/>\n<\/br><\/p>\n<p><img decoding=\"async\" src=\"http:\/\/aconteceunovale.com.br\/portal\/wp-content\/uploads\/2016\/02\/camisa_galo_6.jpg\" alt=\"\" \/><em>Pol\u00eamica com nova camisa do Galo &#8211; Foto: Bruno Cantini \/ Divulga\u00e7\u00e3o Atl\u00e9tico<\/em><br \/>\n<\/br><\/p>\n<p><img decoding=\"async\" src=\"http:\/\/aconteceunovale.com.br\/portal\/wp-content\/uploads\/2016\/02\/camisa_galo_7.jpg\" alt=\"\" \/><em>Pol\u00eamica com nova camisa do Galo &#8211; Foto: Bruno Cantini \/ Divulga\u00e7\u00e3o Atl\u00e9tico<\/em><br \/>\n<\/br><\/p>\n<p><img decoding=\"async\" src=\"http:\/\/aconteceunovale.com.br\/portal\/wp-content\/uploads\/2016\/02\/camisa_galo_8.jpg\" alt=\"\" \/><em>Pol\u00eamica com nova camisa do Galo &#8211; Foto: Bruno Cantini \/ Divulga\u00e7\u00e3o Atl\u00e9tico<\/em><br \/>\n<\/br><\/p>\n<p><em>(Fonte: Ag\u00eancia Brasil)<\/em><\/p>\n","protected":false},"excerpt":{"rendered":"<p>O lan\u00e7amento da nova linha de uniformes de um clube pode expor o machismo que persiste no futebol? Para um grupo de torcedoras do Atl\u00e9tico Mineiro, sim. Tanto que na madrugada de hoje (16\/02), elas resolveram expressar sua indigna\u00e7\u00e3o e soltaram uma nota de rep\u00fadio condenando o tratamento de mulheres de &#8220;maneira objetificada e apelativa, [&hellip;]<\/p>\n","protected":false},"author":1,"featured_media":79047,"comment_status":"open","ping_status":"closed","sticky":false,"template":"","format":"standard","meta":{"amp_status":"","footnotes":""},"categories":[59,123],"tags":[12311,2741,77691,77690,1018,77681,1252,21232,12312,77680,42440,77764,77765,77688,77686,77689,77687,77683,77682,77684,77685],"class_list":["post-79043","post","type-post","status-publish","format-standard","has-post-thumbnail","hentry","category-sports","category-gerais","tag-atletico","tag-atletico-mineiro","tag-camisa-para-ser-lavada-pela-esposa","tag-camisa-para-ser-lavada-pela-esposa-gera-polemica-nas-redes-sociais","tag-destaque","tag-dryworld","tag-esporte","tag-futebol","tag-galo","tag-give-it-to-your-wife","tag-machismo","tag-machismo-em-lancamento-de-camisa-do-atletico","tag-machismo-em-lancamento-de-camisa-do-galo","tag-nova-camisa-do-atletico","tag-nova-camisa-do-atletico-mineiro","tag-nova-camisa-do-atletico-mg","tag-nova-camisa-do-galo","tag-polemica-com-nova-camisa-do-atletico","tag-polemica-com-nova-camisa-do-atletico-mineiro","tag-polemica-com-nova-camisa-do-atletico-mg","tag-polemica-com-nova-camisa-do-galo"],"_links":{"self":[{"href":"https:\/\/aconteceunovale.com.br\/portal\/index.php?rest_route=\/wp\/v2\/posts\/79043","targetHints":{"allow":["GET"]}}],"collection":[{"href":"https:\/\/aconteceunovale.com.br\/portal\/index.php?rest_route=\/wp\/v2\/posts"}],"about":[{"href":"https:\/\/aconteceunovale.com.br\/portal\/index.php?rest_route=\/wp\/v2\/types\/post"}],"author":[{"embeddable":true,"href":"https:\/\/aconteceunovale.com.br\/portal\/index.php?rest_route=\/wp\/v2\/users\/1"}],"replies":[{"embeddable":true,"href":"https:\/\/aconteceunovale.com.br\/portal\/index.php?rest_route=%2Fwp%2Fv2%2Fcomments&post=79043"}],"version-history":[{"count":0,"href":"https:\/\/aconteceunovale.com.br\/portal\/index.php?rest_route=\/wp\/v2\/posts\/79043\/revisions"}],"wp:featuredmedia":[{"embeddable":true,"href":"https:\/\/aconteceunovale.com.br\/portal\/index.php?rest_route=\/wp\/v2\/media\/79047"}],"wp:attachment":[{"href":"https:\/\/aconteceunovale.com.br\/portal\/index.php?rest_route=%2Fwp%2Fv2%2Fmedia&parent=79043"}],"wp:term":[{"taxonomy":"category","embeddable":true,"href":"https:\/\/aconteceunovale.com.br\/portal\/index.php?rest_route=%2Fwp%2Fv2%2Fcategories&post=79043"},{"taxonomy":"post_tag","embeddable":true,"href":"https:\/\/aconteceunovale.com.br\/portal\/index.php?rest_route=%2Fwp%2Fv2%2Ftags&post=79043"}],"curies":[{"name":"wp","href":"https:\/\/api.w.org\/{rel}","templated":true}]}}