{"id":78789,"date":"2016-02-13T17:41:12","date_gmt":"2016-02-13T20:41:12","guid":{"rendered":"http:\/\/aconteceunovale.com.br\/portal\/?p=78789"},"modified":"2016-02-13T17:59:20","modified_gmt":"2016-02-13T20:59:20","slug":"america-de-teofilo-otoni-estreia-neste-domingo-no-modulo-ii-do-campeonato-mineiro","status":"publish","type":"post","link":"https:\/\/aconteceunovale.com.br\/portal\/?p=78789","title":{"rendered":"Am\u00e9rica de Te\u00f3filo Otoni estreia neste domingo no m\u00f3dulo II do Campeonato Mineiro"},"content":{"rendered":"<p>O Am\u00e9rica de Te\u00f3filo Otoni estreia neste domingo (14\/02) no M\u00f3dulo II do Campeonato Mineiro 2016. O representante do Vale do Mucuri enfrenta o Ipatinga, \u00e0s 10 horas da manh\u00e3, no est\u00e1dio Nassri Mattar. <\/p>\n<p>As duas equipes realizaram treinos t\u00e1ticos nessa sexta-feira, 12. E no s\u00e1bado, 13, finalizaram a prepara\u00e7\u00e3o com um treino recreativo antes da partida. <\/p>\n<p>A prov\u00e1vel escala\u00e7\u00e3o do time titular do Am\u00e9rica \u00e9 Doni; Daniel (Andr\u00e9), Renan, C\u00e9lio Lima, Rodrigo Barata; Bob, Luizinho, Matheus Gonzaga; Lucas Barata, Juninho, Michael Paulista. E Luiz Ant\u00f4nio \u00e9 o t\u00e9cnico do Mec\u00e3o. <\/p>\n<p>E o Ipatinga relacionou 19 atletas para a partida, mas a prov\u00e1vel equipe titular \u00e9 Gustavo; M\u00e1rcio Gabriel, Kibinho, Rodrig\u00e3o, Denilson; Igor, Giovane, Daniel, Parr\u00e3o, Gustavo Lima; Chalita. E quem vai comandar a equipe do Tigre na beira do gramado \u00e9 o t\u00e9cnico Wasterdeyle Lima. <\/p>\n<p>O \u00e1rbitro do jogo \u00e9 o Leonardo Rotondo Pinto e seus assistentes s\u00e3o Marcelo Giovani Bertolini de Souza e Marco Ant\u00f4nio da Silva.<\/p>\n<p><img decoding=\"async\" src=\"http:\/\/aconteceunovale.com.br\/portal\/wp-content\/uploads\/2016\/02\/america_teo_ipa.jpg\" alt=\"\" \/><em>Jogadores do Am\u00e9rica prontos para enfrentar o Ipatinga (Foto: Victor Morici \/ Arquivo Pessoal)<\/em><br \/>\n<\/br><\/p>\n<p>(R\u00e1dio Te\u00f3filo Otoni)<\/p>\n","protected":false},"excerpt":{"rendered":"<p>O Am\u00e9rica de Te\u00f3filo Otoni estreia neste domingo (14\/02) no M\u00f3dulo II do Campeonato Mineiro 2016. O representante do Vale do Mucuri enfrenta o Ipatinga, \u00e0s 10 horas da manh\u00e3, no est\u00e1dio Nassri Mattar. As duas equipes realizaram treinos t\u00e1ticos nessa sexta-feira, 12. E no s\u00e1bado, 13, finalizaram a prepara\u00e7\u00e3o com um treino recreativo antes [&hellip;]<\/p>\n","protected":false},"author":1,"featured_media":78790,"comment_status":"open","ping_status":"closed","sticky":false,"template":"","format":"standard","meta":{"amp_status":"","footnotes":""},"categories":[59,122],"tags":[2064,77236,77238,75827,77235,201,77237,77234,164],"class_list":["post-78789","post","type-post","status-publish","format-standard","has-post-thumbnail","hentry","category-sports","category-mucuri","tag-america-de-teofilo-otoni","tag-america-de-teofilo-otoni-e-ipatinga","tag-america-de-teofilo-otoni-estreia-neste-domingo-no-modulo-ii-do-campeonato-mineiro","tag-campeonato-mineiro-2016","tag-campeonato-mineiro-2016-modulo-ii","tag-ipatinga","tag-jogo-entre-america-de-teofilo-otoni-e-ipatinga","tag-modulo-ii-do-campeonato-mineiro-2016","tag-teofilo-otoni"],"_links":{"self":[{"href":"https:\/\/aconteceunovale.com.br\/portal\/index.php?rest_route=\/wp\/v2\/posts\/78789","targetHints":{"allow":["GET"]}}],"collection":[{"href":"https:\/\/aconteceunovale.com.br\/portal\/index.php?rest_route=\/wp\/v2\/posts"}],"about":[{"href":"https:\/\/aconteceunovale.com.br\/portal\/index.php?rest_route=\/wp\/v2\/types\/post"}],"author":[{"embeddable":true,"href":"https:\/\/aconteceunovale.com.br\/portal\/index.php?rest_route=\/wp\/v2\/users\/1"}],"replies":[{"embeddable":true,"href":"https:\/\/aconteceunovale.com.br\/portal\/index.php?rest_route=%2Fwp%2Fv2%2Fcomments&post=78789"}],"version-history":[{"count":0,"href":"https:\/\/aconteceunovale.com.br\/portal\/index.php?rest_route=\/wp\/v2\/posts\/78789\/revisions"}],"wp:featuredmedia":[{"embeddable":true,"href":"https:\/\/aconteceunovale.com.br\/portal\/index.php?rest_route=\/wp\/v2\/media\/78790"}],"wp:attachment":[{"href":"https:\/\/aconteceunovale.com.br\/portal\/index.php?rest_route=%2Fwp%2Fv2%2Fmedia&parent=78789"}],"wp:term":[{"taxonomy":"category","embeddable":true,"href":"https:\/\/aconteceunovale.com.br\/portal\/index.php?rest_route=%2Fwp%2Fv2%2Fcategories&post=78789"},{"taxonomy":"post_tag","embeddable":true,"href":"https:\/\/aconteceunovale.com.br\/portal\/index.php?rest_route=%2Fwp%2Fv2%2Ftags&post=78789"}],"curies":[{"name":"wp","href":"https:\/\/api.w.org\/{rel}","templated":true}]}}