{"id":78714,"date":"2016-02-12T16:51:43","date_gmt":"2016-02-12T19:51:43","guid":{"rendered":"http:\/\/aconteceunovale.com.br\/portal\/?p=78714"},"modified":"2016-02-12T16:51:43","modified_gmt":"2016-02-12T19:51:43","slug":"bombeiros-resgatam-vaca-que-caiu-dentro-de-cisterna-em-governador-valadares","status":"publish","type":"post","link":"https:\/\/aconteceunovale.com.br\/portal\/?p=78714","title":{"rendered":"Bombeiros resgatam vaca que caiu dentro de cisterna em Governador Valadares"},"content":{"rendered":"<p>O Corpo de Bombeiros resgatou uma vaca que caiu dentro de uma cisterna nessa quinta-feira, 11 de fevereiro, em Governador Valadares, no Vale do Rio Doce. Segundo informa\u00e7\u00f5es divulgadas pela corpora\u00e7\u00e3o, o buraco tem cerca de quatro metros de profundidade.<\/p>\n<p>Seis militares utilizaram t\u00e9cnicas de salvamento e conseguiram retirar o animal sem ferimentos graves. O resgate durou cerca de duas horas e a vaca foi entregue ao propriet\u00e1rio.<\/p>\n<p><img decoding=\"async\" src=\"http:\/\/aconteceunovale.com.br\/portal\/wp-content\/uploads\/2016\/02\/vaca_gv.jpg\" alt=\"\" \/><em>Vaca foi resgatada de cisterna em Valadares (Foto: Divulga\u00e7\u00e3o \/ Corpo de Bombeiros)<\/em><br \/>\n<\/br><\/p>\n<p>(Inter TV dos Vales)<\/p>\n","protected":false},"excerpt":{"rendered":"<p>O Corpo de Bombeiros resgatou uma vaca que caiu dentro de uma cisterna nessa quinta-feira, 11 de fevereiro, em Governador Valadares, no Vale do Rio Doce. Segundo informa\u00e7\u00f5es divulgadas pela corpora\u00e7\u00e3o, o buraco tem cerca de quatro metros de profundidade. Seis militares utilizaram t\u00e9cnicas de salvamento e conseguiram retirar o animal sem ferimentos graves. O [&hellip;]<\/p>\n","protected":false},"author":1,"featured_media":78715,"comment_status":"open","ping_status":"closed","sticky":false,"template":"","format":"standard","meta":{"amp_status":"","footnotes":""},"categories":[121],"tags":[77116,247,77118,77117],"class_list":["post-78714","post","type-post","status-publish","format-standard","has-post-thumbnail","hentry","category-leste","tag-bombeiros-resgatam-vaca-que-caiu-dentro-de-cisterna-em-governador-valadares","tag-governador-valadares","tag-resgate-de-vaca-governador-valadares","tag-vaca-cisterna-governador-valadares"],"_links":{"self":[{"href":"https:\/\/aconteceunovale.com.br\/portal\/index.php?rest_route=\/wp\/v2\/posts\/78714","targetHints":{"allow":["GET"]}}],"collection":[{"href":"https:\/\/aconteceunovale.com.br\/portal\/index.php?rest_route=\/wp\/v2\/posts"}],"about":[{"href":"https:\/\/aconteceunovale.com.br\/portal\/index.php?rest_route=\/wp\/v2\/types\/post"}],"author":[{"embeddable":true,"href":"https:\/\/aconteceunovale.com.br\/portal\/index.php?rest_route=\/wp\/v2\/users\/1"}],"replies":[{"embeddable":true,"href":"https:\/\/aconteceunovale.com.br\/portal\/index.php?rest_route=%2Fwp%2Fv2%2Fcomments&post=78714"}],"version-history":[{"count":0,"href":"https:\/\/aconteceunovale.com.br\/portal\/index.php?rest_route=\/wp\/v2\/posts\/78714\/revisions"}],"wp:featuredmedia":[{"embeddable":true,"href":"https:\/\/aconteceunovale.com.br\/portal\/index.php?rest_route=\/wp\/v2\/media\/78715"}],"wp:attachment":[{"href":"https:\/\/aconteceunovale.com.br\/portal\/index.php?rest_route=%2Fwp%2Fv2%2Fmedia&parent=78714"}],"wp:term":[{"taxonomy":"category","embeddable":true,"href":"https:\/\/aconteceunovale.com.br\/portal\/index.php?rest_route=%2Fwp%2Fv2%2Fcategories&post=78714"},{"taxonomy":"post_tag","embeddable":true,"href":"https:\/\/aconteceunovale.com.br\/portal\/index.php?rest_route=%2Fwp%2Fv2%2Ftags&post=78714"}],"curies":[{"name":"wp","href":"https:\/\/api.w.org\/{rel}","templated":true}]}}