{"id":78711,"date":"2016-02-12T16:43:17","date_gmt":"2016-02-12T19:43:17","guid":{"rendered":"http:\/\/aconteceunovale.com.br\/portal\/?p=78711"},"modified":"2016-02-12T16:43:17","modified_gmt":"2016-02-12T19:43:17","slug":"denuncia-anonima-ajuda-na-prisao-de-suspeito-de-trafico-e-na-apreensao-de-drogas-em-pedra-azul","status":"publish","type":"post","link":"https:\/\/aconteceunovale.com.br\/portal\/?p=78711","title":{"rendered":"Den\u00fancia an\u00f4nima ajuda na pris\u00e3o de suspeito de tr\u00e1fico e na apreens\u00e3o de drogas em Pedra Azul"},"content":{"rendered":"<p>A Pol\u00edcia Militar (PM) apreendeu 203 gramas de maconha prensada, 28 buchas da mesma droga, duas facas, uma balan\u00e7a e R$ 14 na noite dessa quinta-feira (11\/02), em Pedra Azul, no Vale do Jequitinhonha. Segundo a PM, a droga estava em uma casa onde seria preparada para a venda.<\/p>\n<p>Os militares chegaram \u00e0 resid\u00eancia, no Bairro Planalto, ap\u00f3s receberem den\u00fancias an\u00f4nimas. Quatro homens estariam no local e teriam fugido ao perceberem a chegada da pol\u00edcia. Um dos suspeitos, de 24 anos, foi detido.<\/p>\n<p>O material apreendido e o jovem foram encaminhados \u00e0 delegacia da cidade para demais provid\u00eancias. Os outros envolvidos ainda n\u00e3o foram localizados.<\/p>\n<p><img decoding=\"async\" src=\"http:\/\/aconteceunovale.com.br\/portal\/wp-content\/uploads\/2016\/02\/maconha_pedra_azul.jpg\" alt=\"\" \/><em>Material foi apreendido no bairro Planalto, em Pedra Azul (Foto: Divulga\u00e7\u00e3o\/Pol\u00edcia Militar)<\/em><br \/>\n<\/br><\/p>\n<p>(Inter TV dos Vales)<\/p>\n","protected":false},"excerpt":{"rendered":"<p>A Pol\u00edcia Militar (PM) apreendeu 203 gramas de maconha prensada, 28 buchas da mesma droga, duas facas, uma balan\u00e7a e R$ 14 na noite dessa quinta-feira (11\/02), em Pedra Azul, no Vale do Jequitinhonha. Segundo a PM, a droga estava em uma casa onde seria preparada para a venda. Os militares chegaram \u00e0 resid\u00eancia, no [&hellip;]<\/p>\n","protected":false},"author":1,"featured_media":78712,"comment_status":"open","ping_status":"closed","sticky":false,"template":"","format":"standard","meta":{"amp_status":"","footnotes":""},"categories":[120],"tags":[77114,77112,77115,455,77113],"class_list":["post-78711","post","type-post","status-publish","format-standard","has-post-thumbnail","hentry","category-jequi","tag-apreensao-de-maconha-em-pedra-azul","tag-denuncia-anonima-ajuda-na-prisao-de-suspeito-de-trafico-em-pedra-azul","tag-maconha-apreendida-em-pedra-azul","tag-pedra-azul","tag-suspeito-de-trafico-em-pedra-azul"],"_links":{"self":[{"href":"https:\/\/aconteceunovale.com.br\/portal\/index.php?rest_route=\/wp\/v2\/posts\/78711","targetHints":{"allow":["GET"]}}],"collection":[{"href":"https:\/\/aconteceunovale.com.br\/portal\/index.php?rest_route=\/wp\/v2\/posts"}],"about":[{"href":"https:\/\/aconteceunovale.com.br\/portal\/index.php?rest_route=\/wp\/v2\/types\/post"}],"author":[{"embeddable":true,"href":"https:\/\/aconteceunovale.com.br\/portal\/index.php?rest_route=\/wp\/v2\/users\/1"}],"replies":[{"embeddable":true,"href":"https:\/\/aconteceunovale.com.br\/portal\/index.php?rest_route=%2Fwp%2Fv2%2Fcomments&post=78711"}],"version-history":[{"count":0,"href":"https:\/\/aconteceunovale.com.br\/portal\/index.php?rest_route=\/wp\/v2\/posts\/78711\/revisions"}],"wp:featuredmedia":[{"embeddable":true,"href":"https:\/\/aconteceunovale.com.br\/portal\/index.php?rest_route=\/wp\/v2\/media\/78712"}],"wp:attachment":[{"href":"https:\/\/aconteceunovale.com.br\/portal\/index.php?rest_route=%2Fwp%2Fv2%2Fmedia&parent=78711"}],"wp:term":[{"taxonomy":"category","embeddable":true,"href":"https:\/\/aconteceunovale.com.br\/portal\/index.php?rest_route=%2Fwp%2Fv2%2Fcategories&post=78711"},{"taxonomy":"post_tag","embeddable":true,"href":"https:\/\/aconteceunovale.com.br\/portal\/index.php?rest_route=%2Fwp%2Fv2%2Ftags&post=78711"}],"curies":[{"name":"wp","href":"https:\/\/api.w.org\/{rel}","templated":true}]}}