{"id":78708,"date":"2016-02-12T16:34:23","date_gmt":"2016-02-12T19:34:23","guid":{"rendered":"http:\/\/aconteceunovale.com.br\/portal\/?p=78708"},"modified":"2016-02-12T16:34:23","modified_gmt":"2016-02-12T19:34:23","slug":"adolescentes-que-mataram-funcionario-do-saae-de-valadares-sao-agredidos-em-centro-de-internacao","status":"publish","type":"post","link":"https:\/\/aconteceunovale.com.br\/portal\/?p=78708","title":{"rendered":"Adolescentes que mataram funcion\u00e1rio do SAAE de Valadares s\u00e3o agredidos em centro de interna\u00e7\u00e3o"},"content":{"rendered":"<p>Tr\u00eas, dos quatro adolescentes, suspeitos de terem matado o servidor p\u00fablico Terence Henrique Silva, de 45 anos, foram encaminhados a um hospital nesta sexta-feira (12\/02) ap\u00f3s serem agredidos no Centro Socioeducativo de Adolescentes de Governador Valadares (MG). Segundo a Pol\u00edcia Militar (PM), os tr\u00eas menores foram agredidos por outros tr\u00eas internos da institui\u00e7\u00e3o, por tentarem se engrandecer em rela\u00e7\u00e3o ao ato infracional cometido por eles.<\/p>\n<p>Um agente socioeducativo flagrou a confus\u00e3o e chamou refor\u00e7o para conter as agress\u00f5es. Ainda segundo a PM, as v\u00edtimas apresentaram hematomas generalizados, e um adolescente de 16 anos alegou ter tido dois dentes quebrados ap\u00f3s ser agredido.<\/p>\n<p>Os tr\u00eas adolescentes foram encaminhados para um hospital da cidade, onde foram atendidos e liberados, e posteriormente levados \u00e0 Delegacia Civil. Os tr\u00eas autores da agress\u00e3o n\u00e3o precisaram receber atendimento m\u00e9dico e foram encaminhados \u00e0 Delegacia Civil.<\/p>\n<p>A Secretaria de Estado de Defesa Social informou por meio de nota que a dire\u00e7\u00e3o-geral do Centro Socioeducativo est\u00e1 apurando as circunst\u00e2ncias e responsabilidades sobre o ocorrido. A nota informa ainda que os adolescentes j\u00e1 retornaram \u00e0 institui\u00e7\u00e3o e n\u00e3o correm risco de morte.<\/p>\n<p><strong>Saiba mais<\/strong><\/p>\n<p><a href=\"http:\/\/aconteceunovale.com.br\/portal\/?p=78682\" target=\"_blank\">&#8211; Pol\u00edcia prende quinto suspeito de matar funcion\u00e1rio da SAAE em Governador Valadares<\/a><\/p>\n<p><a href=\"http:\/\/aconteceunovale.com.br\/portal\/?p=78552\" target=\"_blank\">&#8211; Corpo de funcion\u00e1rio p\u00fablico de Governador Valadares \u00e9 encontrado \u00e0s margens de rodovia<\/a><\/p>\n<p><img decoding=\"async\" src=\"http:\/\/aconteceunovale.com.br\/portal\/wp-content\/uploads\/2016\/02\/menores_agredidos.jpg\" alt=\"\" \/><em>Quatro adolescentes roubaram e mataram o servidor p\u00fablico (Foto: Pol\u00edcia Civil \/ Divulga\u00e7\u00e3o)<\/em><br \/>\n<\/br><\/p>\n<p><em>(Fonte: Inter TV dos Vales \/ G1)<\/em><\/p>\n","protected":false},"excerpt":{"rendered":"<p>Tr\u00eas, dos quatro adolescentes, suspeitos de terem matado o servidor p\u00fablico Terence Henrique Silva, de 45 anos, foram encaminhados a um hospital nesta sexta-feira (12\/02) ap\u00f3s serem agredidos no Centro Socioeducativo de Adolescentes de Governador Valadares (MG). Segundo a Pol\u00edcia Militar (PM), os tr\u00eas menores foram agredidos por outros tr\u00eas internos da institui\u00e7\u00e3o, por tentarem [&hellip;]<\/p>\n","protected":false},"author":1,"featured_media":78709,"comment_status":"open","ping_status":"closed","sticky":false,"template":"","format":"standard","meta":{"amp_status":"","footnotes":""},"categories":[121],"tags":[77111,290,77083,247,77110,77109,77082,2132,76850],"class_list":["post-78708","post","type-post","status-publish","format-standard","has-post-thumbnail","hentry","category-leste","tag-adolescentes-que-mataram-funcionario-do-saae-de-valadares-sao-agredidos-em-centro-de-internacao","tag-frei-inocencio","tag-funcionario-do-saae-de-governador-valadares","tag-governador-valadares","tag-morte-de-funcionario-do-saae-em-governador-valadares","tag-morte-de-servidor-publico-em-governador-valadares","tag-morte-do-funcionario-do-saae-de-governador-valadares","tag-saae","tag-terence-henrique-silva"],"_links":{"self":[{"href":"https:\/\/aconteceunovale.com.br\/portal\/index.php?rest_route=\/wp\/v2\/posts\/78708","targetHints":{"allow":["GET"]}}],"collection":[{"href":"https:\/\/aconteceunovale.com.br\/portal\/index.php?rest_route=\/wp\/v2\/posts"}],"about":[{"href":"https:\/\/aconteceunovale.com.br\/portal\/index.php?rest_route=\/wp\/v2\/types\/post"}],"author":[{"embeddable":true,"href":"https:\/\/aconteceunovale.com.br\/portal\/index.php?rest_route=\/wp\/v2\/users\/1"}],"replies":[{"embeddable":true,"href":"https:\/\/aconteceunovale.com.br\/portal\/index.php?rest_route=%2Fwp%2Fv2%2Fcomments&post=78708"}],"version-history":[{"count":0,"href":"https:\/\/aconteceunovale.com.br\/portal\/index.php?rest_route=\/wp\/v2\/posts\/78708\/revisions"}],"wp:featuredmedia":[{"embeddable":true,"href":"https:\/\/aconteceunovale.com.br\/portal\/index.php?rest_route=\/wp\/v2\/media\/78709"}],"wp:attachment":[{"href":"https:\/\/aconteceunovale.com.br\/portal\/index.php?rest_route=%2Fwp%2Fv2%2Fmedia&parent=78708"}],"wp:term":[{"taxonomy":"category","embeddable":true,"href":"https:\/\/aconteceunovale.com.br\/portal\/index.php?rest_route=%2Fwp%2Fv2%2Fcategories&post=78708"},{"taxonomy":"post_tag","embeddable":true,"href":"https:\/\/aconteceunovale.com.br\/portal\/index.php?rest_route=%2Fwp%2Fv2%2Ftags&post=78708"}],"curies":[{"name":"wp","href":"https:\/\/api.w.org\/{rel}","templated":true}]}}