{"id":78452,"date":"2016-02-04T21:37:26","date_gmt":"2016-02-05T00:37:26","guid":{"rendered":"http:\/\/aconteceunovale.com.br\/portal\/?p=78452"},"modified":"2016-02-04T21:37:26","modified_gmt":"2016-02-05T00:37:26","slug":"homem-morre-asfixiado-ao-fazer-limpeza-de-cisterna-em-governador-valadares","status":"publish","type":"post","link":"https:\/\/aconteceunovale.com.br\/portal\/?p=78452","title":{"rendered":"Homem morre asfixiado ao fazer limpeza de cisterna em Governador Valadares"},"content":{"rendered":"<p>O corpo de um homem de 46 anos foi resgatado no in\u00edcio da tarde desta quinta-feira (04\/02) de uma cisterna \u00e0s margens da BR-381, em Governador Valadares, no Vale do Rio Doce. Dez militares do Corpo de Bombeiros participaram do trabalho de retirada da v\u00edtima Adilson do Nascimento do local, que possui cerca de 12 metros de profundidade.<\/p>\n<p>O resgate foi feito utilizando t\u00e9cnica de rapel e durante a manobra um soldado precisou ser retirado da cisterna \u00e0s pressas por falta de oxig\u00eanio. O trabalho de retirada do corpo durou aproximadamente 30 minutos. Os bombeiros tentaram reanimar a v\u00edtima, mas o homem n\u00e3o respondeu aos est\u00edmulos.<\/p>\n<p>Segundo uma testemunha, a v\u00edtima costumava limpar po\u00e7os e cisternas na regi\u00e3o e essa seria a primeira vez que realizava o trabalho nesse reservat\u00f3rio. A testemunha disse ainda que conversou com o homem quando ele entrou na cisterna e acionou o Corpo de Bombeiros ao perceber que a v\u00edtima teria parado de responder os chamados.<\/p>\n<p>Segundo o Corpo de Bombeiros, o homem morreu por asfixia devido \u00e0 profundidade da cisterna que pode ter provocado uma concentra\u00e7\u00e3o menor de oxig\u00eanio.<\/p>\n<p><img decoding=\"async\" src=\"http:\/\/aconteceunovale.com.br\/portal\/wp-content\/uploads\/2016\/02\/resgate_gv.jpg\" alt=\"\" \/><em>Cisterna fica \u00e0s margens da BR-381 (Foto: Ana Carolina Magalh\u00e3es \/ Inter TV dos Vales)<\/em><br \/>\n<\/br><\/p>\n<p><em>(Fonte: Inter TV dos Vales \/ G1)<\/em><\/p>\n","protected":false},"excerpt":{"rendered":"<p>O corpo de um homem de 46 anos foi resgatado no in\u00edcio da tarde desta quinta-feira (04\/02) de uma cisterna \u00e0s margens da BR-381, em Governador Valadares, no Vale do Rio Doce. Dez militares do Corpo de Bombeiros participaram do trabalho de retirada da v\u00edtima Adilson do Nascimento do local, que possui cerca de 12 [&hellip;]<\/p>\n","protected":false},"author":1,"featured_media":78453,"comment_status":"open","ping_status":"closed","sticky":false,"template":"","format":"standard","meta":{"amp_status":"","footnotes":""},"categories":[121],"tags":[76688,76687,247,76684,76685,76686],"class_list":["post-78452","post","type-post","status-publish","format-standard","has-post-thumbnail","hentry","category-leste","tag-adilson-do-nascimento","tag-cisterna-governador-valadares","tag-governador-valadares","tag-homem-morre-asfixiado-ao-fazer-limpeza-de-cisterna-em-governador-valadares","tag-morte-em-cisterna-em-governador-valadares","tag-morto-em-cisterna-em-governador-valadares"],"_links":{"self":[{"href":"https:\/\/aconteceunovale.com.br\/portal\/index.php?rest_route=\/wp\/v2\/posts\/78452","targetHints":{"allow":["GET"]}}],"collection":[{"href":"https:\/\/aconteceunovale.com.br\/portal\/index.php?rest_route=\/wp\/v2\/posts"}],"about":[{"href":"https:\/\/aconteceunovale.com.br\/portal\/index.php?rest_route=\/wp\/v2\/types\/post"}],"author":[{"embeddable":true,"href":"https:\/\/aconteceunovale.com.br\/portal\/index.php?rest_route=\/wp\/v2\/users\/1"}],"replies":[{"embeddable":true,"href":"https:\/\/aconteceunovale.com.br\/portal\/index.php?rest_route=%2Fwp%2Fv2%2Fcomments&post=78452"}],"version-history":[{"count":0,"href":"https:\/\/aconteceunovale.com.br\/portal\/index.php?rest_route=\/wp\/v2\/posts\/78452\/revisions"}],"wp:featuredmedia":[{"embeddable":true,"href":"https:\/\/aconteceunovale.com.br\/portal\/index.php?rest_route=\/wp\/v2\/media\/78453"}],"wp:attachment":[{"href":"https:\/\/aconteceunovale.com.br\/portal\/index.php?rest_route=%2Fwp%2Fv2%2Fmedia&parent=78452"}],"wp:term":[{"taxonomy":"category","embeddable":true,"href":"https:\/\/aconteceunovale.com.br\/portal\/index.php?rest_route=%2Fwp%2Fv2%2Fcategories&post=78452"},{"taxonomy":"post_tag","embeddable":true,"href":"https:\/\/aconteceunovale.com.br\/portal\/index.php?rest_route=%2Fwp%2Fv2%2Ftags&post=78452"}],"curies":[{"name":"wp","href":"https:\/\/api.w.org\/{rel}","templated":true}]}}