{"id":78445,"date":"2016-02-04T20:48:58","date_gmt":"2016-02-04T23:48:58","guid":{"rendered":"http:\/\/aconteceunovale.com.br\/portal\/?p=78445"},"modified":"2016-02-04T20:48:58","modified_gmt":"2016-02-04T23:48:58","slug":"usiminas-demitira-18-mil-funcionarios-em-cubatao","status":"publish","type":"post","link":"https:\/\/aconteceunovale.com.br\/portal\/?p=78445","title":{"rendered":"Usiminas demitir\u00e1 1,8 mil funcion\u00e1rios em Cubat\u00e3o"},"content":{"rendered":"<p>A unidade da Usiminas em Cubat\u00e3o, na Baixada Santista, em S\u00e3o Paulo, informou que vai demitir 1,8 mil funcion\u00e1rios, entre metal\u00fargicos e engenheiros, at\u00e9 o final deste m\u00eas. Segundo a empresa, a redu\u00e7\u00e3o da capacidade produtiva da usina vai desativar algumas \u00e1reas da unidade, que foi prejudicada pela redu\u00e7\u00e3o do consumo de a\u00e7o no pa\u00eds. Houve queda 16,7% em 2015 em rela\u00e7\u00e3o a 2014.<\/p>\n<p>O presidente do Sindicato dos Sider\u00fargicos e Metal\u00fargicos da Baixada Santista, Flor\u00eancio Resende de S\u00e1, estima que 7 mil empregos indiretos, de empresas terceirizados, tamb\u00e9m sejam afetados. Segundo Flor\u00eancio, desde o dia 19 de janeiro, 800 empregados diretos da Usiminas foram dispensados, dos quais 750 eram operadores e 50, engenheiros. \u201cE algumas empresas terceirizadas, com 600 e com 800 funcion\u00e1rios, j\u00e1 fecharam em novembro\u201d, disse ele.<\/p>\n<p>O sindicato estima que 53 empresas terceirizadas na regi\u00e3o de Cubat\u00e3o ser\u00e3o prejudicadas. Para Flor\u00eancio, apenas quatro ou cinco empresas poder\u00e3o resistir ao fechamento parcial da Usiminas, reduzindo o n\u00famero de empregados para 15% do total atual. \u201cO n\u00famero de demitidos em toda a regi\u00e3o pode chegar a algo entre 23 mil e 30 mil trabalhadores \u2013 eram mais de 100 as empresas que trabalhavam em fun\u00e7\u00e3o da Usiminas, quando falamos do setor de servi\u00e7os, de com\u00e9rcio, que ser\u00e3o apertados de alguma forma.\u201d<\/p>\n<p>De acordo com a Usiminas, ser\u00e3o oferecidos aos demitidos benef\u00edcios extras como manuten\u00e7\u00e3o dos planos de sa\u00fade e odontol\u00f3gico por tr\u00eas a seis meses, aux\u00edlio-alimenta\u00e7\u00e3o por quatro meses ou retorno de f\u00e9rias correspondente a 20 dias de trabalho, contribui\u00e7\u00e3o previdenci\u00e1ria por tr\u00eas meses, seguro de vida por quatro meses e prioridade na recontrata\u00e7\u00e3o em caso de reativa\u00e7\u00e3o dos equipamentos.<\/p>\n<p>A empresa informou ainda que vai redirecionar cerca de 300 empregados para outras atividades na usina evitando esses desligamentos. \u201cEst\u00e3o sendo priorizados empregados que t\u00eam alguma renda, como aposentados e trabalhadores j\u00e1 em condi\u00e7\u00f5es de se aposentar. Os desligamentos seguem o cronograma de desativa\u00e7\u00e3o dos equipamentos\u201d, informou a Usiminas.<\/p>\n<p><strong>Crise na siderurgia<\/strong><\/p>\n<p>A Usiminas classifica o momento de dif\u00edcil e considera a crise a mais grave da hist\u00f3ria do setor sider\u00fargico. \u201cA entidade, que congrega as principais usinas produtoras, contabilizou uma queda de 16,7% no consumo de a\u00e7o em 2015 em rela\u00e7\u00e3o a 2014, que por sua vez j\u00e1 havia sido 6,8% menor do que o de 2013. O mercado externo n\u00e3o tem se mostrado vantajoso, pois h\u00e1 um excesso de capacidade produtiva da ordem de 700 milh\u00f5es de toneladas no mundo, o que tem depreciado os pre\u00e7os internacionais. Para manter a competitividade nesse contexto, n\u00e3o restou \u00e0 Usiminas outra alternativa sen\u00e3o ajustar a sua capacidade produtiva\u201d, diz a empresa.<\/p>\n<p>A prefeita de Cubat\u00e3o, Marcia Rosa, mostrou preocupa\u00e7\u00e3o com as consequ\u00eancias que a redu\u00e7\u00e3o das atividades da Usiminas podem gerar na cidade. &#8220;Queremos negociar sa\u00eddas para reverter a crise. Cubat\u00e3o n\u00e3o pode virar deserto&#8221;, afirmou Marcia Rosa, durante protesto pela manuten\u00e7\u00e3o da Usiminas, realizado em Janeiro. (Ag\u00eancia Brasil)<\/p>\n","protected":false},"excerpt":{"rendered":"<p>A unidade da Usiminas em Cubat\u00e3o, na Baixada Santista, em S\u00e3o Paulo, informou que vai demitir 1,8 mil funcion\u00e1rios, entre metal\u00fargicos e engenheiros, at\u00e9 o final deste m\u00eas. Segundo a empresa, a redu\u00e7\u00e3o da capacidade produtiva da usina vai desativar algumas \u00e1reas da unidade, que foi prejudicada pela redu\u00e7\u00e3o do consumo de a\u00e7o no pa\u00eds. [&hellip;]<\/p>\n","protected":false},"author":1,"featured_media":78446,"comment_status":"open","ping_status":"closed","sticky":false,"template":"","format":"standard","meta":{"amp_status":"","footnotes":""},"categories":[6],"tags":[76669,76670,38449,76672,50992,76671,19010,76676,67502,76677,76675,6808,76674,76673],"class_list":["post-78445","post","type-post","status-publish","format-standard","has-post-thumbnail","hentry","category-br","tag-crise-na-siderurgia","tag-crise-usiminas","tag-cubatao","tag-demissao-usiminas","tag-demissoes","tag-demissoes-usiminas","tag-desemprego","tag-florencio-resende-de-sa","tag-producao-de-aco","tag-setor-siderurgico","tag-sindicato-dos-siderurgicos-e-metalurgicos-da-baixada-santista","tag-usiminas","tag-usiminas-demitira-1800-funcionarios-em-cubatao","tag-usiminas-em-cubatao"],"_links":{"self":[{"href":"https:\/\/aconteceunovale.com.br\/portal\/index.php?rest_route=\/wp\/v2\/posts\/78445","targetHints":{"allow":["GET"]}}],"collection":[{"href":"https:\/\/aconteceunovale.com.br\/portal\/index.php?rest_route=\/wp\/v2\/posts"}],"about":[{"href":"https:\/\/aconteceunovale.com.br\/portal\/index.php?rest_route=\/wp\/v2\/types\/post"}],"author":[{"embeddable":true,"href":"https:\/\/aconteceunovale.com.br\/portal\/index.php?rest_route=\/wp\/v2\/users\/1"}],"replies":[{"embeddable":true,"href":"https:\/\/aconteceunovale.com.br\/portal\/index.php?rest_route=%2Fwp%2Fv2%2Fcomments&post=78445"}],"version-history":[{"count":0,"href":"https:\/\/aconteceunovale.com.br\/portal\/index.php?rest_route=\/wp\/v2\/posts\/78445\/revisions"}],"wp:featuredmedia":[{"embeddable":true,"href":"https:\/\/aconteceunovale.com.br\/portal\/index.php?rest_route=\/wp\/v2\/media\/78446"}],"wp:attachment":[{"href":"https:\/\/aconteceunovale.com.br\/portal\/index.php?rest_route=%2Fwp%2Fv2%2Fmedia&parent=78445"}],"wp:term":[{"taxonomy":"category","embeddable":true,"href":"https:\/\/aconteceunovale.com.br\/portal\/index.php?rest_route=%2Fwp%2Fv2%2Fcategories&post=78445"},{"taxonomy":"post_tag","embeddable":true,"href":"https:\/\/aconteceunovale.com.br\/portal\/index.php?rest_route=%2Fwp%2Fv2%2Ftags&post=78445"}],"curies":[{"name":"wp","href":"https:\/\/api.w.org\/{rel}","templated":true}]}}