{"id":78435,"date":"2016-02-04T19:36:10","date_gmt":"2016-02-04T22:36:10","guid":{"rendered":"http:\/\/aconteceunovale.com.br\/portal\/?p=78435"},"modified":"2026-09-02T13:38:16","modified_gmt":"2026-09-02T16:38:16","slug":"policia-civil-de-pedra-azul-combate-roubo-e-receptacao-de-cargas-nas-brs-116-e-251","status":"publish","type":"post","link":"https:\/\/aconteceunovale.com.br\/portal\/?p=78435","title":{"rendered":"Pol\u00edcia Civil de Pedra Azul combate roubo e recepta\u00e7\u00e3o de cargas nas BRs 116 e 251"},"content":{"rendered":"<p>Dois homens foram presos na tarde desta quinta-feira, 4 de fevereiro, suspeitos de integrarem uma quadrilha especializada de roubo, furto e recepta\u00e7\u00e3o de cargas nas BRs 116 e 251, na regi\u00e3o do Vale do Jequitinhonha. Eles foram localizados ap\u00f3s uma minuciosa investiga\u00e7\u00e3o presidida pelo Delegado de Pol\u00edcia Civil, Dr. Danilo Fernandes Souza, e o Policial Civil, Romulo Quadros Rodrigues.<\/p>\n<p>De acordo com informa\u00e7\u00f5es da Pol\u00edcia Civil de Pedra Azul, a\u00e7\u00e3o dos assaltantes consistia em, fortemente armados, abordar caminh\u00f5es nas j\u00e1 citadas rodovias e manter os ref\u00e9ns em cativeiro enquanto a carga era transferida para pontos comerciais ou outros conjuntos veiculares.<\/p>\n<p>Ainda segundo a PC, a investiga\u00e7\u00e3o comprovou a participa\u00e7\u00e3o de Gilson de Souza Vales (conhecido como Sorveteiro) e Leonardo Barbosa de Souza (o L\u00e9o irm\u00e3o de JB) na organiza\u00e7\u00e3o criminosa. Conforme a Pol\u00edcia, os dois aterrorizavam os usu\u00e1rios das duas rodovias federais e atuavam nos munic\u00edpios de Pedra Azul, Divisa Alegre, \u00c1guas Vermelhas e Cachoeira de Paje\u00fa. Eles foram encaminhados para o Pres\u00eddio da cidade de Pedra Azul, onde permanecem \u00e0 disposi\u00e7\u00e3o da Justi\u00e7a. <\/p>\n<p>A Pol\u00edcia Civil refor\u00e7a o compromisso de continuar o combate ao crime organizado na regi\u00e3o. As a\u00e7\u00f5es dos policiais da 2\u00aa Delegacia Regional De Pol\u00edcia Civil (2\u00aa DRPC) j\u00e1 desmantelaram v\u00e1rias organiza\u00e7\u00f5es criminosas da sua regi\u00e3o de atua\u00e7\u00e3o, principalmente relacionados ao roubo de cargas e tr\u00e1fico de drogas.<\/p>\n<p><img decoding=\"async\" src=\"http:\/\/aconteceunovale.com.br\/portal\/wp-content\/uploads\/2016\/02\/presos_pedra_azul.jpg\" alt=\"\" \/><em>Suspeitos foram presos ap\u00f3s minuciosa investiga\u00e7\u00e3o presidida pelo Delegado de Pol\u00edcia Civil, Dr. Danilo Fernandes Souza, e o Policial Civil, Romulo Quadros Rodrigues &#8211; Foto: Divulga\u00e7\u00e3o \/ 2\u00aa DRPC<\/em><\/p>\n","protected":false},"excerpt":{"rendered":"<p>Dois homens foram presos na tarde desta quinta-feira, 4 de fevereiro, suspeitos de integrarem uma quadrilha especializada de roubo, furto e recepta\u00e7\u00e3o de cargas nas BRs 116 e 251, na regi\u00e3o do Vale do Jequitinhonha. Eles foram localizados ap\u00f3s uma minuciosa investiga\u00e7\u00e3o presidida pelo Delegado de Pol\u00edcia Civil, Dr. Danilo Fernandes Souza, e o Policial [&hellip;]<\/p>\n","protected":false},"author":1,"featured_media":78436,"comment_status":"open","ping_status":"closed","sticky":false,"template":"","format":"standard","meta":{"amp_status":"","footnotes":""},"categories":[272566,120],"tags":[4202,5258,76638,5259,76639,76642,76645,76644,455,61817,76634,76640,30180,76635,76637,76641,76646,76647,76636,76643],"class_list":["post-78435","post","type-post","status-publish","format-standard","has-post-thumbnail","hentry","category-pedra-azul","category-jequi","tag-aguas-vermelhas","tag-cachoeira-de-pajeu","tag-delegado-de-policia-civil","tag-divisa-alegre","tag-dr-danilo-fernandes-souza","tag-gilson-de-souza-vales","tag-leo-irmao-de-jb","tag-leonardo-barbosa-de-souza","tag-pedra-azul","tag-policia-civil-de-pedra-azul","tag-policia-civil-de-pedra-azul-combate-roubo-e-receptacao-de-cargas-nas-brs-116-e-251","tag-policial-civil","tag-presos-em-pedra-azul","tag-presos-pela-policia-civil-de-pedra-azul","tag-receptacao-de-carga-pedra-azul","tag-romulo-quadros-rodrigues","tag-roubo-de-carga-na-br-116","tag-roubo-de-carga-na-br-251","tag-roubo-de-carga-pedra-azul","tag-sorveteiro"],"yoast_head":"<!-- This site is optimized with the Yoast SEO plugin v28.3 - https:\/\/yoast.com\/product\/yoast-seo-wordpress\/ -->\n<title>Pol\u00edcia Civil de Pedra Azul combate roubo e recepta\u00e7\u00e3o de cargas nas BRs 116 e 251 - Aconteceu no Vale<\/title>\n<meta name=\"robots\" content=\"index, follow, max-snippet:-1, max-image-preview:large, max-video-preview:-1\" \/>\n<link rel=\"canonical\" href=\"https:\/\/aconteceunovale.com.br\/portal\/?p=78435\" \/>\n<meta property=\"og:locale\" content=\"pt_BR\" \/>\n<meta property=\"og:type\" content=\"article\" \/>\n<meta property=\"og:title\" content=\"Pol\u00edcia Civil de Pedra Azul combate roubo e recepta\u00e7\u00e3o de cargas nas BRs 116 e 251 - Aconteceu no Vale\" \/>\n<meta property=\"og:description\" content=\"Dois homens foram presos na tarde desta quinta-feira, 4 de fevereiro, suspeitos de integrarem uma quadrilha especializada de roubo, furto e recepta\u00e7\u00e3o de cargas nas BRs 116 e 251, na regi\u00e3o do Vale do Jequitinhonha. Eles foram localizados ap\u00f3s uma minuciosa investiga\u00e7\u00e3o presidida pelo Delegado de Pol\u00edcia Civil, Dr. Danilo Fernandes Souza, e o Policial [&hellip;]\" \/>\n<meta property=\"og:url\" content=\"https:\/\/aconteceunovale.com.br\/portal\/?p=78435\" \/>\n<meta property=\"og:site_name\" content=\"Aconteceu no Vale\" \/>\n<meta property=\"article:publisher\" content=\"https:\/\/www.facebook.com\/aconteceunovale\/\" \/>\n<meta property=\"article:published_time\" content=\"2016-02-04T22:36:10+00:00\" \/>\n<meta property=\"article:modified_time\" content=\"2026-09-02T16:38:16+00:00\" \/>\n<meta property=\"og:image\" content=\"https:\/\/aconteceunovale.com.br\/portal\/wp-content\/uploads\/2016\/02\/presos_pedra_azul.jpg\" \/>\n\t<meta property=\"og:image:width\" content=\"678\" \/>\n\t<meta property=\"og:image:height\" content=\"436\" \/>\n\t<meta property=\"og:image:type\" content=\"image\/jpeg\" \/>\n<meta name=\"author\" content=\"Aconteceu no Vale\" \/>\n<meta name=\"twitter:card\" content=\"summary_large_image\" \/>\n<meta name=\"twitter:creator\" content=\"@noticiadosvales\" \/>\n<meta name=\"twitter:site\" content=\"@noticiadosvales\" \/>\n<meta name=\"twitter:label1\" content=\"Escrito por\" \/>\n\t<meta name=\"twitter:data1\" content=\"Aconteceu no Vale\" \/>\n\t<meta name=\"twitter:label2\" content=\"Est. tempo de leitura\" \/>\n\t<meta name=\"twitter:data2\" content=\"1 minuto\" \/>\n<script type=\"application\/ld+json\" class=\"yoast-schema-graph\">{\"@context\":\"https:\\\/\\\/schema.org\",\"@graph\":[{\"@type\":\"Article\",\"@id\":\"https:\\\/\\\/aconteceunovale.com.br\\\/portal\\\/?p=78435#article\",\"isPartOf\":{\"@id\":\"https:\\\/\\\/aconteceunovale.com.br\\\/portal\\\/?p=78435\"},\"author\":{\"name\":\"Aconteceu no Vale\",\"@id\":\"https:\\\/\\\/aconteceunovale.com.br\\\/portal\\\/#\\\/schema\\\/person\\\/633529146f2c94272bef50ac2953d589\"},\"headline\":\"Pol\u00edcia Civil de Pedra Azul combate roubo e recepta\u00e7\u00e3o de cargas nas BRs 116 e 251\",\"datePublished\":\"2016-02-04T22:36:10+00:00\",\"dateModified\":\"2026-09-02T16:38:16+00:00\",\"mainEntityOfPage\":{\"@id\":\"https:\\\/\\\/aconteceunovale.com.br\\\/portal\\\/?p=78435\"},\"wordCount\":294,\"commentCount\":1,\"image\":{\"@id\":\"https:\\\/\\\/aconteceunovale.com.br\\\/portal\\\/?p=78435#primaryimage\"},\"thumbnailUrl\":\"https:\\\/\\\/aconteceunovale.com.br\\\/portal\\\/wp-content\\\/uploads\\\/2016\\\/02\\\/presos_pedra_azul.jpg\",\"keywords\":[\"\u00c1guas Vermelhas\",\"Cachoeira de Paje\u00fa\",\"Delegado de Pol\u00edcia Civil\",\"Divisa Alegre\",\"Dr. Danilo Fernandes Souza\",\"Gilson de Souza Vales\",\"L\u00e9o irm\u00e3o de JB\",\"Leonardo Barbosa de Souza\",\"Pedra Azul\",\"Pol\u00edcia Civil de Pedra Azul\",\"Pol\u00edcia Civil de Pedra Azul combate roubo e recepta\u00e7\u00e3o de cargas nas BRs 116 e 251\",\"Policial Civil\",\"presos em pedra azul\",\"presos pela Pol\u00edcia Civil de Pedra Azul\",\"recepta\u00e7\u00e3o de carga Pedra Azul\",\"Romulo Quadros Rodrigues\",\"roubo de carga na br-116\",\"roubo de carga na br-251\",\"roubo de carga Pedra Azul\",\"Sorveteiro\"],\"articleSection\":[\"Pedra Azul\",\"Vale do Jequitinhonha\"],\"inLanguage\":\"pt-BR\",\"potentialAction\":[{\"@type\":\"CommentAction\",\"name\":\"Comment\",\"target\":[\"https:\\\/\\\/aconteceunovale.com.br\\\/portal\\\/?p=78435#respond\"]}]},{\"@type\":\"WebPage\",\"@id\":\"https:\\\/\\\/aconteceunovale.com.br\\\/portal\\\/?p=78435\",\"url\":\"https:\\\/\\\/aconteceunovale.com.br\\\/portal\\\/?p=78435\",\"name\":\"Pol\u00edcia Civil de Pedra Azul combate roubo e recepta\u00e7\u00e3o de cargas nas BRs 116 e 251 - Aconteceu no Vale\",\"isPartOf\":{\"@id\":\"https:\\\/\\\/aconteceunovale.com.br\\\/portal\\\/#website\"},\"primaryImageOfPage\":{\"@id\":\"https:\\\/\\\/aconteceunovale.com.br\\\/portal\\\/?p=78435#primaryimage\"},\"image\":{\"@id\":\"https:\\\/\\\/aconteceunovale.com.br\\\/portal\\\/?p=78435#primaryimage\"},\"thumbnailUrl\":\"https:\\\/\\\/aconteceunovale.com.br\\\/portal\\\/wp-content\\\/uploads\\\/2016\\\/02\\\/presos_pedra_azul.jpg\",\"datePublished\":\"2016-02-04T22:36:10+00:00\",\"dateModified\":\"2026-09-02T16:38:16+00:00\",\"author\":{\"@id\":\"https:\\\/\\\/aconteceunovale.com.br\\\/portal\\\/#\\\/schema\\\/person\\\/633529146f2c94272bef50ac2953d589\"},\"breadcrumb\":{\"@id\":\"https:\\\/\\\/aconteceunovale.com.br\\\/portal\\\/?p=78435#breadcrumb\"},\"inLanguage\":\"pt-BR\",\"potentialAction\":[{\"@type\":\"ReadAction\",\"target\":[\"https:\\\/\\\/aconteceunovale.com.br\\\/portal\\\/?p=78435\"]}]},{\"@type\":\"ImageObject\",\"inLanguage\":\"pt-BR\",\"@id\":\"https:\\\/\\\/aconteceunovale.com.br\\\/portal\\\/?p=78435#primaryimage\",\"url\":\"https:\\\/\\\/aconteceunovale.com.br\\\/portal\\\/wp-content\\\/uploads\\\/2016\\\/02\\\/presos_pedra_azul.jpg\",\"contentUrl\":\"https:\\\/\\\/aconteceunovale.com.br\\\/portal\\\/wp-content\\\/uploads\\\/2016\\\/02\\\/presos_pedra_azul.jpg\",\"width\":678,\"height\":436},{\"@type\":\"BreadcrumbList\",\"@id\":\"https:\\\/\\\/aconteceunovale.com.br\\\/portal\\\/?p=78435#breadcrumb\",\"itemListElement\":[{\"@type\":\"ListItem\",\"position\":1,\"name\":\"In\u00edcio\",\"item\":\"https:\\\/\\\/aconteceunovale.com.br\\\/portal\\\/\"},{\"@type\":\"ListItem\",\"position\":2,\"name\":\"Pol\u00edcia Civil de Pedra Azul combate roubo e recepta\u00e7\u00e3o de cargas nas BRs 116 e 251\"}]},{\"@type\":\"WebSite\",\"@id\":\"https:\\\/\\\/aconteceunovale.com.br\\\/portal\\\/#website\",\"url\":\"https:\\\/\\\/aconteceunovale.com.br\\\/portal\\\/\",\"name\":\"Aconteceu no Vale\",\"description\":\"Portal de Not\u00edcias\",\"potentialAction\":[{\"@type\":\"SearchAction\",\"target\":{\"@type\":\"EntryPoint\",\"urlTemplate\":\"https:\\\/\\\/aconteceunovale.com.br\\\/portal\\\/?s={search_term_string}\"},\"query-input\":{\"@type\":\"PropertyValueSpecification\",\"valueRequired\":true,\"valueName\":\"search_term_string\"}}],\"inLanguage\":\"pt-BR\"},{\"@type\":\"Person\",\"@id\":\"https:\\\/\\\/aconteceunovale.com.br\\\/portal\\\/#\\\/schema\\\/person\\\/633529146f2c94272bef50ac2953d589\",\"name\":\"Aconteceu no Vale\",\"description\":\"Equipe de reportagem do Aconteceu no Vale, portal de not\u00edcias do Vale do Jequitinhonha, em Minas Gerais. Cobrimos as 51 cidades do Vale desde 2013. Sugest\u00f5es de pauta e pedidos de corre\u00e7\u00e3o: contato@aconteceunovale.com.br\",\"sameAs\":[\"http:\\\/\\\/www.aconteceunovale.com.br\"],\"url\":\"https:\\\/\\\/aconteceunovale.com.br\\\/portal\\\/?author=1\"}]}<\/script>\n<!-- \/ Yoast SEO plugin. -->","yoast_head_json":{"title":"Pol\u00edcia Civil de Pedra Azul combate roubo e recepta\u00e7\u00e3o de cargas nas BRs 116 e 251 - Aconteceu no Vale","robots":{"index":"index","follow":"follow","max-snippet":"max-snippet:-1","max-image-preview":"max-image-preview:large","max-video-preview":"max-video-preview:-1"},"canonical":"https:\/\/aconteceunovale.com.br\/portal\/?p=78435","og_locale":"pt_BR","og_type":"article","og_title":"Pol\u00edcia Civil de Pedra Azul combate roubo e recepta\u00e7\u00e3o de cargas nas BRs 116 e 251 - Aconteceu no Vale","og_description":"Dois homens foram presos na tarde desta quinta-feira, 4 de fevereiro, suspeitos de integrarem uma quadrilha especializada de roubo, furto e recepta\u00e7\u00e3o de cargas nas BRs 116 e 251, na regi\u00e3o do Vale do Jequitinhonha. Eles foram localizados ap\u00f3s uma minuciosa investiga\u00e7\u00e3o presidida pelo Delegado de Pol\u00edcia Civil, Dr. Danilo Fernandes Souza, e o Policial [&hellip;]","og_url":"https:\/\/aconteceunovale.com.br\/portal\/?p=78435","og_site_name":"Aconteceu no Vale","article_publisher":"https:\/\/www.facebook.com\/aconteceunovale\/","article_published_time":"2016-02-04T22:36:10+00:00","article_modified_time":"2026-09-02T16:38:16+00:00","og_image":[{"width":678,"height":436,"url":"https:\/\/aconteceunovale.com.br\/portal\/wp-content\/uploads\/2016\/02\/presos_pedra_azul.jpg","type":"image\/jpeg"}],"author":"Aconteceu no Vale","twitter_card":"summary_large_image","twitter_creator":"@noticiadosvales","twitter_site":"@noticiadosvales","twitter_misc":{"Escrito por":"Aconteceu no Vale","Est. tempo de leitura":"1 minuto"},"schema":{"@context":"https:\/\/schema.org","@graph":[{"@type":"Article","@id":"https:\/\/aconteceunovale.com.br\/portal\/?p=78435#article","isPartOf":{"@id":"https:\/\/aconteceunovale.com.br\/portal\/?p=78435"},"author":{"name":"Aconteceu no Vale","@id":"https:\/\/aconteceunovale.com.br\/portal\/#\/schema\/person\/633529146f2c94272bef50ac2953d589"},"headline":"Pol\u00edcia Civil de Pedra Azul combate roubo e recepta\u00e7\u00e3o de cargas nas BRs 116 e 251","datePublished":"2016-02-04T22:36:10+00:00","dateModified":"2026-09-02T16:38:16+00:00","mainEntityOfPage":{"@id":"https:\/\/aconteceunovale.com.br\/portal\/?p=78435"},"wordCount":294,"commentCount":1,"image":{"@id":"https:\/\/aconteceunovale.com.br\/portal\/?p=78435#primaryimage"},"thumbnailUrl":"https:\/\/aconteceunovale.com.br\/portal\/wp-content\/uploads\/2016\/02\/presos_pedra_azul.jpg","keywords":["\u00c1guas Vermelhas","Cachoeira de Paje\u00fa","Delegado de Pol\u00edcia Civil","Divisa Alegre","Dr. Danilo Fernandes Souza","Gilson de Souza Vales","L\u00e9o irm\u00e3o de JB","Leonardo Barbosa de Souza","Pedra Azul","Pol\u00edcia Civil de Pedra Azul","Pol\u00edcia Civil de Pedra Azul combate roubo e recepta\u00e7\u00e3o de cargas nas BRs 116 e 251","Policial Civil","presos em pedra azul","presos pela Pol\u00edcia Civil de Pedra Azul","recepta\u00e7\u00e3o de carga Pedra Azul","Romulo Quadros Rodrigues","roubo de carga na br-116","roubo de carga na br-251","roubo de carga Pedra Azul","Sorveteiro"],"articleSection":["Pedra Azul","Vale do Jequitinhonha"],"inLanguage":"pt-BR","potentialAction":[{"@type":"CommentAction","name":"Comment","target":["https:\/\/aconteceunovale.com.br\/portal\/?p=78435#respond"]}]},{"@type":"WebPage","@id":"https:\/\/aconteceunovale.com.br\/portal\/?p=78435","url":"https:\/\/aconteceunovale.com.br\/portal\/?p=78435","name":"Pol\u00edcia Civil de Pedra Azul combate roubo e recepta\u00e7\u00e3o de cargas nas BRs 116 e 251 - Aconteceu no Vale","isPartOf":{"@id":"https:\/\/aconteceunovale.com.br\/portal\/#website"},"primaryImageOfPage":{"@id":"https:\/\/aconteceunovale.com.br\/portal\/?p=78435#primaryimage"},"image":{"@id":"https:\/\/aconteceunovale.com.br\/portal\/?p=78435#primaryimage"},"thumbnailUrl":"https:\/\/aconteceunovale.com.br\/portal\/wp-content\/uploads\/2016\/02\/presos_pedra_azul.jpg","datePublished":"2016-02-04T22:36:10+00:00","dateModified":"2026-09-02T16:38:16+00:00","author":{"@id":"https:\/\/aconteceunovale.com.br\/portal\/#\/schema\/person\/633529146f2c94272bef50ac2953d589"},"breadcrumb":{"@id":"https:\/\/aconteceunovale.com.br\/portal\/?p=78435#breadcrumb"},"inLanguage":"pt-BR","potentialAction":[{"@type":"ReadAction","target":["https:\/\/aconteceunovale.com.br\/portal\/?p=78435"]}]},{"@type":"ImageObject","inLanguage":"pt-BR","@id":"https:\/\/aconteceunovale.com.br\/portal\/?p=78435#primaryimage","url":"https:\/\/aconteceunovale.com.br\/portal\/wp-content\/uploads\/2016\/02\/presos_pedra_azul.jpg","contentUrl":"https:\/\/aconteceunovale.com.br\/portal\/wp-content\/uploads\/2016\/02\/presos_pedra_azul.jpg","width":678,"height":436},{"@type":"BreadcrumbList","@id":"https:\/\/aconteceunovale.com.br\/portal\/?p=78435#breadcrumb","itemListElement":[{"@type":"ListItem","position":1,"name":"In\u00edcio","item":"https:\/\/aconteceunovale.com.br\/portal\/"},{"@type":"ListItem","position":2,"name":"Pol\u00edcia Civil de Pedra Azul combate roubo e recepta\u00e7\u00e3o de cargas nas BRs 116 e 251"}]},{"@type":"WebSite","@id":"https:\/\/aconteceunovale.com.br\/portal\/#website","url":"https:\/\/aconteceunovale.com.br\/portal\/","name":"Aconteceu no Vale","description":"Portal de Not\u00edcias","potentialAction":[{"@type":"SearchAction","target":{"@type":"EntryPoint","urlTemplate":"https:\/\/aconteceunovale.com.br\/portal\/?s={search_term_string}"},"query-input":{"@type":"PropertyValueSpecification","valueRequired":true,"valueName":"search_term_string"}}],"inLanguage":"pt-BR"},{"@type":"Person","@id":"https:\/\/aconteceunovale.com.br\/portal\/#\/schema\/person\/633529146f2c94272bef50ac2953d589","name":"Aconteceu no Vale","description":"Equipe de reportagem do Aconteceu no Vale, portal de not\u00edcias do Vale do Jequitinhonha, em Minas Gerais. Cobrimos as 51 cidades do Vale desde 2013. Sugest\u00f5es de pauta e pedidos de corre\u00e7\u00e3o: contato@aconteceunovale.com.br","sameAs":["http:\/\/www.aconteceunovale.com.br"],"url":"https:\/\/aconteceunovale.com.br\/portal\/?author=1"}]}},"_links":{"self":[{"href":"https:\/\/aconteceunovale.com.br\/portal\/index.php?rest_route=\/wp\/v2\/posts\/78435","targetHints":{"allow":["GET"]}}],"collection":[{"href":"https:\/\/aconteceunovale.com.br\/portal\/index.php?rest_route=\/wp\/v2\/posts"}],"about":[{"href":"https:\/\/aconteceunovale.com.br\/portal\/index.php?rest_route=\/wp\/v2\/types\/post"}],"author":[{"embeddable":true,"href":"https:\/\/aconteceunovale.com.br\/portal\/index.php?rest_route=\/wp\/v2\/users\/1"}],"replies":[{"embeddable":true,"href":"https:\/\/aconteceunovale.com.br\/portal\/index.php?rest_route=%2Fwp%2Fv2%2Fcomments&post=78435"}],"version-history":[{"count":1,"href":"https:\/\/aconteceunovale.com.br\/portal\/index.php?rest_route=\/wp\/v2\/posts\/78435\/revisions"}],"predecessor-version":[{"id":201654,"href":"https:\/\/aconteceunovale.com.br\/portal\/index.php?rest_route=\/wp\/v2\/posts\/78435\/revisions\/201654"}],"wp:featuredmedia":[{"embeddable":true,"href":"https:\/\/aconteceunovale.com.br\/portal\/index.php?rest_route=\/wp\/v2\/media\/78436"}],"wp:attachment":[{"href":"https:\/\/aconteceunovale.com.br\/portal\/index.php?rest_route=%2Fwp%2Fv2%2Fmedia&parent=78435"}],"wp:term":[{"taxonomy":"category","embeddable":true,"href":"https:\/\/aconteceunovale.com.br\/portal\/index.php?rest_route=%2Fwp%2Fv2%2Fcategories&post=78435"},{"taxonomy":"post_tag","embeddable":true,"href":"https:\/\/aconteceunovale.com.br\/portal\/index.php?rest_route=%2Fwp%2Fv2%2Ftags&post=78435"}],"curies":[{"name":"wp","href":"https:\/\/api.w.org\/{rel}","templated":true}]}}