{"id":78418,"date":"2016-02-04T12:38:11","date_gmt":"2016-02-04T15:38:11","guid":{"rendered":"http:\/\/aconteceunovale.com.br\/portal\/?p=78418"},"modified":"2016-02-04T12:38:11","modified_gmt":"2016-02-04T15:38:11","slug":"produtores-recebem-certificacao-de-hortalicas-organicas","status":"publish","type":"post","link":"https:\/\/aconteceunovale.com.br\/portal\/?p=78418","title":{"rendered":"Produtores recebem certifica\u00e7\u00e3o de hortali\u00e7as org\u00e2nicas"},"content":{"rendered":"<p>Um grupo de agricultores do munic\u00edpio de Claraval, no Sul de Minas, recebeu no in\u00edcio deste ano o certificado de produ\u00e7\u00e3o org\u00e2nica. Todos eles s\u00e3o orientados pela Empresa de Assist\u00eancia T\u00e9cnica e Extens\u00e3o Rural do Estado de Minas Gerais (Emater-MG). As lavouras certificadas s\u00e3o de alface, r\u00facula, piment\u00e3o, beterraba, ab\u00f3bora e outras hortali\u00e7as.<\/p>\n<p>Os 12 produtores adquiriram a certifica\u00e7\u00e3o do Escopo Org\u00e2nico, emitida pelo Instituto Mineiro de Agropecu\u00e1ria (IMA), ap\u00f3s o processo de adequa\u00e7\u00e3o das lavouras, sem uso de fertilizantes qu\u00edmicos e agrot\u00f3xicos. Eles foram avaliados pelos seus sistemas de cultivo, an\u00e1lise de documentos e entrevistas.<\/p>\n<p>Ap\u00f3s o t\u00e9rmino deste processo foram emitidos relat\u00f3rios que confirmaram a aprova\u00e7\u00e3o, por auditoria, de todos os agricultores que solicitaram ingressar no Programa de Certifica\u00e7\u00e3o de Org\u00e2nicos. O certificado obtido \u00e9 necess\u00e1rio para que os agricultores possam utilizar o selo de produto org\u00e2nico na comercializa\u00e7\u00e3o.<\/p>\n<p>Os alimentos dos agricultores certificados ser\u00e3o ofertados na merenda das escolas de Claraval e Franca (SP), nas feiras livres e no com\u00e9rcio varejista dos dois munic\u00edpios. De acordo com a produtora Nilvanir Consuelo Cintra, uma das certificadas, a inten\u00e7\u00e3o \u00e9, aos poucos, comercializar os produtos em outras cidades.<\/p>\n<p><img decoding=\"async\" src=\"http:\/\/aconteceunovale.com.br\/portal\/wp-content\/uploads\/2016\/02\/Alface.jpg\" alt=\"\" \/><em>Produtores recebem certifica\u00e7\u00e3o de hortali\u00e7as org\u00e2nicas em Claraval &#8211; Foto: Divulga\u00e7\u00e3o\/Emater<\/em><br \/>\n<\/br><\/p>\n<p>\u201cN\u00f3s queremos passar um produto que n\u00e3o prejudique a sa\u00fade das pessoas. Vamos buscar sempre melhorar e fazer com que nossa produ\u00e7\u00e3o possa ser vendida em outras localidades. Queremos priorizar a qualidade e, gradativamente, buscar a expans\u00e3o de nossos produtos\u201d, diz Nilvanir.<\/p>\n<p>O t\u00e9cnico da Emater-MG em Claraval, Enes Barbosa, acredita que a produ\u00e7\u00e3o poder\u00e1 alcan\u00e7ar melhor rentabilidade e os agricultores oferecer\u00e3o alimentos qualificados no mercado, al\u00e9m de garantir a sustentabilidade em todos os aspectos.<\/p>\n<p>\u201cAcredito que vamos abrir muitas portas com essa nova empreitada. Confio plenamente que a atividade ter\u00e1 melhorias rent\u00e1veis e vai proporcionar uma produ\u00e7\u00e3o com qualidade e sustent\u00e1vel\u201d, comentou.<\/p>\n<p>Com a certifica\u00e7\u00e3o na produ\u00e7\u00e3o de alimentos org\u00e2nicos, os agricultores de Claraval tornam-se os pioneiros neste segmento de produ\u00e7\u00e3o na \u00e1rea de atua\u00e7\u00e3o da Unidade Regional de Passos da Emater-MG, que abrange 23 munic\u00edpios do Sul de Minas.<\/p>\n<p>O secret\u00e1rio Municipal de Agricultura de Claraval, Edju Ricarte Cintra de Andrade, explica que a certifica\u00e7\u00e3o desses produtores \u00e9 um avan\u00e7o e aumentar\u00e1 a lucratividade dos agricultores como alternativa de fonte de renda das propriedades que, em sua maioria, s\u00f3 produziam caf\u00e9.<\/p>\n<p>\u201cEssa iniciativa \u00e9 muito importante para o nosso crescimento. Estamos abrindo mais uma oportunidade para o desenvolvimento, uma alternativa de qualidade ao munic\u00edpio que certamente ser\u00e1 de grande valia para a comunidade\u201d, diz Andrade. (Ag\u00eancia Minas)<\/p>\n","protected":false},"excerpt":{"rendered":"<p>Um grupo de agricultores do munic\u00edpio de Claraval, no Sul de Minas, recebeu no in\u00edcio deste ano o certificado de produ\u00e7\u00e3o org\u00e2nica. Todos eles s\u00e3o orientados pela Empresa de Assist\u00eancia T\u00e9cnica e Extens\u00e3o Rural do Estado de Minas Gerais (Emater-MG). As lavouras certificadas s\u00e3o de alface, r\u00facula, piment\u00e3o, beterraba, ab\u00f3bora e outras hortali\u00e7as. Os 12 [&hellip;]<\/p>\n","protected":false},"author":1,"featured_media":78419,"comment_status":"open","ping_status":"closed","sticky":false,"template":"","format":"standard","meta":{"amp_status":"","footnotes":""},"categories":[123],"tags":[76602,76598,76601,76597,36202,76596,76607,25775,76604,76605,76603,76600,76595,76594,76608,76599,76606],"class_list":["post-78418","post","type-post","status-publish","format-standard","has-post-thumbnail","hentry","category-gerais","tag-abobora","tag-alface","tag-beterraba","tag-certificacao-de-hortalicas-organicas-em-claraval","tag-claraval","tag-claraval-certificacao-de-hortalicas-organicas","tag-edju-ricarte-cintra-de-andrade","tag-emater-mg","tag-emater-mg-em-claraval","tag-enes-barbosa","tag-nilvanir-consuelo-cintra","tag-pimentao","tag-produtores-de-claraval-recebem-certificacao-de-hortalicas-organicas","tag-produtores-recebem-certificacao-de-hortalicas-organicas","tag-produtores-recebem-certificacao-de-hortalicas-organicas-em-claraval","tag-rucula","tag-secretario-municipal-de-agricultura-de-claraval"],"_links":{"self":[{"href":"https:\/\/aconteceunovale.com.br\/portal\/index.php?rest_route=\/wp\/v2\/posts\/78418","targetHints":{"allow":["GET"]}}],"collection":[{"href":"https:\/\/aconteceunovale.com.br\/portal\/index.php?rest_route=\/wp\/v2\/posts"}],"about":[{"href":"https:\/\/aconteceunovale.com.br\/portal\/index.php?rest_route=\/wp\/v2\/types\/post"}],"author":[{"embeddable":true,"href":"https:\/\/aconteceunovale.com.br\/portal\/index.php?rest_route=\/wp\/v2\/users\/1"}],"replies":[{"embeddable":true,"href":"https:\/\/aconteceunovale.com.br\/portal\/index.php?rest_route=%2Fwp%2Fv2%2Fcomments&post=78418"}],"version-history":[{"count":0,"href":"https:\/\/aconteceunovale.com.br\/portal\/index.php?rest_route=\/wp\/v2\/posts\/78418\/revisions"}],"wp:featuredmedia":[{"embeddable":true,"href":"https:\/\/aconteceunovale.com.br\/portal\/index.php?rest_route=\/wp\/v2\/media\/78419"}],"wp:attachment":[{"href":"https:\/\/aconteceunovale.com.br\/portal\/index.php?rest_route=%2Fwp%2Fv2%2Fmedia&parent=78418"}],"wp:term":[{"taxonomy":"category","embeddable":true,"href":"https:\/\/aconteceunovale.com.br\/portal\/index.php?rest_route=%2Fwp%2Fv2%2Fcategories&post=78418"},{"taxonomy":"post_tag","embeddable":true,"href":"https:\/\/aconteceunovale.com.br\/portal\/index.php?rest_route=%2Fwp%2Fv2%2Ftags&post=78418"}],"curies":[{"name":"wp","href":"https:\/\/api.w.org\/{rel}","templated":true}]}}