{"id":78415,"date":"2016-02-04T12:29:50","date_gmt":"2016-02-04T15:29:50","guid":{"rendered":"http:\/\/aconteceunovale.com.br\/portal\/?p=78415"},"modified":"2016-02-04T12:29:50","modified_gmt":"2016-02-04T15:29:50","slug":"maes-presas-doam-leite-para-a-maternidade-sofia-feldman","status":"publish","type":"post","link":"https:\/\/aconteceunovale.com.br\/portal\/?p=78415","title":{"rendered":"M\u00e3es presas doam leite para a Maternidade Sofia Feldman"},"content":{"rendered":"<p>Uma iniciativa in\u00e9dita da Secretaria de Estado de Defesa Social (Seds) passou a garantir este m\u00eas um refor\u00e7o no suprimento de leite da Maternidade Sofia Feldman, de Belo Horizonte. A contribui\u00e7\u00e3o vem de presas do Centro de Refer\u00eancia \u00e0 Gestante Privada de Liberdade (CRGPL), que est\u00e3o coletando o excedente da amamenta\u00e7\u00e3o dos pr\u00f3prios filhos.<\/p>\n<p>A diretora-geral do CRGPL, Eliane Paix\u00e3o, observa que o leite materno \u00e9 muito importante, principalmente para crian\u00e7as rec\u00e9m-nascidas internadas em Centros de Tratamento Intensivo (CTI\u2019s).  Ela fala por experi\u00eancia pr\u00f3pria. A filha ficou em uma CTI quando nasceu e Eliana percebeu a import\u00e2ncia do leite materno doado para as crian\u00e7as que estavam sob terapia intensiva.<\/p>\n<p>\u201cMe incomodava ver todos os dias leite materno sendo desperdi\u00e7ado aqui no Centro de Refer\u00eancia. Algumas mulheres t\u00eam muito leite. D\u00e1 pra amamentar o filho e ainda sobra bastante\u201d, conta a diretora.<\/p>\n<p>A proposta de doa\u00e7\u00e3o foi aceita de imediato pelo pessoal da Sofia Feldman, uma institui\u00e7\u00e3o privada sem fins lucrativos que atende exclusivamente pelo Sistema \u00danico de Sa\u00fade (SUS). A primeira parte do projeto foi um treinamento das m\u00e3es presas aplicado pelo Comit\u00ea de Aleitamento Maternal do Sofia Feldman.<\/p>\n<p><img decoding=\"async\" src=\"http:\/\/aconteceunovale.com.br\/portal\/wp-content\/uploads\/2016\/02\/DetentasLeite.jpg\" alt=\"\" \/><em>\u201c\u00c9 como se a gente virasse um pouco m\u00e3e delas tamb\u00e9m\u201d, diz uma das detentas doadoras de leite para os beb\u00eas da Sofia Feldman &#8211; Foto: Marcelo Sant&#8217;Anna \/ Imprensa Minas Gerais<\/em><br \/>\n<\/br><\/p>\n<p><strong>Parceria<\/strong><\/p>\n<p>Cintia Ribeiro, enfermeira obstetra e presidente do Comit\u00ea, Paula Cristina, enfermeira neonatal, e Cleidiane Alves, fisioterapeuta neonatal, foram as respons\u00e1veis pela instru\u00e7\u00e3o, realizada no CRGPL em dezembro, que incluiu orienta\u00e7\u00f5es para servidoras da unidade.<\/p>\n<p>Cintia diz que o novo projeto refor\u00e7a ainda mais a parceria entre as institui\u00e7\u00f5es. \u201cN\u00f3s j\u00e1 atendemos ao CRGPL. Muitas presas d\u00e3o \u00e0 luz no Sofia Feldman e uma vez por semana vamos at\u00e9 a unidade fazer atendimento m\u00e9dico. \u00c9 muito importante essa nova a\u00e7\u00e3o para firmar ainda mais essa troca, al\u00e9m de ajudar a salvar a vida de beb\u00eas\u201d.<\/p>\n<p>A diretora Eliana conta que, logo depois do treinamento, todas as presas se dispuseram a doar o excedente de leite, inclusive as gr\u00e1vidas. As detentas ficam no CRGPL at\u00e9 os filhos completarem um ano de idade.<\/p>\n<p><strong>Solidariedade<\/strong><\/p>\n<p>Uma delas \u00e9 Nicelda Saraiva de Moura, de 35 anos, que passou a gravidez do quarto filho no CRGPL e tamb\u00e9m j\u00e1 viveu o drama de ter um beb\u00ea internado no CTI. \u201cEu sei o que \u00e9 ver um filho naquele lugar, \u00e9 uma situa\u00e7\u00e3o muito triste, e poder ajudar essas m\u00e3es e essas crian\u00e7as, estando aqui, \u00e9 muito gratificante\u201d, diz a detenta.<\/p>\n<p>Outra presa, Lilian Gaspardine Vieira, de 29 anos, \u00e9 m\u00e3e de primeira viagem. Ela diz que procurou se colocar no lugar das mulheres que t\u00eam filhos em CTI\u2019s. \u201cProduzo muito leite e acabo jogando fora. Poder doar para as crian\u00e7as que est\u00e3o nessa situa\u00e7\u00e3o t\u00e3o triste e ajud\u00e1-las de alguma forma \u00e9 muito bom. \u00c9 como se a gente virasse um pouco m\u00e3e delas tamb\u00e9m\u201d, afirma.<\/p>\n<p><strong>Sala de coleta<\/strong><\/p>\n<p>Atualmente, o Centro de Refer\u00eancia \u00e0 Gestante Privada de Liberdade abriga 34 lactantes. Para a coleta do leite, uma sala da unidade foi equipada com freezer, lavabo com material de higieniza\u00e7\u00e3o das m\u00e3os e das mamas, um sof\u00e1 para a amamenta\u00e7\u00e3o e uma cadeirinha para as crian\u00e7as mais crescidas.<\/p>\n<p>A maternidade est\u00e1 fornecendo potes de vidro esterilizados para o armazenamento do leite, al\u00e9m de toucas e m\u00e1scaras descart\u00e1veis usadas durante a coleta. O pote \u00e9 etiquetado com dados da lactante, a data e o hor\u00e1rio da retirada do leite, que \u00e9 congelado e tem de ser consumido em at\u00e9 14 dias. <\/p>\n<p>Uma vez por semana uma equipe do hospital vai ao CRRGPL buscar os potes, que s\u00e3o acompanhados de um formul\u00e1rio com os dados de sa\u00fade da doadora. O leite passa pela Maternidade Odete Valadares, onde \u00e9 pasteurizado, antes de ficar dispon\u00edvel no Sofia Feldman para o consumo de beb\u00eas internos no CTI da institui\u00e7\u00e3o.<\/p>\n<p><strong>Refer\u00eancia<\/strong><\/p>\n<p>A Maternidade Sofia Feldman \u00e9 a maior em n\u00famero de interna\u00e7\u00f5es neonatais de Minas Gerais. As presas do CRGPL s\u00e3o acompanhadas pela equipe de sa\u00fade, sendo submetidas a exames cl\u00ednicos pr\u00e9-natais e tamb\u00e9m para detec\u00e7\u00e3o de doen\u00e7as sexualmente transmiss\u00edveis. (Ag\u00eancia Minas)<\/p>\n","protected":false},"excerpt":{"rendered":"<p>Uma iniciativa in\u00e9dita da Secretaria de Estado de Defesa Social (Seds) passou a garantir este m\u00eas um refor\u00e7o no suprimento de leite da Maternidade Sofia Feldman, de Belo Horizonte. A contribui\u00e7\u00e3o vem de presas do Centro de Refer\u00eancia \u00e0 Gestante Privada de Liberdade (CRGPL), que est\u00e3o coletando o excedente da amamenta\u00e7\u00e3o dos pr\u00f3prios filhos. A [&hellip;]<\/p>\n","protected":false},"author":1,"featured_media":78416,"comment_status":"open","ping_status":"closed","sticky":false,"template":"","format":"standard","meta":{"amp_status":"","footnotes":""},"categories":[123],"tags":[194,76585,76589,76591,76586,76587,76583,76588,76593,76580,76582,76592,76590,76581,76584],"class_list":["post-78415","post","type-post","status-publish","format-standard","has-post-thumbnail","hentry","category-gerais","tag-belo-horizonte","tag-centro-de-referencia-a-gestante-privada-de-liberdade","tag-cintia-ribeiro","tag-cleidiane-alves","tag-crgpl","tag-diretora-geral-do-crgpl","tag-doacao-de-leite-para-a-maternidade-sofia-feldman","tag-eliane-paixao","tag-lilian-gaspardine-vieira","tag-maes-presas-doam-leite-para-a-maternidade-sofia-feldman","tag-maternidade-sofia-feldman","tag-nicelda-saraiva-de-moura","tag-paula-cristina","tag-presas-doam-leite-para-a-maternidade-sofia-feldman","tag-suprimento-de-leite-da-maternidade-sofia-feldman"],"_links":{"self":[{"href":"https:\/\/aconteceunovale.com.br\/portal\/index.php?rest_route=\/wp\/v2\/posts\/78415","targetHints":{"allow":["GET"]}}],"collection":[{"href":"https:\/\/aconteceunovale.com.br\/portal\/index.php?rest_route=\/wp\/v2\/posts"}],"about":[{"href":"https:\/\/aconteceunovale.com.br\/portal\/index.php?rest_route=\/wp\/v2\/types\/post"}],"author":[{"embeddable":true,"href":"https:\/\/aconteceunovale.com.br\/portal\/index.php?rest_route=\/wp\/v2\/users\/1"}],"replies":[{"embeddable":true,"href":"https:\/\/aconteceunovale.com.br\/portal\/index.php?rest_route=%2Fwp%2Fv2%2Fcomments&post=78415"}],"version-history":[{"count":0,"href":"https:\/\/aconteceunovale.com.br\/portal\/index.php?rest_route=\/wp\/v2\/posts\/78415\/revisions"}],"wp:featuredmedia":[{"embeddable":true,"href":"https:\/\/aconteceunovale.com.br\/portal\/index.php?rest_route=\/wp\/v2\/media\/78416"}],"wp:attachment":[{"href":"https:\/\/aconteceunovale.com.br\/portal\/index.php?rest_route=%2Fwp%2Fv2%2Fmedia&parent=78415"}],"wp:term":[{"taxonomy":"category","embeddable":true,"href":"https:\/\/aconteceunovale.com.br\/portal\/index.php?rest_route=%2Fwp%2Fv2%2Fcategories&post=78415"},{"taxonomy":"post_tag","embeddable":true,"href":"https:\/\/aconteceunovale.com.br\/portal\/index.php?rest_route=%2Fwp%2Fv2%2Ftags&post=78415"}],"curies":[{"name":"wp","href":"https:\/\/api.w.org\/{rel}","templated":true}]}}