{"id":78395,"date":"2016-02-03T22:00:49","date_gmt":"2016-02-04T01:00:49","guid":{"rendered":"http:\/\/aconteceunovale.com.br\/portal\/?p=78395"},"modified":"2016-02-03T22:00:49","modified_gmt":"2016-02-04T01:00:49","slug":"policia-prende-lider-de-quadrilha-responsavel-por-diversos-crimes-na-regiao-de-itamarandiba","status":"publish","type":"post","link":"https:\/\/aconteceunovale.com.br\/portal\/?p=78395","title":{"rendered":"Pol\u00edcia prende l\u00edder de quadrilha respons\u00e1vel por diversos crimes na regi\u00e3o de Itamarandiba"},"content":{"rendered":"<p>Ap\u00f3s quatro dias de investiga\u00e7\u00e3o e campana, policiais de Capelinha e Itamarandiba, sob o comando do delegado Dr. Jos\u00e9 Oleg\u00e1rio de Oliveira, o Rambo, prenderam um homem, apontado como um dos \u201ccabe\u00e7as\u201d de uma quadrilha que vem cometendo diversos crimes na regi\u00e3o, principalmente em Itamarandiba. <\/p>\n<p>A quadrilha da qual faz parte P.R.S.S, de 27 anos, \u00e9 acusada de praticar assaltos, sequestros e homic\u00eddios. Ele foi preso em flagrante, ap\u00f3s a Pol\u00edcia Civil solicitar \u00e0 Justi\u00e7a um mandado de busca e apreens\u00e3o. Um menor de 17 anos, que vivia na casa de P.R.S.S, foi apreendido.<\/p>\n<p>A a\u00e7\u00e3o da pol\u00edcia, nos bairros S\u00e3o Geraldo e Bom Jesus, em Itamarandiba, retirou de circula\u00e7\u00e3o um vasto material que era utilizado pelo bando, incluindo uma espingarda Puma calibre 38, uma pistola calibre 40 adulterada, um rev\u00f3lver calibre 38, mais de 50 muni\u00e7\u00f5es de v\u00e1rios calibres, toucas ninjas, dois carros (um Fiat Uno e um Palio), al\u00e9m de R$ 9 mil em dinheiro. <\/p>\n<p>Um dos carros \u00e9 do menor, que recentemente havia sido apreendido por roubo qualificado, mas j\u00e1 estava novamente nas ruas devido \u00e0s determina\u00e7\u00f5es da lei brasileira. Ele \u00e9 um velho conhecido da pol\u00edcia da regi\u00e3o e tem uma s\u00e9rie de crimes recentes.<\/p>\n<p><img decoding=\"async\" src=\"http:\/\/aconteceunovale.com.br\/portal\/wp-content\/uploads\/2016\/02\/operacao_itamarandiba_1.jpg\" alt=\"\" \/><\/p>\n<p><img decoding=\"async\" src=\"http:\/\/aconteceunovale.com.br\/portal\/wp-content\/uploads\/2016\/02\/operacao_itamarandiba_2.jpg\" alt=\"\" \/><\/p>\n<p><img decoding=\"async\" src=\"http:\/\/aconteceunovale.com.br\/portal\/wp-content\/uploads\/2016\/02\/operacao_itamarandiba_3.jpg\" alt=\"\" \/><\/p>\n<p><img decoding=\"async\" src=\"http:\/\/aconteceunovale.com.br\/portal\/wp-content\/uploads\/2016\/02\/operacao_itamarandiba_4.jpg\" alt=\"\" \/><\/p>\n<p><img decoding=\"async\" src=\"http:\/\/aconteceunovale.com.br\/portal\/wp-content\/uploads\/2016\/02\/operacao_itamarandiba_5.jpg\" alt=\"\" \/><\/p>\n<p><img decoding=\"async\" src=\"http:\/\/aconteceunovale.com.br\/portal\/wp-content\/uploads\/2016\/02\/operacao_itamarandiba_6.jpg\" alt=\"\" \/><\/p>\n<p><em>(Fonte: Jornal Local \/ Rep\u00f3rter: Rosa Santos \/ Fotos: Jornal Local)<\/em><\/p>\n","protected":false},"excerpt":{"rendered":"<p>Ap\u00f3s quatro dias de investiga\u00e7\u00e3o e campana, policiais de Capelinha e Itamarandiba, sob o comando do delegado Dr. Jos\u00e9 Oleg\u00e1rio de Oliveira, o Rambo, prenderam um homem, apontado como um dos \u201ccabe\u00e7as\u201d de uma quadrilha que vem cometendo diversos crimes na regi\u00e3o, principalmente em Itamarandiba. A quadrilha da qual faz parte P.R.S.S, de 27 anos, [&hellip;]<\/p>\n","protected":false},"author":1,"featured_media":78396,"comment_status":"open","ping_status":"closed","sticky":false,"template":"","format":"standard","meta":{"amp_status":"","footnotes":""},"categories":[120],"tags":[132,76548,76553,76550,149,47224,76552,76543,76546,76544,76545,76547,76551,76549],"class_list":["post-78395","post","type-post","status-publish","format-standard","has-post-thumbnail","hentry","category-jequi","tag-capelinha","tag-chefe-de-quadrilha-itamarandiba","tag-delegado-dr-jose-olegario-de-oliveira","tag-delegado-rambo-itamarandiba","tag-itamarandiba","tag-jose-olegario-de-oliveira","tag-operacao-da-policia-civil-itamarandiba","tag-policia-prende-lider-de-quadrilha-responsavel-por-diversos-crimes-na-regiao-de-itamarandiba","tag-preso-em-itamarandiba","tag-prisao-de-chefe-de-quadrilha-em-itamarandiba","tag-prisao-em-itamarandiba","tag-quadrilha-itamarandiba","tag-rambo-itamarandiba","tag-violencia-itamarandiba"],"_links":{"self":[{"href":"https:\/\/aconteceunovale.com.br\/portal\/index.php?rest_route=\/wp\/v2\/posts\/78395","targetHints":{"allow":["GET"]}}],"collection":[{"href":"https:\/\/aconteceunovale.com.br\/portal\/index.php?rest_route=\/wp\/v2\/posts"}],"about":[{"href":"https:\/\/aconteceunovale.com.br\/portal\/index.php?rest_route=\/wp\/v2\/types\/post"}],"author":[{"embeddable":true,"href":"https:\/\/aconteceunovale.com.br\/portal\/index.php?rest_route=\/wp\/v2\/users\/1"}],"replies":[{"embeddable":true,"href":"https:\/\/aconteceunovale.com.br\/portal\/index.php?rest_route=%2Fwp%2Fv2%2Fcomments&post=78395"}],"version-history":[{"count":0,"href":"https:\/\/aconteceunovale.com.br\/portal\/index.php?rest_route=\/wp\/v2\/posts\/78395\/revisions"}],"wp:featuredmedia":[{"embeddable":true,"href":"https:\/\/aconteceunovale.com.br\/portal\/index.php?rest_route=\/wp\/v2\/media\/78396"}],"wp:attachment":[{"href":"https:\/\/aconteceunovale.com.br\/portal\/index.php?rest_route=%2Fwp%2Fv2%2Fmedia&parent=78395"}],"wp:term":[{"taxonomy":"category","embeddable":true,"href":"https:\/\/aconteceunovale.com.br\/portal\/index.php?rest_route=%2Fwp%2Fv2%2Fcategories&post=78395"},{"taxonomy":"post_tag","embeddable":true,"href":"https:\/\/aconteceunovale.com.br\/portal\/index.php?rest_route=%2Fwp%2Fv2%2Ftags&post=78395"}],"curies":[{"name":"wp","href":"https:\/\/api.w.org\/{rel}","templated":true}]}}