{"id":78379,"date":"2016-02-03T20:10:41","date_gmt":"2016-02-03T23:10:41","guid":{"rendered":"http:\/\/aconteceunovale.com.br\/portal\/?p=78379"},"modified":"2016-02-03T20:10:41","modified_gmt":"2016-02-03T23:10:41","slug":"filho-reencontra-o-pai-em-coronel-murta-apos-25-anos-de-procura","status":"publish","type":"post","link":"https:\/\/aconteceunovale.com.br\/portal\/?p=78379","title":{"rendered":"Filho reencontra o pai em Coronel Murta ap\u00f3s 25 anos de procura"},"content":{"rendered":"<p>Ap\u00f3s 25 anos de procura, o m\u00fasico Carlos Adenilson Andrade de Sousa, de 27 anos, residente em Montes Claros, na regi\u00e3o Norte de Minas, n\u00e3o imaginava que iria encontrar o pai, Jurandir Marcelino de Sousa, de 47 anos, atrav\u00e9s de uma receita de \u00f3culos emitida por um oftalmologista em Coronel Murta, no Vale do Jequitinhonha, onde o pai reside h\u00e1 10 anos.<\/p>\n<p>\u201cUm amigo que trabalha em uma \u00f3tica em Montes Claros viu a receita. Ele sabia que eu procurava por meu pai e ao ver o sobrenome, decidimos investigar mais. Cruzamos os dados e acabei descobrindo o paradeiro dele\u201d, relembra o m\u00fasico emocionado, ao se encontrar com o pai, h\u00e1 cerca de uma semana em Coronel Murta.<\/p>\n<p>\u201cNingu\u00e9m sabia o paradeiro dele, mas eu nunca perdi a esperan\u00e7a de encontra-lo. Procurei em sites de desaparecidos e sempre buscava informa\u00e7\u00f5es\u201d, conta  o jovem, que tinha 2 anos,  quando o pai se separou da m\u00e3e, em Montes Claros.<\/p>\n<p><img decoding=\"async\" src=\"http:\/\/aconteceunovale.com.br\/portal\/wp-content\/uploads\/2016\/02\/reencontro_cm_1.jpg\" alt=\"\" \/><em>Filho reencontra o pai em Coronel Murta &#8211; Foto: Gazeta de Ara\u00e7ua\u00ed<\/em><br \/>\n<\/br><\/p>\n<p>O pai conta que  ap\u00f3s a separa\u00e7\u00e3o, \u201ccaiu no mundo\u201d e ficou todo esse tempo sem dar noticias para a fam\u00edlia.  \u201cCreio at\u00e9 que eles pensaram que eu tinha morrido. Morei em Paracatu, Noroeste do estado, e finalmente em Josen\u00f3polis, onde conheci minha atual mulher\u201d, lembra o pedreiro e agricultor Jurandir Marcelino, hoje casado com dona Lourdes Ferreira, tamb\u00e9m de 47 anos, com quem tem dois filhos, de 8 e 3 anos, uma enteada de 19 e um neto de 1 ano e 3 meses.<\/p>\n<p>Residente em uma rua do Bairro Palmeiras, em Coronel Murta, poucos sabiam da hist\u00f3ria emocionante do pedreiro, que  nasceu  na zona rural de Cora\u00e7\u00e3o de Jesus,  a 100 km de Montes Claros,  e onde ainda reside a primeira mulher, m\u00e3e de Carlos Adenilson.<\/p>\n<p>O caso veio \u00e0 tona \u00e0s v\u00e9speras do Natal do ano passado, depois que o chefe do escrit\u00f3rio local da Emater em Coronel Murta, Ricardo Fro\u00e9s, amigo do pedreiro, tomou conhecimento da hist\u00f3ria em uma sapataria em Montes Claros, cidade que o pai dele \u00e9 vice-prefeito. \u201cO dono da sapataria ao saber que eu morava em Coronel Murta, perguntou se eu conhecia o Jurandir e falou que o filho dele o procurava h\u00e1 25 anos. Acabei fazendo a liga\u00e7\u00e3o entre pai e filho\u201d, disse Fr\u00f3es.<\/p>\n<p>\u201cEu j\u00e1 sabia desde agosto que ele estava vivo e morando em Coronel Murta e chegamos at\u00e9 a ter um encontro t\u00edmido em Montes Claros\u201d, disse o m\u00fasico.<\/p>\n<p>\u201cEu nunca perdi a esperan\u00e7a de reencontrar o meu primeiro filho, por\u00e9m, minhas condi\u00e7\u00f5es financeiras n\u00e3o permitiam que eu o procurasse.\u201d, afirma o pedreiro, que atualmente frequenta uma igreja evang\u00e9lica da cidade.<\/p>\n<p>\u201cMinha m\u00e3e casou novamente e teve dois filhos. Meu receio era com a rea\u00e7\u00e3o das fam\u00edlias. Estou muito feliz de conhecer minhas irm\u00e3s aqui em Coronel Murta.\u201d, conta o m\u00fasico.<\/p>\n<p><img decoding=\"async\" src=\"http:\/\/aconteceunovale.com.br\/portal\/wp-content\/uploads\/2016\/02\/reencontro_cm_2.jpg\" alt=\"\" \/><em>Filho reencontra o pai em Coronel Murta &#8211; Foto: Gazeta de Ara\u00e7ua\u00ed<\/em><br \/>\n<\/br><\/p>\n<p><img decoding=\"async\" src=\"http:\/\/aconteceunovale.com.br\/portal\/wp-content\/uploads\/2016\/02\/reencontro_cm_3.jpg\" alt=\"\" \/><em>Filho reencontra o pai em Coronel Murta &#8211; Foto: Gazeta de Ara\u00e7ua\u00ed<\/em><br \/>\n<\/br><\/p>\n<p><em>(Fonte: Gazeta de Ara\u00e7ua\u00ed)<\/em><\/p>\n","protected":false},"excerpt":{"rendered":"<p>Ap\u00f3s 25 anos de procura, o m\u00fasico Carlos Adenilson Andrade de Sousa, de 27 anos, residente em Montes Claros, na regi\u00e3o Norte de Minas, n\u00e3o imaginava que iria encontrar o pai, Jurandir Marcelino de Sousa, de 47 anos, atrav\u00e9s de uma receita de \u00f3culos emitida por um oftalmologista em Coronel Murta, no Vale do Jequitinhonha, [&hellip;]<\/p>\n","protected":false},"author":1,"featured_media":78380,"comment_status":"open","ping_status":"closed","sticky":false,"template":"","format":"standard","meta":{"amp_status":"","footnotes":""},"categories":[120],"tags":[76528,1801,483,76530,2247,76529,210,76526,76525,212,76527],"class_list":["post-78379","post","type-post","status-publish","format-standard","has-post-thumbnail","hentry","category-jequi","tag-carlos-adenilson-andrade-de-sousa","tag-coracao-de-jesus","tag-coronel-murta","tag-filho-reencontra-o-pai-em-coronel-murta-apos-25-anos-de-procura","tag-josenopolis","tag-jurandir-marcelino-de-sousa","tag-montes-claros","tag-musico-reencontra-o-pai-em-coronel-murta","tag-musico-reencontra-o-pai-em-coronel-murta-apos-25-anos-de-procura","tag-paracatu","tag-reencontro-em-coronel-murta"],"_links":{"self":[{"href":"https:\/\/aconteceunovale.com.br\/portal\/index.php?rest_route=\/wp\/v2\/posts\/78379","targetHints":{"allow":["GET"]}}],"collection":[{"href":"https:\/\/aconteceunovale.com.br\/portal\/index.php?rest_route=\/wp\/v2\/posts"}],"about":[{"href":"https:\/\/aconteceunovale.com.br\/portal\/index.php?rest_route=\/wp\/v2\/types\/post"}],"author":[{"embeddable":true,"href":"https:\/\/aconteceunovale.com.br\/portal\/index.php?rest_route=\/wp\/v2\/users\/1"}],"replies":[{"embeddable":true,"href":"https:\/\/aconteceunovale.com.br\/portal\/index.php?rest_route=%2Fwp%2Fv2%2Fcomments&post=78379"}],"version-history":[{"count":0,"href":"https:\/\/aconteceunovale.com.br\/portal\/index.php?rest_route=\/wp\/v2\/posts\/78379\/revisions"}],"wp:featuredmedia":[{"embeddable":true,"href":"https:\/\/aconteceunovale.com.br\/portal\/index.php?rest_route=\/wp\/v2\/media\/78380"}],"wp:attachment":[{"href":"https:\/\/aconteceunovale.com.br\/portal\/index.php?rest_route=%2Fwp%2Fv2%2Fmedia&parent=78379"}],"wp:term":[{"taxonomy":"category","embeddable":true,"href":"https:\/\/aconteceunovale.com.br\/portal\/index.php?rest_route=%2Fwp%2Fv2%2Fcategories&post=78379"},{"taxonomy":"post_tag","embeddable":true,"href":"https:\/\/aconteceunovale.com.br\/portal\/index.php?rest_route=%2Fwp%2Fv2%2Ftags&post=78379"}],"curies":[{"name":"wp","href":"https:\/\/api.w.org\/{rel}","templated":true}]}}