{"id":78375,"date":"2016-02-03T19:34:33","date_gmt":"2016-02-03T22:34:33","guid":{"rendered":"http:\/\/aconteceunovale.com.br\/portal\/?p=78375"},"modified":"2016-02-03T19:34:33","modified_gmt":"2016-02-03T22:34:33","slug":"samarco-pede-adiamento-de-deposito-de-r-2-bilhoes-para-fundo-de-recuperacao","status":"publish","type":"post","link":"https:\/\/aconteceunovale.com.br\/portal\/?p=78375","title":{"rendered":"Samarco pede adiamento de dep\u00f3sito de R$ 2 bilh\u00f5es para fundo de recupera\u00e7\u00e3o"},"content":{"rendered":"<p>A Samarco, a Vale e a BHP Billiton pediram \u00e0 Justi\u00e7a o adiamento do prazo para fazer um dep\u00f3sito de R$ 2 bilh\u00f5es no fundo para a recupera\u00e7\u00e3o ambiental e social da bacia do Rio Doce, devastada pela lama liberada com o rompimento da barragem de Fund\u00e3o, em Mariana (MG), no dia 5 de novembro. <\/p>\n<p>O dep\u00f3sito havia sido determinado pela Justi\u00e7a em decorr\u00eancia de uma a\u00e7\u00e3o civil p\u00fablica aberta pela Advocacia-Geral da Uni\u00e3o (AGU) e as procuradorias-gerais de Minas Gerais e Esp\u00edrito Santo, na qual foi proposta que as empresas formassem um fundo de R$ 20 bilh\u00f5es para custear programas ambientais e sociais de recupera\u00e7\u00e3o da bacia ao longo de dez anos. Os R$ 2 bilh\u00f5es que deveriam ser depositados hoje (3) s\u00e3o a primeira parte do pagamento desse fundo.<\/p>\n<p>Este \u00e9 o segundo pedido de prorroga\u00e7\u00e3o do prazo. O primeiro prazo expirou em 19 de janeiro. No pedido protocolado nesta quarta-feira na Justi\u00e7a, a Samarco alega \u201cque as tratativas para um acordo relativo \u00e0 a\u00e7\u00e3o civil p\u00fablica est\u00e3o em curso e que as partes necessitam de mais tempo para a sua conclus\u00e3o.\u201d<\/p>\n<p>Em 21 de janeiro, as empresas, representantes dos estados e a AGU reuniram-se em Bras\u00edlia para discutir um acordo sobre a cria\u00e7\u00e3o do fundo que possibilite, inclusive, a retomada das atividades pela empresa. \u00c0 \u00e9poca, o advogado-geral da Uni\u00e3o, Luis In\u00e1cio Adams, disse que esperava que o acordo fosse fechado ainda antes do carnaval.<\/p>\n<p>No dia 5 de novembro do ano passado, o rompimento da Barragem de Fund\u00e3o derramou 32 milh\u00f5es de metros c\u00fabicos de lama de rejeitos de minera\u00e7\u00e3o no Rio Doce em Mariana (MG). O epis\u00f3dio causou a morte de 17 pessoas, prejudicou munic\u00edpios em Minas Gerais e no Esp\u00edrito Santo e continua causando impactos ambientais graves no rio e no oceano.<\/p>\n<p>Por meio de sua assessoria, a AGU disse n\u00e3o ter sido notificada sobre o pedido de prorroga\u00e7\u00e3o do prazo. (Ag\u00eancia Brasil)<\/p>\n","protected":false},"excerpt":{"rendered":"<p>A Samarco, a Vale e a BHP Billiton pediram \u00e0 Justi\u00e7a o adiamento do prazo para fazer um dep\u00f3sito de R$ 2 bilh\u00f5es no fundo para a recupera\u00e7\u00e3o ambiental e social da bacia do Rio Doce, devastada pela lama liberada com o rompimento da barragem de Fund\u00e3o, em Mariana (MG), no dia 5 de novembro. [&hellip;]<\/p>\n","protected":false},"author":1,"featured_media":76787,"comment_status":"open","ping_status":"closed","sticky":false,"template":"","format":"standard","meta":{"amp_status":"","footnotes":""},"categories":[123],"tags":[74666,21801,74202,66100,76518,76516,65621,7363,66597,66993,32642,76515,76517,65288,2910],"class_list":["post-78375","post","type-post","status-publish","format-standard","has-post-thumbnail","hentry","category-gerais","tag-agu","tag-bacia-do-rio-doce","tag-bhp","tag-bhp-billiton","tag-deposito-de-r-2-bilhoes-no-fundo-para-a-recuperacao-ambiental-e-social-da-bacia-do-rio-doce","tag-fundo-de-recuperacao-do-rio-doce","tag-lama","tag-mariana","tag-recuperacao-da-bacia-do-rio-doce","tag-rompimento-da-barragem-de-fundao","tag-samarco","tag-samarco-pede-adiamento-de-deposito-de-r-2-bilhoes-para-fundo-de-recuperacao","tag-samarco-pede-adiamento-de-deposito-para-fundo-de-recuperacao","tag-tragedia-samarco","tag-vale"],"_links":{"self":[{"href":"https:\/\/aconteceunovale.com.br\/portal\/index.php?rest_route=\/wp\/v2\/posts\/78375","targetHints":{"allow":["GET"]}}],"collection":[{"href":"https:\/\/aconteceunovale.com.br\/portal\/index.php?rest_route=\/wp\/v2\/posts"}],"about":[{"href":"https:\/\/aconteceunovale.com.br\/portal\/index.php?rest_route=\/wp\/v2\/types\/post"}],"author":[{"embeddable":true,"href":"https:\/\/aconteceunovale.com.br\/portal\/index.php?rest_route=\/wp\/v2\/users\/1"}],"replies":[{"embeddable":true,"href":"https:\/\/aconteceunovale.com.br\/portal\/index.php?rest_route=%2Fwp%2Fv2%2Fcomments&post=78375"}],"version-history":[{"count":0,"href":"https:\/\/aconteceunovale.com.br\/portal\/index.php?rest_route=\/wp\/v2\/posts\/78375\/revisions"}],"wp:featuredmedia":[{"embeddable":true,"href":"https:\/\/aconteceunovale.com.br\/portal\/index.php?rest_route=\/wp\/v2\/media\/76787"}],"wp:attachment":[{"href":"https:\/\/aconteceunovale.com.br\/portal\/index.php?rest_route=%2Fwp%2Fv2%2Fmedia&parent=78375"}],"wp:term":[{"taxonomy":"category","embeddable":true,"href":"https:\/\/aconteceunovale.com.br\/portal\/index.php?rest_route=%2Fwp%2Fv2%2Fcategories&post=78375"},{"taxonomy":"post_tag","embeddable":true,"href":"https:\/\/aconteceunovale.com.br\/portal\/index.php?rest_route=%2Fwp%2Fv2%2Ftags&post=78375"}],"curies":[{"name":"wp","href":"https:\/\/api.w.org\/{rel}","templated":true}]}}