{"id":78372,"date":"2016-02-03T19:29:30","date_gmt":"2016-02-03T22:29:30","guid":{"rendered":"http:\/\/aconteceunovale.com.br\/portal\/?p=78372"},"modified":"2016-02-03T19:29:30","modified_gmt":"2016-02-03T22:29:30","slug":"camara-recebe-laudo-que-mostra-que-agua-do-rio-doce-esta-impropria-para-consumo","status":"publish","type":"post","link":"https:\/\/aconteceunovale.com.br\/portal\/?p=78372","title":{"rendered":"C\u00e2mara recebe laudo que mostra que \u00e1gua do Rio Doce est\u00e1 impr\u00f3pria para consumo"},"content":{"rendered":"<p>A Frente Parlamentar do Meio Ambiente da C\u00e2mara dos Deputados recebeu hoje (03\/02) um laudo t\u00e9cnico que mostra que a \u00e1gua do Rio Doce est\u00e1 impr\u00f3pria para consumo humano e de animais. O material foi elaborado pela Funda\u00e7\u00e3o SOS Mata Atl\u00e2ntica em parceria com universidades e outras organiza\u00e7\u00f5es da sociedade civil.<\/p>\n<p>Para analisar o impacto ambiental no rio, uma expedi\u00e7\u00e3o foi feita no per\u00edodo de 6 a 12 de dezembro de 2015 percorrendo os munic\u00edpios afetados pelo rompimento da barragem na cidade de Mariana (MG). Foram coletadas 29 amostras de lama e \u00e1gua para an\u00e1lise em laborat\u00f3rio ao longo de 29 munic\u00edpios. Dos 18 pontos analisados em campo, 16 apresentaram o IQA (\u00cdndice de Qualidade da \u00c1gua) p\u00e9ssimo e dois regular.<\/p>\n<p>No dia 5 de novembro do ano passado, o rompimento da Barragem de Fund\u00e3o derramou 32 milh\u00f5es de metros c\u00fabicos de lama de rejeitos de minera\u00e7\u00e3o no Rio Doce em Mariana (MG). O epis\u00f3dio causou a morte de 17 pessoas, prejudicou munic\u00edpios em Minas Gerais e no Esp\u00edrito Santo e continua causando impactos ambientais graves no rio e no oceano.<\/p>\n<p><img decoding=\"async\" src=\"http:\/\/aconteceunovale.com.br\/portal\/wp-content\/uploads\/2016\/02\/rio_doce_morre.jpg\" alt=\"\" \/><em>O rompimento da barragem causou impactos ambientais graves no rio Doce e no oceano &#8211; Foto: Leonardo Mer\u00e7on \/ Instituto \u00daltimos Ref\u00fagios \/ Divulga\u00e7\u00e3o<\/em><br \/>\n<\/br><\/p>\n<p><strong>Metais pesados<\/strong><\/p>\n<p>Segundo a coordenadora da Rede das \u00c1guas da Funda\u00e7\u00e3o SOS Mata Atl\u00e2ntica, Malu Ribeiro, a expedi\u00e7\u00e3o constatou que a condi\u00e7\u00e3o ambiental do Rio Doce \u00e9 p\u00e9ssima em 650 quil\u00f4metros de rios. \u201cA lama e o rejeito de min\u00e9rio trouxeram uma quantidade de metais pesados que j\u00e1 existiam na bacia do rio, mas em par\u00e2metros aceit\u00e1veis, mas, a partir do acidente, essas quantidades aumentaram em at\u00e9 5 mil vezes e isso que torna a \u00e1gua bruta impropria para uso em toda a bacia\u201d, disse.<\/p>\n<p>A coordenadora lembrou que em v\u00e1rias localidades a popula\u00e7\u00e3o se sente insegura com as informa\u00e7\u00f5es repassadas sobre o uso da \u00e1gua. \u201cNesses locais as \u00e1guas ficaram indispon\u00edveis para usos m\u00faltiplos com base no que estabelece a legisla\u00e7\u00e3o vigente\u201d, disse. \u201cA popula\u00e7\u00e3o diz que est\u00e1 insegura com as informa\u00e7\u00f5es\u201d.<\/p>\n<p>O estudo aponta que a turbidez e o total de s\u00f3lidos em suspens\u00e3o est\u00e3o em concentra\u00e7\u00f5es muito acima do que estabelece a legisla\u00e7\u00e3o. Ela variou de 5.150 NTU (Nephelometric Turbidity Unit, unidade matem\u00e1tica utilizada na medi\u00e7\u00e3o da turbidez) na regi\u00e3o de Bento Rodrigues e Barra Longa, a 1.220 NTU em Ipatinga (MG), aumentando gradativamente na regi\u00e3o da foz, em Reg\u00eancia (ES). \u201cO m\u00e1ximo aceit\u00e1vel deveria ser 40 NTU\u201d, diz Malu.<\/p>\n<p>Durante a sua exposi\u00e7\u00e3o, Malu lembrou que o Rio Doce apresentava uma condi\u00e7\u00e3o prec\u00e1ria antes do rompimento da barragem de rejeito de min\u00e9rio, mas que a situa\u00e7\u00e3o se agravou severamente, ap\u00f3s o rompimento e com a chegada das chuvas que arrastam mais lama para o leito do rio.<\/p>\n<p>\u201cEm alguns trechos, o leito n\u00e3o tinha mais que 40 cent\u00edmetros de profundidade. Muitos desses lugares a popula\u00e7\u00e3o usava canoas para se deslocar e isso n\u00e3o \u00e9 mais poss\u00edvel\u201d, afirmou. \u201cAgora com as chuvas, mais sedimentos est\u00e3o sendo carregados novamente para o leito do rio\u201d.<\/p>\n<p><strong>Legisla\u00e7\u00e3o ambiental<\/strong><\/p>\n<p>Para os deputados da frente, o material serve de subs\u00eddio para que o Congresso Nacional melhore a legisla\u00e7\u00e3o ambiental. \u201cEsse laudo subsidia a gente para propor e cobrar do parlamento a contribui\u00e7\u00e3o que ele pode dar\u201d, disse o deputado Alessandro Molon (Rede-RJ).<\/p>\n<p>Segundo Molon, o estudo tamb\u00e9m serve para cobrar dos governo federal, estadual e municipais medidas mais eficazes de apoio a popula\u00e7\u00e3o afetada e de recupera\u00e7\u00e3o da bacia do Rio Doce. \u201cTemos que fazer desse lim\u00e3o uma limonada, tomando medidas para reparar os graves danos causados e recuperar o rio. A trag\u00e9dia de Mariana pode se tornar um caso de sucesso se o Poder P\u00fablico se empenhar nesse caso\u201d, opinou.<\/p>\n<p>Presidente da frente, o deputado Sarney Filho (PV-MA) disse que o rompimento da barragem de rejeitos em Mariana foi uma trag\u00e9dia anunciada e que o vazamento de lama continua. O deputado disse que \u00e9 preciso haver a responsabiliza\u00e7\u00e3o dos respons\u00e1veis \u201cque, negligentemente, deixaram isso ocorrer\u201d, disse.<\/p>\n<p>Sarney Filho disse ainda que a proposta de novo C\u00f3digo de Minera\u00e7\u00e3o, em tramita\u00e7\u00e3o na C\u00e2mara dos Deputados, deve ser revista. Segundo o deputado, o texto, que est\u00e1 pr\u00f3ximo de ir \u00e0 vota\u00e7\u00e3o em Plen\u00e1rio, \u00e9 francamente favor\u00e1vel \u00e0 atividade de minera\u00e7\u00e3o em detrimento das quest\u00f5es ambientais. &#8220;\u00c9 preciso privilegiar as popula\u00e7\u00f5es que s\u00e3o atingidas direta ou indiretamente por essa atividade&#8221;, disse.<\/p>\n<p>(Ag\u00eancia Brasil)<\/p>\n","protected":false},"excerpt":{"rendered":"<p>A Frente Parlamentar do Meio Ambiente da C\u00e2mara dos Deputados recebeu hoje (03\/02) um laudo t\u00e9cnico que mostra que a \u00e1gua do Rio Doce est\u00e1 impr\u00f3pria para consumo humano e de animais. O material foi elaborado pela Funda\u00e7\u00e3o SOS Mata Atl\u00e2ntica em parceria com universidades e outras organiza\u00e7\u00f5es da sociedade civil. Para analisar o impacto [&hellip;]<\/p>\n","protected":false},"author":1,"featured_media":78373,"comment_status":"open","ping_status":"closed","sticky":false,"template":"","format":"standard","meta":{"amp_status":"","footnotes":""},"categories":[6,123],"tags":[71177,76508,76514,65269,65265,59520,76505,71178,1018,76506,76512,65621,76510,7363,1829,66502,76511,1774,66993,76513,32642,76507,76509,65291,65288],"class_list":["post-78372","post","type-post","status-publish","format-standard","has-post-thumbnail","hentry","category-br","category-gerais","tag-agua-do-rio-doce","tag-agua-do-rio-doce-impropria-para-consumo","tag-alessandro-molon","tag-barragem-da-samarco","tag-barragem-de-fundao","tag-bento-rodrigues","tag-camara-recebe-laudo-que-mostra-que-agua-do-rio-doce-esta-impropria-para-consumo","tag-contaminacao-da-agua-do-rio-doce","tag-destaque","tag-frente-parlamentar-do-meio-ambiente-da-camara","tag-frente-parlamentar-do-meio-ambiente-da-camara-dos-deputados","tag-lama","tag-laudo-agua-do-rio-doce","tag-mariana","tag-meio-ambiente","tag-metais-pesados-na-agua-do-rio-doce","tag-poluicao-da-agua-do-rio-doce","tag-rio-doce","tag-rompimento-da-barragem-de-fundao","tag-rompimento-da-barragem-na-cidade-de-mariana","tag-samarco","tag-sarney-filho","tag-situacao-da-agua-do-rio-doce","tag-tragedia-mariana","tag-tragedia-samarco"],"_links":{"self":[{"href":"https:\/\/aconteceunovale.com.br\/portal\/index.php?rest_route=\/wp\/v2\/posts\/78372","targetHints":{"allow":["GET"]}}],"collection":[{"href":"https:\/\/aconteceunovale.com.br\/portal\/index.php?rest_route=\/wp\/v2\/posts"}],"about":[{"href":"https:\/\/aconteceunovale.com.br\/portal\/index.php?rest_route=\/wp\/v2\/types\/post"}],"author":[{"embeddable":true,"href":"https:\/\/aconteceunovale.com.br\/portal\/index.php?rest_route=\/wp\/v2\/users\/1"}],"replies":[{"embeddable":true,"href":"https:\/\/aconteceunovale.com.br\/portal\/index.php?rest_route=%2Fwp%2Fv2%2Fcomments&post=78372"}],"version-history":[{"count":0,"href":"https:\/\/aconteceunovale.com.br\/portal\/index.php?rest_route=\/wp\/v2\/posts\/78372\/revisions"}],"wp:featuredmedia":[{"embeddable":true,"href":"https:\/\/aconteceunovale.com.br\/portal\/index.php?rest_route=\/wp\/v2\/media\/78373"}],"wp:attachment":[{"href":"https:\/\/aconteceunovale.com.br\/portal\/index.php?rest_route=%2Fwp%2Fv2%2Fmedia&parent=78372"}],"wp:term":[{"taxonomy":"category","embeddable":true,"href":"https:\/\/aconteceunovale.com.br\/portal\/index.php?rest_route=%2Fwp%2Fv2%2Fcategories&post=78372"},{"taxonomy":"post_tag","embeddable":true,"href":"https:\/\/aconteceunovale.com.br\/portal\/index.php?rest_route=%2Fwp%2Fv2%2Ftags&post=78372"}],"curies":[{"name":"wp","href":"https:\/\/api.w.org\/{rel}","templated":true}]}}