{"id":78115,"date":"2016-02-01T16:03:45","date_gmt":"2016-02-01T19:03:45","guid":{"rendered":"http:\/\/aconteceunovale.com.br\/portal\/?p=78115"},"modified":"2016-02-01T16:03:45","modified_gmt":"2016-02-01T19:03:45","slug":"justica-do-rio-condena-13-policiais-por-tortura-e-morte-do-pedreiro-amarildo-de-souza","status":"publish","type":"post","link":"https:\/\/aconteceunovale.com.br\/portal\/?p=78115","title":{"rendered":"Justi\u00e7a do Rio condena 13 policiais por tortura e morte do pedreiro Amarildo de Souza"},"content":{"rendered":"<p>A 35\u00aa Vara Criminal do Rio de Janeiro condenou 13 dos 25 policiais militares acusados da tortura e morte do pedreiro Amarildo de Souza, em 2013, na Rocinha, na zona sul da cidade. Entre eles est\u00e1 o ex-comandante da Unidade de Pol\u00edcia Pacificadora (UPP) da Rocinha major Edson Santos, condenado a 13 anos e sete meses de pris\u00e3o pelos crimes de tortura e oculta\u00e7\u00e3o de cad\u00e1ver.<\/p>\n<p>Outro condenado \u00e9 o tenente Luiz Felipe Medeiros, subcomandante da UPP na \u00e9poca do desaparecimento de Amarildo, que recebeu a pena de dez anos e sete meses de pris\u00e3o pelos crimes de tortura, oculta\u00e7\u00e3o de cad\u00e1ver e fraude processual (por ter tentado prejudicar a investiga\u00e7\u00e3o do crime).<\/p>\n<p>A segunda maior pena recaiu sobre o soldado Douglas Roberto Vital Machado: 11 anos e seis meses, pelos crimes de tortura e oculta\u00e7\u00e3o de cad\u00e1ver.<\/p>\n<p>A Justi\u00e7a tamb\u00e9m condenou, pelos mesmos crimes, a dez anos e quatro meses de reclus\u00e3o, os soldados Marlon Campos Reis, Jorge Luiz Gon\u00e7alves Coelho, Jairo da Concei\u00e7\u00e3o Ribas, Anderson C\u00e9sar Soares Maia, Wellington Tavares da Silva, F\u00e1bio Brasil da Rocha da Gra\u00e7a e Felipe Maia Queiroz Moura.<\/p>\n<p>As policiais Rachel de Souza Peixoto e Tha\u00eds Rodrigues Gusm\u00e3o receberam pena de nove anos e quatro meses cada uma. O d\u00e9cimo terceiro r\u00e9u, o soldado Victor Vinicius Pereira da Silva, teve a puni\u00e7\u00e3o extinta por ter morrido no ano passado.<\/p>\n<p>Os 12 condenados tamb\u00e9m v\u00e3o perder a fun\u00e7\u00e3o p\u00fablica.<\/p>\n<p><img decoding=\"async\" src=\"http:\/\/aconteceunovale.com.br\/portal\/wp-content\/uploads\/2016\/02\/pedreiro_amarildo.jpg\" alt=\"\" \/><em>O pedreiro desapareceu em julho de 2013 &#8211; Foto: Arquivo \/ Ag\u00eancia Brasil<\/em><br \/>\n<\/br><\/p>\n<p><strong>Investiga\u00e7\u00e3o<\/strong><\/p>\n<p>O caso aconteceu em julho de 2013, quando o ent\u00e3o comandante da UPP, major Edson Santos, determinou que os policiais de sua unidade localizassem suspeitos de liga\u00e7\u00e3o com a venda de drogas na comunidade e levassem essas pessoas \u00e0 sede da UPP, para interrog\u00e1-las. Durante a a\u00e7\u00e3o, os policiais receberam a informa\u00e7\u00e3o de que Amarildo de Souza &#8220;estaria com as chaves do paiol do tr\u00e1fico&#8221;.<\/p>\n<p>O pedreiro ent\u00e3o foi detido e levado para a base da UPP. Ali, segundo a Justi\u00e7a, sob as ordens dos dois oficiais da UPP, Amarildo foi torturado e morto por um grupo de policiais, enquanto outros faziam a vigil\u00e2ncia do entorno da base. Depois da morte, os policiais ocultaram o corpo.<\/p>\n<p>O advogado Jo\u00e3o Tancredo, que auxilia a fam\u00edlia de Amarildo, disse que a condena\u00e7\u00e3o \u00e9 um reconhecimento da morte do pedreiro pelo Estado. \u201cO sentimento [da fam\u00edlia] \u00e9 que n\u00e3o importa o tempo de pena. O que importa \u00e9 que o Estado reconheceu que foram os policiais que sequestraram e assassinaram Amarildo\u201d, disse. O corpo do pedreiro nunca foi localizado. (Ag\u00eancia Brasil)<\/p>\n","protected":false},"excerpt":{"rendered":"<p>A 35\u00aa Vara Criminal do Rio de Janeiro condenou 13 dos 25 policiais militares acusados da tortura e morte do pedreiro Amarildo de Souza, em 2013, na Rocinha, na zona sul da cidade. Entre eles est\u00e1 o ex-comandante da Unidade de Pol\u00edcia Pacificadora (UPP) da Rocinha major Edson Santos, condenado a 13 anos e sete [&hellip;]<\/p>\n","protected":false},"author":1,"featured_media":78116,"comment_status":"open","ping_status":"closed","sticky":false,"template":"","format":"standard","meta":{"amp_status":"","footnotes":""},"categories":[6],"tags":[75955,75952,75965,75954,75961,75959,75967,75968,75964,75963,25807,75971,75960,75958,75962,75956,75953,75957,75969,1104,75970,75972,75966],"class_list":["post-78115","post","type-post","status-publish","format-standard","has-post-thumbnail","hentry","category-br","tag-35a-vara-criminal-do-rio-de-janeiro","tag-amarildo-de-souza","tag-anderson-cesar-soares-maia","tag-condenacao","tag-douglas-roberto-vital-machado","tag-edson-santos","tag-fabio-brasil-da-rocha-da-graca","tag-felipe-maia-queiroz-moura","tag-jairo-da-conceicao-ribas","tag-jorge-luiz-goncalves-coelho","tag-justica","tag-justica-do-rio-condena-13-policiais-por-tortura-e-morte-do-pedreiro-amarildo-de-souza","tag-luiz-felipe-medeiros","tag-major-edson-santos","tag-marlon-campos-reis","tag-militares-acusados-da-tortura-e-morte-do-pedreiro-amarildo-de-souza","tag-pedreiro","tag-pedreiro-amarildo-de-souza","tag-rachel-de-souza-peixoto","tag-rio-de-janeiro","tag-thais-rodrigues-gusmao","tag-victor-vinicius-pereira-da-silva","tag-wellington-tavares-da-silva"],"_links":{"self":[{"href":"https:\/\/aconteceunovale.com.br\/portal\/index.php?rest_route=\/wp\/v2\/posts\/78115","targetHints":{"allow":["GET"]}}],"collection":[{"href":"https:\/\/aconteceunovale.com.br\/portal\/index.php?rest_route=\/wp\/v2\/posts"}],"about":[{"href":"https:\/\/aconteceunovale.com.br\/portal\/index.php?rest_route=\/wp\/v2\/types\/post"}],"author":[{"embeddable":true,"href":"https:\/\/aconteceunovale.com.br\/portal\/index.php?rest_route=\/wp\/v2\/users\/1"}],"replies":[{"embeddable":true,"href":"https:\/\/aconteceunovale.com.br\/portal\/index.php?rest_route=%2Fwp%2Fv2%2Fcomments&post=78115"}],"version-history":[{"count":0,"href":"https:\/\/aconteceunovale.com.br\/portal\/index.php?rest_route=\/wp\/v2\/posts\/78115\/revisions"}],"wp:featuredmedia":[{"embeddable":true,"href":"https:\/\/aconteceunovale.com.br\/portal\/index.php?rest_route=\/wp\/v2\/media\/78116"}],"wp:attachment":[{"href":"https:\/\/aconteceunovale.com.br\/portal\/index.php?rest_route=%2Fwp%2Fv2%2Fmedia&parent=78115"}],"wp:term":[{"taxonomy":"category","embeddable":true,"href":"https:\/\/aconteceunovale.com.br\/portal\/index.php?rest_route=%2Fwp%2Fv2%2Fcategories&post=78115"},{"taxonomy":"post_tag","embeddable":true,"href":"https:\/\/aconteceunovale.com.br\/portal\/index.php?rest_route=%2Fwp%2Fv2%2Ftags&post=78115"}],"curies":[{"name":"wp","href":"https:\/\/api.w.org\/{rel}","templated":true}]}}