{"id":77961,"date":"2016-01-29T20:40:37","date_gmt":"2016-01-29T23:40:37","guid":{"rendered":"http:\/\/aconteceunovale.com.br\/portal\/?p=77961"},"modified":"2016-01-29T20:40:37","modified_gmt":"2016-01-29T23:40:37","slug":"policia-civil-prende-homem-considerado-o-maior-traficante-de-drogas-do-vale-do-jequitinhonha","status":"publish","type":"post","link":"https:\/\/aconteceunovale.com.br\/portal\/?p=77961","title":{"rendered":"Pol\u00edcia Civil prende homem considerado o maior traficante de drogas do Vale do Jequitinhonha"},"content":{"rendered":"<p>A Pol\u00edcia Civil do Estado de Minas Gerais, por meio da Delegacia Regional de Pedra Azul e da Delegacia de Pol\u00edcia de Itaobim, cumpriu, no fim da tarde desta sexta-feira, 29 de janeiro, o mandado de pris\u00e3o preventiva expedido pelo Ju\u00edzo da Comarca de Pedra Azul em desfavor de Jancer Cardoso Dutra, conhecido como \u201cJancinho\u201d.<\/p>\n<p>De acordo com a PC, Jancer \u00e9 o l\u00edder da denominada &#8220;Turma da Amazonas&#8221;, principal fac\u00e7\u00e3o de Itaobim, sendo, atualmente, o maior traficante de drogas do Vale do Jequitinhonha, realizando a mercancia de subst\u00e2ncias il\u00edcitas em toda a regi\u00e3o.<\/p>\n<p>Ainda segundo a Pol\u00edcia, Jancer Cardoso Dutra responde pelos crimes de tr\u00e1fico de drogas, associa\u00e7\u00e3o para o tr\u00e1fico e corrup\u00e7\u00e3o de menores. Ele ser\u00e1 encaminhado ao Pres\u00eddio de Pedra Azul, onde ficar\u00e1 \u00e0 disposi\u00e7\u00e3o da Justi\u00e7a.<\/p>\n<p><img decoding=\"async\" src=\"http:\/\/aconteceunovale.com.br\/portal\/wp-content\/uploads\/2016\/01\/prisao_itaobim.jpg\" alt=\"\" \/><em>Jancinho foi preso em Itaobim &#8211; Foto: Divulga\u00e7\u00e3o \/ Pol\u00edcia Civil de Itaobim<\/em><br \/>\n<\/br><\/p>\n<p><em>(Fonte: Pol\u00edcia Civil de Itaobim)<\/em><\/p>\n","protected":false},"excerpt":{"rendered":"<p>A Pol\u00edcia Civil do Estado de Minas Gerais, por meio da Delegacia Regional de Pedra Azul e da Delegacia de Pol\u00edcia de Itaobim, cumpriu, no fim da tarde desta sexta-feira, 29 de janeiro, o mandado de pris\u00e3o preventiva expedido pelo Ju\u00edzo da Comarca de Pedra Azul em desfavor de Jancer Cardoso Dutra, conhecido como \u201cJancinho\u201d. [&hellip;]<\/p>\n","protected":false},"author":1,"featured_media":77963,"comment_status":"open","ping_status":"closed","sticky":false,"template":"","format":"standard","meta":{"amp_status":"","footnotes":""},"categories":[120],"tags":[391,75658,75657,455,75656,75662,75659,75660,75661],"class_list":["post-77961","post","type-post","status-publish","format-standard","has-post-thumbnail","hentry","category-jequi","tag-itaobim","tag-jancer-cardoso-dutra","tag-maior-traficante-de-drogas-do-vale-do-jequitinhonha","tag-pedra-azul","tag-policia-civil-prende-homem-considerado-o-maior-traficante-de-drogas-do-vale-do-jequitinhonha","tag-prisao-itaobim","tag-prisao-jancer-cardoso-dutra","tag-prisao-jancinho","tag-prisao-traficante-itaobim"],"_links":{"self":[{"href":"https:\/\/aconteceunovale.com.br\/portal\/index.php?rest_route=\/wp\/v2\/posts\/77961","targetHints":{"allow":["GET"]}}],"collection":[{"href":"https:\/\/aconteceunovale.com.br\/portal\/index.php?rest_route=\/wp\/v2\/posts"}],"about":[{"href":"https:\/\/aconteceunovale.com.br\/portal\/index.php?rest_route=\/wp\/v2\/types\/post"}],"author":[{"embeddable":true,"href":"https:\/\/aconteceunovale.com.br\/portal\/index.php?rest_route=\/wp\/v2\/users\/1"}],"replies":[{"embeddable":true,"href":"https:\/\/aconteceunovale.com.br\/portal\/index.php?rest_route=%2Fwp%2Fv2%2Fcomments&post=77961"}],"version-history":[{"count":0,"href":"https:\/\/aconteceunovale.com.br\/portal\/index.php?rest_route=\/wp\/v2\/posts\/77961\/revisions"}],"wp:featuredmedia":[{"embeddable":true,"href":"https:\/\/aconteceunovale.com.br\/portal\/index.php?rest_route=\/wp\/v2\/media\/77963"}],"wp:attachment":[{"href":"https:\/\/aconteceunovale.com.br\/portal\/index.php?rest_route=%2Fwp%2Fv2%2Fmedia&parent=77961"}],"wp:term":[{"taxonomy":"category","embeddable":true,"href":"https:\/\/aconteceunovale.com.br\/portal\/index.php?rest_route=%2Fwp%2Fv2%2Fcategories&post=77961"},{"taxonomy":"post_tag","embeddable":true,"href":"https:\/\/aconteceunovale.com.br\/portal\/index.php?rest_route=%2Fwp%2Fv2%2Ftags&post=77961"}],"curies":[{"name":"wp","href":"https:\/\/api.w.org\/{rel}","templated":true}]}}