{"id":77956,"date":"2016-01-29T20:26:18","date_gmt":"2016-01-29T23:26:18","guid":{"rendered":"http:\/\/aconteceunovale.com.br\/portal\/?p=77956"},"modified":"2016-01-29T20:28:27","modified_gmt":"2016-01-29T23:28:27","slug":"ufjf-abre-inscricoes-para-preenchimento-de-555-vagas-ociosas-em-juiz-de-fora-e-valadares","status":"publish","type":"post","link":"https:\/\/aconteceunovale.com.br\/portal\/?p=77956","title":{"rendered":"UFJF abre inscri\u00e7\u00f5es para preenchimento de 555 vagas ociosas em Juiz de Fora e Governador Valadares"},"content":{"rendered":"<p>A Universidade Federal de Juiz de Fora lan\u00e7ou tr\u00eas editais com 555 vagas ociosas em 38 cursos, que poder\u00e3o ser preenchidas por reinscri\u00e7\u00e3o, mudan\u00e7a de curso, transfer\u00eancia, graduados e candidatos com gradua\u00e7\u00e3o incompleta.<\/p>\n<p>Para\u00a0Juiz de Fora, s\u00e3o disponibilizadas 302 vagas, sendo 174 vagas distribu\u00eddas em 26 cursos (sete deles modalidades do Bacharelado em M\u00fasica). A estas vagas podem concorrer, pela ordem de prioridade, candidatos \u00e0 reinscri\u00e7\u00e3o no\u00a0<i>campus<\/i>\u00a0Juiz de Fora, candidatos \u00e0 mudan\u00e7a de curso, graduados na UFJF que cursaram com aproveitamento pelo menos 50% do curso pretendido, candidatos \u00e0 transfer\u00eancia de outra institui\u00e7\u00e3o de ensino superior para a UFJF e candidatos graduados em curso superior, respectivamente. Os interessados nestas vagas devem comparecer \u00e0 Central de Atendimento da UFJF, nos dias 3 e 4 de fevereiro, no hor\u00e1rio de 9h \u00e0s 20h. A distribui\u00e7\u00e3o das vagas por curso, a rela\u00e7\u00e3o da documenta\u00e7\u00e3o exigida e os casos em que \u00e9 necess\u00e1rio o pagamento de taxas constam no\u00a0<a href=\"http:\/\/www.ufjf.br\/cdara\/files\/2011\/04\/E-D-I-T-A-L-N%C2%BA-1-2016.pdf\">edital (www.ufjf.br\/cdara)<\/a>.<\/p>\n<p>As outras 128 vagas para\u00a0Juiz de Fora\u00a0s\u00e3o destinadas a excedentes do Concurso Programa de Ingresso Seletivo Misto (Pism\/Sisu 2016), convocados em edital pr\u00f3prio. Os interessados devem acompanhar o edital de reclassifica\u00e7\u00e3o, que ser\u00e1 disponibilizado na p\u00e1gina da Coordenadoria de Assuntos e Registros Acad\u00eamicos (Cdara): <a href=\"http:\/\/www.ufjf.br\/cdara\/files\/2011\/04\/E-D-I-T-A-L-N%C2%BA-1-2016.pdf\">www.ufjf.br\/cdara<\/a>. H\u00e1 vagas em 20 cursos, distribu\u00eddas nos grupos A, B, C, D e E, conforme crit\u00e9rios de perfil socioecon\u00f4mico.<\/p>\n<p>Para\u00a0Governador Valadares, s\u00e3o 198 vagas, distribu\u00eddas em nove cursos (Administra\u00e7\u00e3o, Ci\u00eancias Cont\u00e1beis, Ci\u00eancias Econ\u00f4micas, Direito, Educa\u00e7\u00e3o F\u00edsica, Farm\u00e1cia, Fisioterapia, Medicina e Nutri\u00e7\u00e3o). Deste total, 99 s\u00e3o abertas, por ordem de prioridade, a candidatos \u00e0 reinscri\u00e7\u00e3o para Governador Valadares, candidatos \u00e0 mudan\u00e7a de curso, em Governador Valadares, graduados na UFJF que cursaram com aproveitamento pelo menos 50% do curso pretendido, candidatos \u00e0 transfer\u00eancia de outra institui\u00e7\u00e3o de ensino superior para a UFJF e candidatos graduados em curso superior, respectivamente. Os interessados devem comparecer \u00e0 Central de Atendimento da UFJF em Governador Valadares, nos dias 3 e 4 de fevereiro, no hor\u00e1rio de 8h \u00e0s 18h. A distribui\u00e7\u00e3o das vagas por curso, a rela\u00e7\u00e3o da documenta\u00e7\u00e3o exigida e os casos em que \u00e9 necess\u00e1rio o pagamento de taxas constam no\u00a0<a href=\"http:\/\/www.ufjf.br\/cdara\/files\/2011\/04\/Edital2-GV.pdf\">edital<\/a>.<\/p>\n<p>As outras 99 vagas para\u00a0Governador Valadares\u00a0s\u00e3o destinadas a excedentes do Concurso Pism\/Sisu 2016, convocados em edital pr\u00f3prio. Os interessados devem acompanhar o edital de reclassifica\u00e7\u00e3o, que ser\u00e1 disponibilizado na p\u00e1gina da Coordenadoria de Assuntos e Registros Acad\u00eamicos (Cdara):\u00a0<a href=\"http:\/\/www.ufjf.br\/cdara\/files\/2011\/04\/Edital2-GV.pdf\">www.ufjf.br\/cdara<\/a>. H\u00e1 vagas nos nove cursos, distribu\u00eddas nos grupos A, B, C, D e E, conforme crit\u00e9rios de perfil socioecon\u00f4mico.<\/p>\n<p>O\u00a0terceiro edital\u00a0abre inscri\u00e7\u00f5es para o\u00a0<i>campus\u00a0<\/i>em Juiz de Fora, mas somente para candidatos j\u00e1 graduados. O curso de Ci\u00eancia da Religi\u00e3o (Noturno) disponibiliza 15 vagas de bacharelado e 20 de licenciatura. H\u00e1 ainda outras 20 vagas para Ci\u00eancias Sociais (Noturno), nas modalidades bacharelado e licenciatura. Os interessados devem comparecer \u00e0 Central de Atendimento, nos dias 3 e 4 de fevereiro, das 9h \u00e0s 20h. A rela\u00e7\u00e3o da documenta\u00e7\u00e3o exigida e o valor da taxa constam no\u00a0<a href=\"http:\/\/www.ufjf.br\/cdara\/files\/2011\/04\/E-D-I-T-A-L-3.-2016-.pdf\">edital (www.ufjf.br\/cdara)<\/a>.<\/p>\n<p><b>Outras informa\u00e7\u00f5es<\/b><\/p>\n<p>Central de Atendimento de Juiz de Fora: (32) 2102-3989 \/ (32) 2102-3979<br \/>\nCentral de Atendimento de Governador Valadares: \u00a0(33) 3301-1000<\/p>\n<p><em>(Fonte: UFJF)<\/em><\/p>\n","protected":false},"excerpt":{"rendered":"<p>A Universidade Federal de Juiz de Fora lan\u00e7ou tr\u00eas editais com 555 vagas ociosas em 38 cursos, que poder\u00e3o ser preenchidas por reinscri\u00e7\u00e3o, mudan\u00e7a de curso, transfer\u00eancia, graduados e candidatos com gradua\u00e7\u00e3o incompleta. Para\u00a0Juiz de Fora, s\u00e3o disponibilizadas 302 vagas, sendo 174 vagas distribu\u00eddas em 26 cursos (sete deles modalidades do Bacharelado em M\u00fasica). A [&hellip;]<\/p>\n","protected":false},"author":1,"featured_media":36814,"comment_status":"open","ping_status":"closed","sticky":false,"template":"","format":"standard","meta":{"amp_status":"","footnotes":""},"categories":[40238,123],"tags":[247,206,4352,75655,75650,75652,75651,75654,75653],"class_list":["post-77956","post","type-post","status-publish","format-standard","has-post-thumbnail","hentry","category-educacao-2","category-gerais","tag-governador-valadares","tag-juiz-de-fora","tag-ufjf","tag-ufjf-abre-inscricoes-para-preenchimento-de-555-vagas-ociosas-em-juiz-de-fora-e-governador-valadares","tag-ufjf-abre-inscricoes-para-preenchimento-de-555-vagas-ociosas-em-juiz-de-fora-e-valadares","tag-vagas-ociosas-na-ufjf","tag-vagas-ociosas-na-universidade-federal-de-juiz-de-fora","tag-vagas-ociosas-ufjf-governador-valadares","tag-vagas-ociosas-ufjf-juiz-de-fora"],"_links":{"self":[{"href":"https:\/\/aconteceunovale.com.br\/portal\/index.php?rest_route=\/wp\/v2\/posts\/77956","targetHints":{"allow":["GET"]}}],"collection":[{"href":"https:\/\/aconteceunovale.com.br\/portal\/index.php?rest_route=\/wp\/v2\/posts"}],"about":[{"href":"https:\/\/aconteceunovale.com.br\/portal\/index.php?rest_route=\/wp\/v2\/types\/post"}],"author":[{"embeddable":true,"href":"https:\/\/aconteceunovale.com.br\/portal\/index.php?rest_route=\/wp\/v2\/users\/1"}],"replies":[{"embeddable":true,"href":"https:\/\/aconteceunovale.com.br\/portal\/index.php?rest_route=%2Fwp%2Fv2%2Fcomments&post=77956"}],"version-history":[{"count":0,"href":"https:\/\/aconteceunovale.com.br\/portal\/index.php?rest_route=\/wp\/v2\/posts\/77956\/revisions"}],"wp:featuredmedia":[{"embeddable":true,"href":"https:\/\/aconteceunovale.com.br\/portal\/index.php?rest_route=\/wp\/v2\/media\/36814"}],"wp:attachment":[{"href":"https:\/\/aconteceunovale.com.br\/portal\/index.php?rest_route=%2Fwp%2Fv2%2Fmedia&parent=77956"}],"wp:term":[{"taxonomy":"category","embeddable":true,"href":"https:\/\/aconteceunovale.com.br\/portal\/index.php?rest_route=%2Fwp%2Fv2%2Fcategories&post=77956"},{"taxonomy":"post_tag","embeddable":true,"href":"https:\/\/aconteceunovale.com.br\/portal\/index.php?rest_route=%2Fwp%2Fv2%2Ftags&post=77956"}],"curies":[{"name":"wp","href":"https:\/\/api.w.org\/{rel}","templated":true}]}}