{"id":77952,"date":"2016-01-29T19:39:44","date_gmt":"2016-01-29T22:39:44","guid":{"rendered":"http:\/\/aconteceunovale.com.br\/portal\/?p=77952"},"modified":"2016-01-29T19:39:44","modified_gmt":"2016-01-29T22:39:44","slug":"policia-militar-inaugura-nova-sede-em-conceicao-do-mato-dentro","status":"publish","type":"post","link":"https:\/\/aconteceunovale.com.br\/portal\/?p=77952","title":{"rendered":"Pol\u00edcia Militar inaugura nova sede em Concei\u00e7\u00e3o do Mato Dentro"},"content":{"rendered":"<p>Na manh\u00e3 desta sexta-feira, dia 29 de janeiro, foi inaugurado em Concei\u00e7\u00e3o do Mato Dentro, o quartel da Pol\u00edcia Militar, que abriga, al\u00e9m do policiamento da cidade, as guarni\u00e7\u00f5es da Pol\u00edcia Militar Rodovi\u00e1ria e da Pol\u00edcia Militar de Meio Ambiente.<\/p>\n<p>A nova sede foi adquirida com o apoio da empresa Anglo American, que investiu cerca de R$ 2,5 milh\u00f5es na constru\u00e7\u00e3o do pr\u00e9dio, cujas obras duraram um ano e seis meses e foram conclu\u00eddas em 2015.<\/p>\n<p>Para o tenente S\u00e1vio Lima, do pelot\u00e3o da Pol\u00edcia Militar de Concei\u00e7\u00e3o do Mato Dentro, a estrutura do novo quartel \u00e9 uma das melhores de Minas Gerais. <em>\u201cAgora temos uma edifica\u00e7\u00e3o boa e com acessibilidade para pessoas com necessidades especiais. Cada se\u00e7\u00e3o est\u00e1 muito bem posicionada e tamb\u00e9m temos mais equipamentos, inclusive recurso de c\u00e2meras de seguran\u00e7a. O apoio da Anglo American para a constru\u00e7\u00e3o desse novo quartel \u00e9 muito importante para n\u00f3s. O profissional bem instalado e com melhores condi\u00e7\u00f5es de trabalho fica mais motivado e, consequentemente, presta um servi\u00e7o melhor\u201d<\/em>, explica.<\/p>\n<p>Em Concei\u00e7\u00e3o do Mato Dentro, al\u00e9m do novo quartel, outra obra de destaque ainda ser\u00e1 realizada: a constru\u00e7\u00e3o da nova cadeia p\u00fablica da comarca da cidade.<\/p>\n<p><img decoding=\"async\" src=\"http:\/\/aconteceunovale.com.br\/portal\/wp-content\/uploads\/2016\/01\/nova_sede_pm_cmd_1.jpg\" alt=\"\" \/><\/p>\n<p><img decoding=\"async\" src=\"http:\/\/aconteceunovale.com.br\/portal\/wp-content\/uploads\/2016\/01\/nova_sede_pm_cmd_2.jpg\" alt=\"\" \/><\/p>\n<p><em>(Fotos e informa\u00e7\u00f5es da Ascom da Anglo American)<\/em><\/p>\n","protected":false},"excerpt":{"rendered":"<p>Na manh\u00e3 desta sexta-feira, dia 29 de janeiro, foi inaugurado em Concei\u00e7\u00e3o do Mato Dentro, o quartel da Pol\u00edcia Militar, que abriga, al\u00e9m do policiamento da cidade, as guarni\u00e7\u00f5es da Pol\u00edcia Militar Rodovi\u00e1ria e da Pol\u00edcia Militar de Meio Ambiente. A nova sede foi adquirida com o apoio da empresa Anglo American, que investiu cerca [&hellip;]<\/p>\n","protected":false},"author":1,"featured_media":77953,"comment_status":"open","ping_status":"closed","sticky":false,"template":"","format":"standard","meta":{"amp_status":"","footnotes":""},"categories":[123],"tags":[628,75647,75648,75646,75645,75649],"class_list":["post-77952","post","type-post","status-publish","format-standard","has-post-thumbnail","hentry","category-gerais","tag-conceicao-do-mato-dentro","tag-nova-sede-da-policia-militar-de-conceicao-do-mato-dentro","tag-novo-quartel-da-policia-militar-de-conceicao-do-mato-dentro","tag-policia-militar-de-conceicao-do-mato-dentro","tag-policia-militar-de-conceicao-do-mato-dentro-inaugura-nova-sede","tag-policia-militar-inaugura-nova-sede-em-conceicao-do-mato-dentro"],"_links":{"self":[{"href":"https:\/\/aconteceunovale.com.br\/portal\/index.php?rest_route=\/wp\/v2\/posts\/77952","targetHints":{"allow":["GET"]}}],"collection":[{"href":"https:\/\/aconteceunovale.com.br\/portal\/index.php?rest_route=\/wp\/v2\/posts"}],"about":[{"href":"https:\/\/aconteceunovale.com.br\/portal\/index.php?rest_route=\/wp\/v2\/types\/post"}],"author":[{"embeddable":true,"href":"https:\/\/aconteceunovale.com.br\/portal\/index.php?rest_route=\/wp\/v2\/users\/1"}],"replies":[{"embeddable":true,"href":"https:\/\/aconteceunovale.com.br\/portal\/index.php?rest_route=%2Fwp%2Fv2%2Fcomments&post=77952"}],"version-history":[{"count":0,"href":"https:\/\/aconteceunovale.com.br\/portal\/index.php?rest_route=\/wp\/v2\/posts\/77952\/revisions"}],"wp:featuredmedia":[{"embeddable":true,"href":"https:\/\/aconteceunovale.com.br\/portal\/index.php?rest_route=\/wp\/v2\/media\/77953"}],"wp:attachment":[{"href":"https:\/\/aconteceunovale.com.br\/portal\/index.php?rest_route=%2Fwp%2Fv2%2Fmedia&parent=77952"}],"wp:term":[{"taxonomy":"category","embeddable":true,"href":"https:\/\/aconteceunovale.com.br\/portal\/index.php?rest_route=%2Fwp%2Fv2%2Fcategories&post=77952"},{"taxonomy":"post_tag","embeddable":true,"href":"https:\/\/aconteceunovale.com.br\/portal\/index.php?rest_route=%2Fwp%2Fv2%2Ftags&post=77952"}],"curies":[{"name":"wp","href":"https:\/\/api.w.org\/{rel}","templated":true}]}}