{"id":77938,"date":"2016-01-29T18:33:28","date_gmt":"2016-01-29T21:33:28","guid":{"rendered":"http:\/\/aconteceunovale.com.br\/portal\/?p=77938"},"modified":"2016-01-29T18:33:28","modified_gmt":"2016-01-29T21:33:28","slug":"governo-libera-r-14-milhoes-para-escolas-estaduais-desenvolverem-oficinas-nos-finais-de-semana","status":"publish","type":"post","link":"https:\/\/aconteceunovale.com.br\/portal\/?p=77938","title":{"rendered":"Governo libera R$ 14 milh\u00f5es para escolas estaduais desenvolverem oficinas nos finais de semana"},"content":{"rendered":"<p>A Secretaria de Estado de Educa\u00e7\u00e3o (SEE) vem cada vez mais incentivando a intera\u00e7\u00e3o entre a escola e a comunidade. Em 2016, ser\u00e1 realizado o Programa Escola Aberta Minas Gerais, iniciativa que vai proporcionar a abertura de 1.632 escolas nos finais de semana. Participam do programa escolas estaduais localizadas em territ\u00f3rios de vulnerabilidade social, em que a oferta de espa\u00e7os de lazer e cultura \u00e9 escassa. Ao todo, a SEE investiu R$ 14 milh\u00f5es para a realiza\u00e7\u00e3o das oficinas.<\/p>\n<p>De fevereiro a julho deste ano, as escolas que participam do Programa Escola Aberta Minas Gerais dever\u00e3o abrir seus port\u00f5es no s\u00e1bado ou no domingo e ofertar atividades que contar\u00e3o com a participa\u00e7\u00e3o n\u00e3o s\u00f3 dos alunos, mas tamb\u00e9m de toda a comunidade escolar. Cada escola dever\u00e1 ofertar de tr\u00eas a cinco oficinas, que dever\u00e3o abordar pelo menos um desses campos: mem\u00f3ria, cultura, artes e educa\u00e7\u00e3o patrimonial; promo\u00e7\u00e3o da sa\u00fade; esporte e lazer; e comunica\u00e7\u00e3o, uso de m\u00eddias e cultura digital e tecnol\u00f3gica. A escola dever\u00e1 funcionar durante seis horas di\u00e1rias no s\u00e1bado ou no domingo.<\/p>\n<p>As atividades dever\u00e3o ser ministradas por oficineiros volunt\u00e1rios. Dever\u00e3o ser escolhidos representantes da comunidade do entorno da escola ou de projetos parceiros com compet\u00eancia e habilidades espec\u00edficas. O n\u00famero de oficineiros convocados dever\u00e1 estar de acordo com o plano de atendimento realizado pela escola.<\/p>\n<p>\u201cA escolha de oficineiros que sejam da comunidade t\u00eam por objetivo valorizar os saberes que est\u00e3o no entorno da escola\u201d, destaca o coordenador do programa, Paulo Felipe Lopes de Carvalho. Os oficineiros ir\u00e3o receber um ressarcimento pelo voluntariado que ser\u00e1 referente \u00e0 alimenta\u00e7\u00e3o e ao transporte. O valor ser\u00e1 de R$ 48 reais por final de semana.<\/p>\n<p>A Secretaria de Estado de Educa\u00e7\u00e3o est\u00e1 encaminhando para as escolas orienta\u00e7\u00f5es que ir\u00e3o auxiliar na cria\u00e7\u00e3o do plano de atendimento. Todas as escolas participantes da iniciativa dever\u00e3o criar seus planos. \u201cEsses planos ir\u00e3o orientar a realiza\u00e7\u00e3o do trabalho ao longo do ano. Al\u00e9m do dia e hor\u00e1rio das oficinas, ele dever\u00e1 indicar tamb\u00e9m a quantidade de oficinas que a escola ir\u00e1 ofertar e quais macrocampos ele ir\u00e1 contemplar. \u00c9 preciso ressaltar que o plano de Atendimento precisa ser feito com o aval da comunidade. Ele deve ser aprovado pelo colegiado escolar\u201d, conclui o coordenador.<\/p>\n<p>Entre as escolas que ir\u00e3o participar da iniciativa est\u00e3o as escolas estaduais Carm\u00e9lia Gon\u00e7alves Loff e Filomena Catizani, em Ribeir\u00e3o das Neves, e Ari da Franca, em Belo Horizonte. (Ag\u00eancia Minas)<\/p>\n","protected":false},"excerpt":{"rendered":"<p>A Secretaria de Estado de Educa\u00e7\u00e3o (SEE) vem cada vez mais incentivando a intera\u00e7\u00e3o entre a escola e a comunidade. Em 2016, ser\u00e1 realizado o Programa Escola Aberta Minas Gerais, iniciativa que vai proporcionar a abertura de 1.632 escolas nos finais de semana. Participam do programa escolas estaduais localizadas em territ\u00f3rios de vulnerabilidade social, em [&hellip;]<\/p>\n","protected":false},"author":1,"featured_media":61713,"comment_status":"open","ping_status":"closed","sticky":false,"template":"","format":"standard","meta":{"amp_status":"","footnotes":""},"categories":[40238,123],"tags":[75628,75627,75630,75629,75632,75631],"class_list":["post-77938","post","type-post","status-publish","format-standard","has-post-thumbnail","hentry","category-educacao-2","category-gerais","tag-escolas-estaduais-desenvolverem-oficinas-nos-finais-de-semana","tag-governo-libera-r-14-milhoes-para-escolas-estaduais-desenvolverem-oficinas-nos-finais-de-semana","tag-programa-escola-aberta-minas-gerais","tag-recurso-para-escolas-estaduais-desenvolverem-oficinas-nos-finais-de-semana","tag-recursos-educacao-em-minas","tag-recursos-para-escolas-de-minas"],"_links":{"self":[{"href":"https:\/\/aconteceunovale.com.br\/portal\/index.php?rest_route=\/wp\/v2\/posts\/77938","targetHints":{"allow":["GET"]}}],"collection":[{"href":"https:\/\/aconteceunovale.com.br\/portal\/index.php?rest_route=\/wp\/v2\/posts"}],"about":[{"href":"https:\/\/aconteceunovale.com.br\/portal\/index.php?rest_route=\/wp\/v2\/types\/post"}],"author":[{"embeddable":true,"href":"https:\/\/aconteceunovale.com.br\/portal\/index.php?rest_route=\/wp\/v2\/users\/1"}],"replies":[{"embeddable":true,"href":"https:\/\/aconteceunovale.com.br\/portal\/index.php?rest_route=%2Fwp%2Fv2%2Fcomments&post=77938"}],"version-history":[{"count":0,"href":"https:\/\/aconteceunovale.com.br\/portal\/index.php?rest_route=\/wp\/v2\/posts\/77938\/revisions"}],"wp:featuredmedia":[{"embeddable":true,"href":"https:\/\/aconteceunovale.com.br\/portal\/index.php?rest_route=\/wp\/v2\/media\/61713"}],"wp:attachment":[{"href":"https:\/\/aconteceunovale.com.br\/portal\/index.php?rest_route=%2Fwp%2Fv2%2Fmedia&parent=77938"}],"wp:term":[{"taxonomy":"category","embeddable":true,"href":"https:\/\/aconteceunovale.com.br\/portal\/index.php?rest_route=%2Fwp%2Fv2%2Fcategories&post=77938"},{"taxonomy":"post_tag","embeddable":true,"href":"https:\/\/aconteceunovale.com.br\/portal\/index.php?rest_route=%2Fwp%2Fv2%2Ftags&post=77938"}],"curies":[{"name":"wp","href":"https:\/\/api.w.org\/{rel}","templated":true}]}}