{"id":77918,"date":"2016-01-29T16:36:52","date_gmt":"2016-01-29T19:36:52","guid":{"rendered":"http:\/\/aconteceunovale.com.br\/portal\/?p=77918"},"modified":"2026-09-02T12:03:16","modified_gmt":"2026-09-02T15:03:16","slug":"jovem-e-preso-com-meio-quilo-de-drogas-ao-desembarcar-de-onibus-em-almenara","status":"publish","type":"post","link":"https:\/\/aconteceunovale.com.br\/portal\/?p=77918","title":{"rendered":"Jovem \u00e9 preso com meio quilo de drogas ao desembarcar de \u00f4nibus em Almenara"},"content":{"rendered":"<p>Um rapaz de 25 anos foi preso com quase meio quilo de drogas na manh\u00e3 de quinta-feira, 28 de janeiro, em Almenara, no Vale do Jequitinhonha. A Pol\u00edcia Militar (PM) recebeu uma den\u00fancia an\u00f4nima relatando que ele transportava o material entorpecente em um \u00f4nibus de turismo que seguia de Belo Horizonte para a Almenara.<\/p>\n<p>No desembarque, o suspeito tentou fugir ao avistar os policiais militares, mas foi preso. Ele tentou se livrar das drogas, arremessando-as por cima de um muro. Uma barra pesando 480 gramas de Crack, 5g de coca\u00edna e uma bucha de maconha foram apreendidas.<\/p>\n<p>Suspeitas ainda apontam que o rapaz iria dividir as drogas para vender com um parceiro da cidade, que ainda n\u00e3o foi localizado. O jovem foi preso por tr\u00e1fico de drogas e encaminhado para a Delegacia em Almenara.<\/p>\n<p><img decoding=\"async\" src=\"http:\/\/aconteceunovale.com.br\/portal\/wp-content\/uploads\/2016\/01\/traficante_almenara.jpg\" alt=\"\" \/><em>Pol\u00edcia apreendeu meio quilo de drogas &#8211; Foto: Divulga\u00e7\u00e3o \/ PMMG<\/em><br \/>\n<\/br><\/p>\n<p>(Gazeta de Ara\u00e7ua\u00ed)<\/p>\n","protected":false},"excerpt":{"rendered":"<p>Um rapaz de 25 anos foi preso com quase meio quilo de drogas na manh\u00e3 de quinta-feira, 28 de janeiro, em Almenara, no Vale do Jequitinhonha. A Pol\u00edcia Militar (PM) recebeu uma den\u00fancia an\u00f4nima relatando que ele transportava o material entorpecente em um \u00f4nibus de turismo que seguia de Belo Horizonte para a Almenara. No [&hellip;]<\/p>\n","protected":false},"author":1,"featured_media":77919,"comment_status":"open","ping_status":"closed","sticky":false,"template":"","format":"standard","meta":{"amp_status":"","footnotes":""},"categories":[272528,120],"tags":[142,75602,70522,75603,29560],"class_list":["post-77918","post","type-post","status-publish","format-standard","has-post-thumbnail","hentry","category-almenara","category-jequi","tag-almenara","tag-jovem-e-preso-com-meio-quilo-de-drogas-ao-desembarcar-de-onibus-em-almenara","tag-preso-em-almenara","tag-traficante-almenara","tag-trafico-de-drogas-em-almenara"],"yoast_head":"<!-- This site is optimized with the Yoast SEO plugin v28.3 - https:\/\/yoast.com\/product\/yoast-seo-wordpress\/ -->\n<title>Jovem \u00e9 preso com meio quilo de drogas ao desembarcar de \u00f4nibus em Almenara - Aconteceu no Vale<\/title>\n<meta name=\"robots\" content=\"index, follow, max-snippet:-1, max-image-preview:large, max-video-preview:-1\" \/>\n<link rel=\"canonical\" href=\"https:\/\/aconteceunovale.com.br\/portal\/?p=77918\" \/>\n<meta property=\"og:locale\" content=\"pt_BR\" \/>\n<meta property=\"og:type\" content=\"article\" \/>\n<meta property=\"og:title\" content=\"Jovem \u00e9 preso com meio quilo de drogas ao desembarcar de \u00f4nibus em Almenara - Aconteceu no Vale\" \/>\n<meta property=\"og:description\" content=\"Um rapaz de 25 anos foi preso com quase meio quilo de drogas na manh\u00e3 de quinta-feira, 28 de janeiro, em Almenara, no Vale do Jequitinhonha. A Pol\u00edcia Militar (PM) recebeu uma den\u00fancia an\u00f4nima relatando que ele transportava o material entorpecente em um \u00f4nibus de turismo que seguia de Belo Horizonte para a Almenara. No [&hellip;]\" \/>\n<meta property=\"og:url\" content=\"https:\/\/aconteceunovale.com.br\/portal\/?p=77918\" \/>\n<meta property=\"og:site_name\" content=\"Aconteceu no Vale\" \/>\n<meta property=\"article:publisher\" content=\"https:\/\/www.facebook.com\/aconteceunovale\/\" \/>\n<meta property=\"article:published_time\" content=\"2016-01-29T19:36:52+00:00\" \/>\n<meta property=\"article:modified_time\" content=\"2026-09-02T15:03:16+00:00\" \/>\n<meta property=\"og:image\" content=\"https:\/\/aconteceunovale.com.br\/portal\/wp-content\/uploads\/2016\/01\/traficante_almenara.jpg\" \/>\n\t<meta property=\"og:image:width\" content=\"678\" \/>\n\t<meta property=\"og:image:height\" content=\"381\" \/>\n\t<meta property=\"og:image:type\" content=\"image\/jpeg\" \/>\n<meta name=\"author\" content=\"Aconteceu no Vale\" \/>\n<meta name=\"twitter:card\" content=\"summary_large_image\" \/>\n<meta name=\"twitter:creator\" content=\"@noticiadosvales\" \/>\n<meta name=\"twitter:site\" content=\"@noticiadosvales\" \/>\n<meta name=\"twitter:label1\" content=\"Escrito por\" \/>\n\t<meta name=\"twitter:data1\" content=\"Aconteceu no Vale\" \/>\n\t<meta name=\"twitter:label2\" content=\"Est. tempo de leitura\" \/>\n\t<meta name=\"twitter:data2\" content=\"1 minuto\" \/>\n<script type=\"application\/ld+json\" class=\"yoast-schema-graph\">{\"@context\":\"https:\\\/\\\/schema.org\",\"@graph\":[{\"@type\":\"Article\",\"@id\":\"https:\\\/\\\/aconteceunovale.com.br\\\/portal\\\/?p=77918#article\",\"isPartOf\":{\"@id\":\"https:\\\/\\\/aconteceunovale.com.br\\\/portal\\\/?p=77918\"},\"author\":{\"name\":\"Aconteceu no Vale\",\"@id\":\"https:\\\/\\\/aconteceunovale.com.br\\\/portal\\\/#\\\/schema\\\/person\\\/633529146f2c94272bef50ac2953d589\"},\"headline\":\"Jovem \u00e9 preso com meio quilo de drogas ao desembarcar de \u00f4nibus em Almenara\",\"datePublished\":\"2016-01-29T19:36:52+00:00\",\"dateModified\":\"2026-09-02T15:03:16+00:00\",\"mainEntityOfPage\":{\"@id\":\"https:\\\/\\\/aconteceunovale.com.br\\\/portal\\\/?p=77918\"},\"wordCount\":166,\"commentCount\":0,\"image\":{\"@id\":\"https:\\\/\\\/aconteceunovale.com.br\\\/portal\\\/?p=77918#primaryimage\"},\"thumbnailUrl\":\"https:\\\/\\\/aconteceunovale.com.br\\\/portal\\\/wp-content\\\/uploads\\\/2016\\\/01\\\/traficante_almenara.jpg\",\"keywords\":[\"Almenara\",\"Jovem \u00e9 preso com meio quilo de drogas ao desembarcar de \u00f4nibus em Almenara\",\"preso em Almenara\",\"traficante Almenara\",\"tr\u00e1fico de drogas em almenara\"],\"articleSection\":[\"Almenara\",\"Vale do Jequitinhonha\"],\"inLanguage\":\"pt-BR\",\"potentialAction\":[{\"@type\":\"CommentAction\",\"name\":\"Comment\",\"target\":[\"https:\\\/\\\/aconteceunovale.com.br\\\/portal\\\/?p=77918#respond\"]}]},{\"@type\":\"WebPage\",\"@id\":\"https:\\\/\\\/aconteceunovale.com.br\\\/portal\\\/?p=77918\",\"url\":\"https:\\\/\\\/aconteceunovale.com.br\\\/portal\\\/?p=77918\",\"name\":\"Jovem \u00e9 preso com meio quilo de drogas ao desembarcar de \u00f4nibus em Almenara - Aconteceu no Vale\",\"isPartOf\":{\"@id\":\"https:\\\/\\\/aconteceunovale.com.br\\\/portal\\\/#website\"},\"primaryImageOfPage\":{\"@id\":\"https:\\\/\\\/aconteceunovale.com.br\\\/portal\\\/?p=77918#primaryimage\"},\"image\":{\"@id\":\"https:\\\/\\\/aconteceunovale.com.br\\\/portal\\\/?p=77918#primaryimage\"},\"thumbnailUrl\":\"https:\\\/\\\/aconteceunovale.com.br\\\/portal\\\/wp-content\\\/uploads\\\/2016\\\/01\\\/traficante_almenara.jpg\",\"datePublished\":\"2016-01-29T19:36:52+00:00\",\"dateModified\":\"2026-09-02T15:03:16+00:00\",\"author\":{\"@id\":\"https:\\\/\\\/aconteceunovale.com.br\\\/portal\\\/#\\\/schema\\\/person\\\/633529146f2c94272bef50ac2953d589\"},\"breadcrumb\":{\"@id\":\"https:\\\/\\\/aconteceunovale.com.br\\\/portal\\\/?p=77918#breadcrumb\"},\"inLanguage\":\"pt-BR\",\"potentialAction\":[{\"@type\":\"ReadAction\",\"target\":[\"https:\\\/\\\/aconteceunovale.com.br\\\/portal\\\/?p=77918\"]}]},{\"@type\":\"ImageObject\",\"inLanguage\":\"pt-BR\",\"@id\":\"https:\\\/\\\/aconteceunovale.com.br\\\/portal\\\/?p=77918#primaryimage\",\"url\":\"https:\\\/\\\/aconteceunovale.com.br\\\/portal\\\/wp-content\\\/uploads\\\/2016\\\/01\\\/traficante_almenara.jpg\",\"contentUrl\":\"https:\\\/\\\/aconteceunovale.com.br\\\/portal\\\/wp-content\\\/uploads\\\/2016\\\/01\\\/traficante_almenara.jpg\",\"width\":678,\"height\":381},{\"@type\":\"BreadcrumbList\",\"@id\":\"https:\\\/\\\/aconteceunovale.com.br\\\/portal\\\/?p=77918#breadcrumb\",\"itemListElement\":[{\"@type\":\"ListItem\",\"position\":1,\"name\":\"In\u00edcio\",\"item\":\"https:\\\/\\\/aconteceunovale.com.br\\\/portal\\\/\"},{\"@type\":\"ListItem\",\"position\":2,\"name\":\"Jovem \u00e9 preso com meio quilo de drogas ao desembarcar de \u00f4nibus em Almenara\"}]},{\"@type\":\"WebSite\",\"@id\":\"https:\\\/\\\/aconteceunovale.com.br\\\/portal\\\/#website\",\"url\":\"https:\\\/\\\/aconteceunovale.com.br\\\/portal\\\/\",\"name\":\"Aconteceu no Vale\",\"description\":\"Portal de Not\u00edcias\",\"potentialAction\":[{\"@type\":\"SearchAction\",\"target\":{\"@type\":\"EntryPoint\",\"urlTemplate\":\"https:\\\/\\\/aconteceunovale.com.br\\\/portal\\\/?s={search_term_string}\"},\"query-input\":{\"@type\":\"PropertyValueSpecification\",\"valueRequired\":true,\"valueName\":\"search_term_string\"}}],\"inLanguage\":\"pt-BR\"},{\"@type\":\"Person\",\"@id\":\"https:\\\/\\\/aconteceunovale.com.br\\\/portal\\\/#\\\/schema\\\/person\\\/633529146f2c94272bef50ac2953d589\",\"name\":\"Aconteceu no Vale\",\"description\":\"Equipe de reportagem do Aconteceu no Vale, portal de not\u00edcias do Vale do Jequitinhonha, em Minas Gerais. Cobrimos as 51 cidades do Vale desde 2013. Sugest\u00f5es de pauta e pedidos de corre\u00e7\u00e3o: contato@aconteceunovale.com.br\",\"sameAs\":[\"http:\\\/\\\/www.aconteceunovale.com.br\"],\"url\":\"https:\\\/\\\/aconteceunovale.com.br\\\/portal\\\/?author=1\"}]}<\/script>\n<!-- \/ Yoast SEO plugin. -->","yoast_head_json":{"title":"Jovem \u00e9 preso com meio quilo de drogas ao desembarcar de \u00f4nibus em Almenara - Aconteceu no Vale","robots":{"index":"index","follow":"follow","max-snippet":"max-snippet:-1","max-image-preview":"max-image-preview:large","max-video-preview":"max-video-preview:-1"},"canonical":"https:\/\/aconteceunovale.com.br\/portal\/?p=77918","og_locale":"pt_BR","og_type":"article","og_title":"Jovem \u00e9 preso com meio quilo de drogas ao desembarcar de \u00f4nibus em Almenara - Aconteceu no Vale","og_description":"Um rapaz de 25 anos foi preso com quase meio quilo de drogas na manh\u00e3 de quinta-feira, 28 de janeiro, em Almenara, no Vale do Jequitinhonha. A Pol\u00edcia Militar (PM) recebeu uma den\u00fancia an\u00f4nima relatando que ele transportava o material entorpecente em um \u00f4nibus de turismo que seguia de Belo Horizonte para a Almenara. No [&hellip;]","og_url":"https:\/\/aconteceunovale.com.br\/portal\/?p=77918","og_site_name":"Aconteceu no Vale","article_publisher":"https:\/\/www.facebook.com\/aconteceunovale\/","article_published_time":"2016-01-29T19:36:52+00:00","article_modified_time":"2026-09-02T15:03:16+00:00","og_image":[{"width":678,"height":381,"url":"https:\/\/aconteceunovale.com.br\/portal\/wp-content\/uploads\/2016\/01\/traficante_almenara.jpg","type":"image\/jpeg"}],"author":"Aconteceu no Vale","twitter_card":"summary_large_image","twitter_creator":"@noticiadosvales","twitter_site":"@noticiadosvales","twitter_misc":{"Escrito por":"Aconteceu no Vale","Est. tempo de leitura":"1 minuto"},"schema":{"@context":"https:\/\/schema.org","@graph":[{"@type":"Article","@id":"https:\/\/aconteceunovale.com.br\/portal\/?p=77918#article","isPartOf":{"@id":"https:\/\/aconteceunovale.com.br\/portal\/?p=77918"},"author":{"name":"Aconteceu no Vale","@id":"https:\/\/aconteceunovale.com.br\/portal\/#\/schema\/person\/633529146f2c94272bef50ac2953d589"},"headline":"Jovem \u00e9 preso com meio quilo de drogas ao desembarcar de \u00f4nibus em Almenara","datePublished":"2016-01-29T19:36:52+00:00","dateModified":"2026-09-02T15:03:16+00:00","mainEntityOfPage":{"@id":"https:\/\/aconteceunovale.com.br\/portal\/?p=77918"},"wordCount":166,"commentCount":0,"image":{"@id":"https:\/\/aconteceunovale.com.br\/portal\/?p=77918#primaryimage"},"thumbnailUrl":"https:\/\/aconteceunovale.com.br\/portal\/wp-content\/uploads\/2016\/01\/traficante_almenara.jpg","keywords":["Almenara","Jovem \u00e9 preso com meio quilo de drogas ao desembarcar de \u00f4nibus em Almenara","preso em Almenara","traficante Almenara","tr\u00e1fico de drogas em almenara"],"articleSection":["Almenara","Vale do Jequitinhonha"],"inLanguage":"pt-BR","potentialAction":[{"@type":"CommentAction","name":"Comment","target":["https:\/\/aconteceunovale.com.br\/portal\/?p=77918#respond"]}]},{"@type":"WebPage","@id":"https:\/\/aconteceunovale.com.br\/portal\/?p=77918","url":"https:\/\/aconteceunovale.com.br\/portal\/?p=77918","name":"Jovem \u00e9 preso com meio quilo de drogas ao desembarcar de \u00f4nibus em Almenara - Aconteceu no Vale","isPartOf":{"@id":"https:\/\/aconteceunovale.com.br\/portal\/#website"},"primaryImageOfPage":{"@id":"https:\/\/aconteceunovale.com.br\/portal\/?p=77918#primaryimage"},"image":{"@id":"https:\/\/aconteceunovale.com.br\/portal\/?p=77918#primaryimage"},"thumbnailUrl":"https:\/\/aconteceunovale.com.br\/portal\/wp-content\/uploads\/2016\/01\/traficante_almenara.jpg","datePublished":"2016-01-29T19:36:52+00:00","dateModified":"2026-09-02T15:03:16+00:00","author":{"@id":"https:\/\/aconteceunovale.com.br\/portal\/#\/schema\/person\/633529146f2c94272bef50ac2953d589"},"breadcrumb":{"@id":"https:\/\/aconteceunovale.com.br\/portal\/?p=77918#breadcrumb"},"inLanguage":"pt-BR","potentialAction":[{"@type":"ReadAction","target":["https:\/\/aconteceunovale.com.br\/portal\/?p=77918"]}]},{"@type":"ImageObject","inLanguage":"pt-BR","@id":"https:\/\/aconteceunovale.com.br\/portal\/?p=77918#primaryimage","url":"https:\/\/aconteceunovale.com.br\/portal\/wp-content\/uploads\/2016\/01\/traficante_almenara.jpg","contentUrl":"https:\/\/aconteceunovale.com.br\/portal\/wp-content\/uploads\/2016\/01\/traficante_almenara.jpg","width":678,"height":381},{"@type":"BreadcrumbList","@id":"https:\/\/aconteceunovale.com.br\/portal\/?p=77918#breadcrumb","itemListElement":[{"@type":"ListItem","position":1,"name":"In\u00edcio","item":"https:\/\/aconteceunovale.com.br\/portal\/"},{"@type":"ListItem","position":2,"name":"Jovem \u00e9 preso com meio quilo de drogas ao desembarcar de \u00f4nibus em Almenara"}]},{"@type":"WebSite","@id":"https:\/\/aconteceunovale.com.br\/portal\/#website","url":"https:\/\/aconteceunovale.com.br\/portal\/","name":"Aconteceu no Vale","description":"Portal de Not\u00edcias","potentialAction":[{"@type":"SearchAction","target":{"@type":"EntryPoint","urlTemplate":"https:\/\/aconteceunovale.com.br\/portal\/?s={search_term_string}"},"query-input":{"@type":"PropertyValueSpecification","valueRequired":true,"valueName":"search_term_string"}}],"inLanguage":"pt-BR"},{"@type":"Person","@id":"https:\/\/aconteceunovale.com.br\/portal\/#\/schema\/person\/633529146f2c94272bef50ac2953d589","name":"Aconteceu no Vale","description":"Equipe de reportagem do Aconteceu no Vale, portal de not\u00edcias do Vale do Jequitinhonha, em Minas Gerais. Cobrimos as 51 cidades do Vale desde 2013. Sugest\u00f5es de pauta e pedidos de corre\u00e7\u00e3o: contato@aconteceunovale.com.br","sameAs":["http:\/\/www.aconteceunovale.com.br"],"url":"https:\/\/aconteceunovale.com.br\/portal\/?author=1"}]}},"_links":{"self":[{"href":"https:\/\/aconteceunovale.com.br\/portal\/index.php?rest_route=\/wp\/v2\/posts\/77918","targetHints":{"allow":["GET"]}}],"collection":[{"href":"https:\/\/aconteceunovale.com.br\/portal\/index.php?rest_route=\/wp\/v2\/posts"}],"about":[{"href":"https:\/\/aconteceunovale.com.br\/portal\/index.php?rest_route=\/wp\/v2\/types\/post"}],"author":[{"embeddable":true,"href":"https:\/\/aconteceunovale.com.br\/portal\/index.php?rest_route=\/wp\/v2\/users\/1"}],"replies":[{"embeddable":true,"href":"https:\/\/aconteceunovale.com.br\/portal\/index.php?rest_route=%2Fwp%2Fv2%2Fcomments&post=77918"}],"version-history":[{"count":1,"href":"https:\/\/aconteceunovale.com.br\/portal\/index.php?rest_route=\/wp\/v2\/posts\/77918\/revisions"}],"predecessor-version":[{"id":199079,"href":"https:\/\/aconteceunovale.com.br\/portal\/index.php?rest_route=\/wp\/v2\/posts\/77918\/revisions\/199079"}],"wp:featuredmedia":[{"embeddable":true,"href":"https:\/\/aconteceunovale.com.br\/portal\/index.php?rest_route=\/wp\/v2\/media\/77919"}],"wp:attachment":[{"href":"https:\/\/aconteceunovale.com.br\/portal\/index.php?rest_route=%2Fwp%2Fv2%2Fmedia&parent=77918"}],"wp:term":[{"taxonomy":"category","embeddable":true,"href":"https:\/\/aconteceunovale.com.br\/portal\/index.php?rest_route=%2Fwp%2Fv2%2Fcategories&post=77918"},{"taxonomy":"post_tag","embeddable":true,"href":"https:\/\/aconteceunovale.com.br\/portal\/index.php?rest_route=%2Fwp%2Fv2%2Ftags&post=77918"}],"curies":[{"name":"wp","href":"https:\/\/api.w.org\/{rel}","templated":true}]}}