{"id":77914,"date":"2016-01-29T16:29:36","date_gmt":"2016-01-29T19:29:36","guid":{"rendered":"http:\/\/aconteceunovale.com.br\/portal\/?p=77914"},"modified":"2026-09-02T12:18:29","modified_gmt":"2026-09-02T15:18:29","slug":"incendio-em-escola-de-aracuai-pode-ter-sido-criminoso","status":"publish","type":"post","link":"https:\/\/aconteceunovale.com.br\/portal\/?p=77914","title":{"rendered":"Inc\u00eandio em escola de Ara\u00e7ua\u00ed pode ter sido criminoso"},"content":{"rendered":"<p>O inc\u00eandio que atingiu o elevador e uma sala da Escola Estadual Manoel Fulg\u00eancio, na regi\u00e3o central de Ara\u00e7ua\u00ed, no Vale do Jequitinhonha, pode ter sido provocado de forma criminosa. A Pol\u00edcia Militar (PM) foi acionada na tarde desta quinta-feira (28\/01) para registrar a ocorr\u00eancia.<\/p>\n<p>Os militares fizeram contato com a Prefeitura Municipal para que fosse cedido um caminh\u00e3o pipa para controlar o fogo. Depois de controlado o fogo, foi constatado danos no elevador e na pintura das paredes do corredor e de uma das salas do pr\u00e9dio.<\/p>\n<p>Uma testemunha que presenciou os fatos, disse que dois suspeitos, sendo um menor de 15 anos e outro jovem de 18, que est\u00e3o alojados na escola, ap\u00f3s amea\u00e7a de inunda\u00e7\u00e3o na regi\u00e3o baixa da cidade, estavam com peda\u00e7os de panos nas m\u00e3os e gritando que a escola havia pegado fogo.<\/p>\n<p>Os suspeitos foram questionados e disseram que estavam na sala de aula, afastados do local do inc\u00eandio. As fam\u00edlias tamb\u00e9m foram retiradas do pr\u00e9dio e j\u00e1 retornaram para suas casas.<\/p>\n<p>O local foi isolado e o fato comunicado ao delegado de Policia Civil, Cristiano Castelucci, que dispensou a presen\u00e7a da per\u00edcia t\u00e9cnica e orientou a liberar os suspeitos por n\u00e3o ter autoria definida.<\/p>\n<p>O menor, juntamente com os pais, e o outro suspeito maior de idade, dever\u00e3o comparecer \u00e0 Delegacia de Pol\u00edcia Civil para esclarecimentos em data a ser agendada.<\/p>\n<p>O acidente n\u00e3o provocar\u00e1 mudan\u00e7as na volta \u00e0s aulas, prevista para o pr\u00f3ximo dia 11 de fevereiro.<\/p>\n<p><img decoding=\"async\" src=\"http:\/\/aconteceunovale.com.br\/portal\/wp-content\/uploads\/2016\/01\/escola_aracuai_1.jpg\" alt=\"\" \/><em>Escola estava abrigando fam\u00edlias desalojadas &#8211; Foto: Gazeta de Ara\u00e7ua\u00ed<\/em><br \/>\n<\/br><\/p>\n<p><img decoding=\"async\" src=\"http:\/\/aconteceunovale.com.br\/portal\/wp-content\/uploads\/2016\/01\/escola_aracuai_2.jpg\" alt=\"\" \/><em>Escola estava abrigando fam\u00edlias desalojadas &#8211; Foto: Gazeta de Ara\u00e7ua\u00ed<\/em><br \/>\n<\/br><\/p>\n<p>(Gazeta de Ara\u00e7ua\u00ed)<\/p>\n","protected":false},"excerpt":{"rendered":"<p>O inc\u00eandio que atingiu o elevador e uma sala da Escola Estadual Manoel Fulg\u00eancio, na regi\u00e3o central de Ara\u00e7ua\u00ed, no Vale do Jequitinhonha, pode ter sido provocado de forma criminosa. A Pol\u00edcia Militar (PM) foi acionada na tarde desta quinta-feira (28\/01) para registrar a ocorr\u00eancia. Os militares fizeram contato com a Prefeitura Municipal para que [&hellip;]<\/p>\n","protected":false},"author":1,"featured_media":77916,"comment_status":"open","ping_status":"closed","sticky":false,"template":"","format":"standard","meta":{"amp_status":"","footnotes":""},"categories":[272530,120],"tags":[186,75600,75599,75598,75601],"class_list":["post-77914","post","type-post","status-publish","format-standard","has-post-thumbnail","hentry","category-aracuai","category-jequi","tag-aracuai","tag-escola-estadual-manoel-fulgencio","tag-incendio-em-escola-de-aracuai","tag-incendio-em-escola-de-aracuai-pode-ter-sido-criminoso","tag-incendio-na-escola-estadual-manoel-fulgencio"],"yoast_head":"<!-- This site is optimized with the Yoast SEO plugin v28.3 - https:\/\/yoast.com\/product\/yoast-seo-wordpress\/ -->\n<title>Inc\u00eandio em escola de Ara\u00e7ua\u00ed pode ter sido criminoso - Aconteceu no Vale<\/title>\n<meta name=\"robots\" content=\"index, follow, max-snippet:-1, max-image-preview:large, max-video-preview:-1\" \/>\n<link rel=\"canonical\" href=\"https:\/\/aconteceunovale.com.br\/portal\/?p=77914\" \/>\n<meta property=\"og:locale\" content=\"pt_BR\" \/>\n<meta property=\"og:type\" content=\"article\" \/>\n<meta property=\"og:title\" content=\"Inc\u00eandio em escola de Ara\u00e7ua\u00ed pode ter sido criminoso - Aconteceu no Vale\" \/>\n<meta property=\"og:description\" content=\"O inc\u00eandio que atingiu o elevador e uma sala da Escola Estadual Manoel Fulg\u00eancio, na regi\u00e3o central de Ara\u00e7ua\u00ed, no Vale do Jequitinhonha, pode ter sido provocado de forma criminosa. A Pol\u00edcia Militar (PM) foi acionada na tarde desta quinta-feira (28\/01) para registrar a ocorr\u00eancia. Os militares fizeram contato com a Prefeitura Municipal para que [&hellip;]\" \/>\n<meta property=\"og:url\" content=\"https:\/\/aconteceunovale.com.br\/portal\/?p=77914\" \/>\n<meta property=\"og:site_name\" content=\"Aconteceu no Vale\" \/>\n<meta property=\"article:publisher\" content=\"https:\/\/www.facebook.com\/aconteceunovale\/\" \/>\n<meta property=\"article:published_time\" content=\"2016-01-29T19:29:36+00:00\" \/>\n<meta property=\"article:modified_time\" content=\"2026-09-02T15:18:29+00:00\" \/>\n<meta property=\"og:image\" content=\"https:\/\/aconteceunovale.com.br\/portal\/wp-content\/uploads\/2016\/01\/escola_aracuai_2.jpg\" \/>\n\t<meta property=\"og:image:width\" content=\"656\" \/>\n\t<meta property=\"og:image:height\" content=\"400\" \/>\n\t<meta property=\"og:image:type\" content=\"image\/jpeg\" \/>\n<meta name=\"author\" content=\"Aconteceu no Vale\" \/>\n<meta name=\"twitter:card\" content=\"summary_large_image\" \/>\n<meta name=\"twitter:creator\" content=\"@noticiadosvales\" \/>\n<meta name=\"twitter:site\" content=\"@noticiadosvales\" \/>\n<meta name=\"twitter:label1\" content=\"Escrito por\" \/>\n\t<meta name=\"twitter:data1\" content=\"Aconteceu no Vale\" \/>\n\t<meta name=\"twitter:label2\" content=\"Est. tempo de leitura\" \/>\n\t<meta name=\"twitter:data2\" content=\"1 minuto\" \/>\n<script type=\"application\/ld+json\" class=\"yoast-schema-graph\">{\"@context\":\"https:\\\/\\\/schema.org\",\"@graph\":[{\"@type\":\"Article\",\"@id\":\"https:\\\/\\\/aconteceunovale.com.br\\\/portal\\\/?p=77914#article\",\"isPartOf\":{\"@id\":\"https:\\\/\\\/aconteceunovale.com.br\\\/portal\\\/?p=77914\"},\"author\":{\"name\":\"Aconteceu no Vale\",\"@id\":\"https:\\\/\\\/aconteceunovale.com.br\\\/portal\\\/#\\\/schema\\\/person\\\/633529146f2c94272bef50ac2953d589\"},\"headline\":\"Inc\u00eandio em escola de Ara\u00e7ua\u00ed pode ter sido criminoso\",\"datePublished\":\"2016-01-29T19:29:36+00:00\",\"dateModified\":\"2026-09-02T15:18:29+00:00\",\"mainEntityOfPage\":{\"@id\":\"https:\\\/\\\/aconteceunovale.com.br\\\/portal\\\/?p=77914\"},\"wordCount\":307,\"commentCount\":0,\"image\":{\"@id\":\"https:\\\/\\\/aconteceunovale.com.br\\\/portal\\\/?p=77914#primaryimage\"},\"thumbnailUrl\":\"https:\\\/\\\/aconteceunovale.com.br\\\/portal\\\/wp-content\\\/uploads\\\/2016\\\/01\\\/escola_aracuai_2.jpg\",\"keywords\":[\"Ara\u00e7ua\u00ed\",\"Escola Estadual Manoel Fulg\u00eancio\",\"Inc\u00eandio em escola de Ara\u00e7ua\u00ed\",\"Inc\u00eandio em escola de Ara\u00e7ua\u00ed pode ter sido criminoso\",\"Inc\u00eandio na Escola Estadual Manoel Fulg\u00eancio\"],\"articleSection\":[\"Ara\u00e7ua\u00ed\",\"Vale do Jequitinhonha\"],\"inLanguage\":\"pt-BR\",\"potentialAction\":[{\"@type\":\"CommentAction\",\"name\":\"Comment\",\"target\":[\"https:\\\/\\\/aconteceunovale.com.br\\\/portal\\\/?p=77914#respond\"]}]},{\"@type\":\"WebPage\",\"@id\":\"https:\\\/\\\/aconteceunovale.com.br\\\/portal\\\/?p=77914\",\"url\":\"https:\\\/\\\/aconteceunovale.com.br\\\/portal\\\/?p=77914\",\"name\":\"Inc\u00eandio em escola de Ara\u00e7ua\u00ed pode ter sido criminoso - Aconteceu no Vale\",\"isPartOf\":{\"@id\":\"https:\\\/\\\/aconteceunovale.com.br\\\/portal\\\/#website\"},\"primaryImageOfPage\":{\"@id\":\"https:\\\/\\\/aconteceunovale.com.br\\\/portal\\\/?p=77914#primaryimage\"},\"image\":{\"@id\":\"https:\\\/\\\/aconteceunovale.com.br\\\/portal\\\/?p=77914#primaryimage\"},\"thumbnailUrl\":\"https:\\\/\\\/aconteceunovale.com.br\\\/portal\\\/wp-content\\\/uploads\\\/2016\\\/01\\\/escola_aracuai_2.jpg\",\"datePublished\":\"2016-01-29T19:29:36+00:00\",\"dateModified\":\"2026-09-02T15:18:29+00:00\",\"author\":{\"@id\":\"https:\\\/\\\/aconteceunovale.com.br\\\/portal\\\/#\\\/schema\\\/person\\\/633529146f2c94272bef50ac2953d589\"},\"breadcrumb\":{\"@id\":\"https:\\\/\\\/aconteceunovale.com.br\\\/portal\\\/?p=77914#breadcrumb\"},\"inLanguage\":\"pt-BR\",\"potentialAction\":[{\"@type\":\"ReadAction\",\"target\":[\"https:\\\/\\\/aconteceunovale.com.br\\\/portal\\\/?p=77914\"]}]},{\"@type\":\"ImageObject\",\"inLanguage\":\"pt-BR\",\"@id\":\"https:\\\/\\\/aconteceunovale.com.br\\\/portal\\\/?p=77914#primaryimage\",\"url\":\"https:\\\/\\\/aconteceunovale.com.br\\\/portal\\\/wp-content\\\/uploads\\\/2016\\\/01\\\/escola_aracuai_2.jpg\",\"contentUrl\":\"https:\\\/\\\/aconteceunovale.com.br\\\/portal\\\/wp-content\\\/uploads\\\/2016\\\/01\\\/escola_aracuai_2.jpg\",\"width\":656,\"height\":400},{\"@type\":\"BreadcrumbList\",\"@id\":\"https:\\\/\\\/aconteceunovale.com.br\\\/portal\\\/?p=77914#breadcrumb\",\"itemListElement\":[{\"@type\":\"ListItem\",\"position\":1,\"name\":\"In\u00edcio\",\"item\":\"https:\\\/\\\/aconteceunovale.com.br\\\/portal\\\/\"},{\"@type\":\"ListItem\",\"position\":2,\"name\":\"Inc\u00eandio em escola de Ara\u00e7ua\u00ed pode ter sido criminoso\"}]},{\"@type\":\"WebSite\",\"@id\":\"https:\\\/\\\/aconteceunovale.com.br\\\/portal\\\/#website\",\"url\":\"https:\\\/\\\/aconteceunovale.com.br\\\/portal\\\/\",\"name\":\"Aconteceu no Vale\",\"description\":\"Portal de Not\u00edcias\",\"potentialAction\":[{\"@type\":\"SearchAction\",\"target\":{\"@type\":\"EntryPoint\",\"urlTemplate\":\"https:\\\/\\\/aconteceunovale.com.br\\\/portal\\\/?s={search_term_string}\"},\"query-input\":{\"@type\":\"PropertyValueSpecification\",\"valueRequired\":true,\"valueName\":\"search_term_string\"}}],\"inLanguage\":\"pt-BR\"},{\"@type\":\"Person\",\"@id\":\"https:\\\/\\\/aconteceunovale.com.br\\\/portal\\\/#\\\/schema\\\/person\\\/633529146f2c94272bef50ac2953d589\",\"name\":\"Aconteceu no Vale\",\"description\":\"Equipe de reportagem do Aconteceu no Vale, portal de not\u00edcias do Vale do Jequitinhonha, em Minas Gerais. Cobrimos as 51 cidades do Vale desde 2013. Sugest\u00f5es de pauta e pedidos de corre\u00e7\u00e3o: contato@aconteceunovale.com.br\",\"sameAs\":[\"http:\\\/\\\/www.aconteceunovale.com.br\"],\"url\":\"https:\\\/\\\/aconteceunovale.com.br\\\/portal\\\/?author=1\"}]}<\/script>\n<!-- \/ Yoast SEO plugin. -->","yoast_head_json":{"title":"Inc\u00eandio em escola de Ara\u00e7ua\u00ed pode ter sido criminoso - Aconteceu no Vale","robots":{"index":"index","follow":"follow","max-snippet":"max-snippet:-1","max-image-preview":"max-image-preview:large","max-video-preview":"max-video-preview:-1"},"canonical":"https:\/\/aconteceunovale.com.br\/portal\/?p=77914","og_locale":"pt_BR","og_type":"article","og_title":"Inc\u00eandio em escola de Ara\u00e7ua\u00ed pode ter sido criminoso - Aconteceu no Vale","og_description":"O inc\u00eandio que atingiu o elevador e uma sala da Escola Estadual Manoel Fulg\u00eancio, na regi\u00e3o central de Ara\u00e7ua\u00ed, no Vale do Jequitinhonha, pode ter sido provocado de forma criminosa. A Pol\u00edcia Militar (PM) foi acionada na tarde desta quinta-feira (28\/01) para registrar a ocorr\u00eancia. Os militares fizeram contato com a Prefeitura Municipal para que [&hellip;]","og_url":"https:\/\/aconteceunovale.com.br\/portal\/?p=77914","og_site_name":"Aconteceu no Vale","article_publisher":"https:\/\/www.facebook.com\/aconteceunovale\/","article_published_time":"2016-01-29T19:29:36+00:00","article_modified_time":"2026-09-02T15:18:29+00:00","og_image":[{"width":656,"height":400,"url":"https:\/\/aconteceunovale.com.br\/portal\/wp-content\/uploads\/2016\/01\/escola_aracuai_2.jpg","type":"image\/jpeg"}],"author":"Aconteceu no Vale","twitter_card":"summary_large_image","twitter_creator":"@noticiadosvales","twitter_site":"@noticiadosvales","twitter_misc":{"Escrito por":"Aconteceu no Vale","Est. tempo de leitura":"1 minuto"},"schema":{"@context":"https:\/\/schema.org","@graph":[{"@type":"Article","@id":"https:\/\/aconteceunovale.com.br\/portal\/?p=77914#article","isPartOf":{"@id":"https:\/\/aconteceunovale.com.br\/portal\/?p=77914"},"author":{"name":"Aconteceu no Vale","@id":"https:\/\/aconteceunovale.com.br\/portal\/#\/schema\/person\/633529146f2c94272bef50ac2953d589"},"headline":"Inc\u00eandio em escola de Ara\u00e7ua\u00ed pode ter sido criminoso","datePublished":"2016-01-29T19:29:36+00:00","dateModified":"2026-09-02T15:18:29+00:00","mainEntityOfPage":{"@id":"https:\/\/aconteceunovale.com.br\/portal\/?p=77914"},"wordCount":307,"commentCount":0,"image":{"@id":"https:\/\/aconteceunovale.com.br\/portal\/?p=77914#primaryimage"},"thumbnailUrl":"https:\/\/aconteceunovale.com.br\/portal\/wp-content\/uploads\/2016\/01\/escola_aracuai_2.jpg","keywords":["Ara\u00e7ua\u00ed","Escola Estadual Manoel Fulg\u00eancio","Inc\u00eandio em escola de Ara\u00e7ua\u00ed","Inc\u00eandio em escola de Ara\u00e7ua\u00ed pode ter sido criminoso","Inc\u00eandio na Escola Estadual Manoel Fulg\u00eancio"],"articleSection":["Ara\u00e7ua\u00ed","Vale do Jequitinhonha"],"inLanguage":"pt-BR","potentialAction":[{"@type":"CommentAction","name":"Comment","target":["https:\/\/aconteceunovale.com.br\/portal\/?p=77914#respond"]}]},{"@type":"WebPage","@id":"https:\/\/aconteceunovale.com.br\/portal\/?p=77914","url":"https:\/\/aconteceunovale.com.br\/portal\/?p=77914","name":"Inc\u00eandio em escola de Ara\u00e7ua\u00ed pode ter sido criminoso - Aconteceu no Vale","isPartOf":{"@id":"https:\/\/aconteceunovale.com.br\/portal\/#website"},"primaryImageOfPage":{"@id":"https:\/\/aconteceunovale.com.br\/portal\/?p=77914#primaryimage"},"image":{"@id":"https:\/\/aconteceunovale.com.br\/portal\/?p=77914#primaryimage"},"thumbnailUrl":"https:\/\/aconteceunovale.com.br\/portal\/wp-content\/uploads\/2016\/01\/escola_aracuai_2.jpg","datePublished":"2016-01-29T19:29:36+00:00","dateModified":"2026-09-02T15:18:29+00:00","author":{"@id":"https:\/\/aconteceunovale.com.br\/portal\/#\/schema\/person\/633529146f2c94272bef50ac2953d589"},"breadcrumb":{"@id":"https:\/\/aconteceunovale.com.br\/portal\/?p=77914#breadcrumb"},"inLanguage":"pt-BR","potentialAction":[{"@type":"ReadAction","target":["https:\/\/aconteceunovale.com.br\/portal\/?p=77914"]}]},{"@type":"ImageObject","inLanguage":"pt-BR","@id":"https:\/\/aconteceunovale.com.br\/portal\/?p=77914#primaryimage","url":"https:\/\/aconteceunovale.com.br\/portal\/wp-content\/uploads\/2016\/01\/escola_aracuai_2.jpg","contentUrl":"https:\/\/aconteceunovale.com.br\/portal\/wp-content\/uploads\/2016\/01\/escola_aracuai_2.jpg","width":656,"height":400},{"@type":"BreadcrumbList","@id":"https:\/\/aconteceunovale.com.br\/portal\/?p=77914#breadcrumb","itemListElement":[{"@type":"ListItem","position":1,"name":"In\u00edcio","item":"https:\/\/aconteceunovale.com.br\/portal\/"},{"@type":"ListItem","position":2,"name":"Inc\u00eandio em escola de Ara\u00e7ua\u00ed pode ter sido criminoso"}]},{"@type":"WebSite","@id":"https:\/\/aconteceunovale.com.br\/portal\/#website","url":"https:\/\/aconteceunovale.com.br\/portal\/","name":"Aconteceu no Vale","description":"Portal de Not\u00edcias","potentialAction":[{"@type":"SearchAction","target":{"@type":"EntryPoint","urlTemplate":"https:\/\/aconteceunovale.com.br\/portal\/?s={search_term_string}"},"query-input":{"@type":"PropertyValueSpecification","valueRequired":true,"valueName":"search_term_string"}}],"inLanguage":"pt-BR"},{"@type":"Person","@id":"https:\/\/aconteceunovale.com.br\/portal\/#\/schema\/person\/633529146f2c94272bef50ac2953d589","name":"Aconteceu no Vale","description":"Equipe de reportagem do Aconteceu no Vale, portal de not\u00edcias do Vale do Jequitinhonha, em Minas Gerais. Cobrimos as 51 cidades do Vale desde 2013. Sugest\u00f5es de pauta e pedidos de corre\u00e7\u00e3o: contato@aconteceunovale.com.br","sameAs":["http:\/\/www.aconteceunovale.com.br"],"url":"https:\/\/aconteceunovale.com.br\/portal\/?author=1"}]}},"_links":{"self":[{"href":"https:\/\/aconteceunovale.com.br\/portal\/index.php?rest_route=\/wp\/v2\/posts\/77914","targetHints":{"allow":["GET"]}}],"collection":[{"href":"https:\/\/aconteceunovale.com.br\/portal\/index.php?rest_route=\/wp\/v2\/posts"}],"about":[{"href":"https:\/\/aconteceunovale.com.br\/portal\/index.php?rest_route=\/wp\/v2\/types\/post"}],"author":[{"embeddable":true,"href":"https:\/\/aconteceunovale.com.br\/portal\/index.php?rest_route=\/wp\/v2\/users\/1"}],"replies":[{"embeddable":true,"href":"https:\/\/aconteceunovale.com.br\/portal\/index.php?rest_route=%2Fwp%2Fv2%2Fcomments&post=77914"}],"version-history":[{"count":1,"href":"https:\/\/aconteceunovale.com.br\/portal\/index.php?rest_route=\/wp\/v2\/posts\/77914\/revisions"}],"predecessor-version":[{"id":199597,"href":"https:\/\/aconteceunovale.com.br\/portal\/index.php?rest_route=\/wp\/v2\/posts\/77914\/revisions\/199597"}],"wp:featuredmedia":[{"embeddable":true,"href":"https:\/\/aconteceunovale.com.br\/portal\/index.php?rest_route=\/wp\/v2\/media\/77916"}],"wp:attachment":[{"href":"https:\/\/aconteceunovale.com.br\/portal\/index.php?rest_route=%2Fwp%2Fv2%2Fmedia&parent=77914"}],"wp:term":[{"taxonomy":"category","embeddable":true,"href":"https:\/\/aconteceunovale.com.br\/portal\/index.php?rest_route=%2Fwp%2Fv2%2Fcategories&post=77914"},{"taxonomy":"post_tag","embeddable":true,"href":"https:\/\/aconteceunovale.com.br\/portal\/index.php?rest_route=%2Fwp%2Fv2%2Ftags&post=77914"}],"curies":[{"name":"wp","href":"https:\/\/api.w.org\/{rel}","templated":true}]}}